{"id":12110,"date":"2026-01-07T10:00:00","date_gmt":"2026-01-07T13:00:00","guid":{"rendered":"https:\/\/noticiasregionais.com.br\/?p=12110"},"modified":"2026-01-07T10:00:00","modified_gmt":"2026-01-07T13:00:00","slug":"ma-municipios-da-macrorregiao-norte-mobilizados-para-elevar-vacinacao-de-criancas-e-adolescentes","status":"publish","type":"post","link":"https:\/\/noticiasregionais.com.br\/?p=12110","title":{"rendered":"MA: munic\u00edpios da Macrorregi\u00e3o Norte mobilizados para elevar vacina\u00e7\u00e3o de crian\u00e7as e adolescentes"},"content":{"rendered":"<p>\t\t\t\t\t\t\t\t\t\t\t<audio controls class=\"b61_audio_player\" data-noticia=\"86516\" src=\"https:\/\/brasil61.com\/rails\/active_storage\/blobs\/eyJfcmFpbHMiOnsibWVzc2FnZSI6IkJBaHBBNHJlQXc9PSIsImV4cCI6bnVsbCwicHVyIjoiYmxvYl9pZCJ9fQ==--95c7c4e8af2f6823fb06c680ff70aaca9e39a327\/VACI250306A\"><\/audio><\/p>\n<p>Os 127 munic\u00edpios da Macrorregi\u00e3o Norte de Sa\u00fade do Maranh\u00e3o \u2013 entre eles Bacabal, Cururupu, Pinheiro, Ros\u00e1rio, Santa In\u00eas e S\u00e3o Lu\u00eds \u2013 seguem mobilizados na vacina\u00e7\u00e3o de crian\u00e7as e adolescentes.<\/p>\n<p>As coberturas vacinais registradas desde janeiro na macrorregi\u00e3o preocupam. Vacinas, como a de poliomielite e a tr\u00edplice viral, que \u00a0protege contra o sarampo, est\u00e3o abaixo da meta estabelecida pelo Minist\u00e9rio da Sa\u00fade.<\/p>\n<p>Para mudar esse cen\u00e1rio, os munic\u00edpios refor\u00e7am a\u00e7\u00f5es junto \u00e0s comunidades. Em Cururupu, equipes montam pontos estrat\u00e9gicos em \u00e1reas de grande circula\u00e7\u00e3o. Foi em uma delas, no bairro de Taguatinga, que a moradora Maria Francilene, de 56 anos, atualizou a caderneta de vacina\u00e7\u00e3o da neta Maria Helena, de 6 anos.\u00a0<\/p>\n<p><i>\u201cComo av\u00f3, tenho a preocupa\u00e7\u00e3o de manter [a caderneta de vacina\u00e7\u00e3o da neta] atualizada. Devido a determinadas doen\u00e7as que est\u00e3o \u2018sendo avan\u00e7adas\u2019.\u201d\u00a0<\/i><\/p>\n<p>A mobiliza\u00e7\u00e3o para aumentar as taxas vacinais segue no estado. A chefe do Departamento de Doen\u00e7as Imunopreven\u00edveis da Secretaria de Estado da Sa\u00fade, Halice Figueiredo, detalha.<\/p>\n<p><i>\u201cAs prioridades nos pr\u00f3ximos meses \u00e9 manter e ampliar as coberturas vacinais. Intensificar a vacina\u00e7\u00e3o nas escolas. Orientar os munic\u00edpios sobre a comunica\u00e7\u00e3o e amplia\u00e7\u00e3o dos pontos de vacina\u00e7\u00e3o. Fortalecer os comit\u00eas municipais de microplanejamento e refor\u00e7ar a vigil\u00e2ncia epidemiol\u00f3gica para evitar o retorno de doen\u00e7as j\u00e1 controladas.\u201d <\/i><\/p>\n<p>O esfor\u00e7o \u00e9 para garantir a atualiza\u00e7\u00e3o da caderneta de vacina\u00e7\u00e3o de crian\u00e7as e adolescentes menores de 15 anos. As vacinas fazem parte do Calend\u00e1rio Nacional de Vacina\u00e7\u00e3o e est\u00e3o dispon\u00edveis durante todo o ano nas Unidades B\u00e1sicas de Sa\u00fade.<\/p>\n<p>As vacinas para as crian\u00e7as garantem prote\u00e7\u00e3o contra doen\u00e7as como sarampo, poliomielite, tuberculose, hepatite B, meningites,difteria, t\u00e9tano, coqueluche, HPV, febre amarela e Covid-19.<\/p>\n<p>Para os adolescentes menores de 15 anos, o foco \u00e9 atualizar a situa\u00e7\u00e3o vacinal, completando esquemas em atraso \u00a0de suas vacinas \u00c9 importante lembrar que a vacina de HPV est\u00e1 dispon\u00edvel para jovens de 15 a 19 anos at\u00e9 junho de 2026.\u00a0<\/p>\n<p>O diretor do Departamento do Programa Nacional de Imuniza\u00e7\u00f5es, Eder Gatti, ressalta que a vacina\u00e7\u00e3o \u00e9 a melhor medida para manter o pa\u00eds livre das doen\u00e7as j\u00e1 controladas, como poliomielite e sarampo. Fa\u00e7a sua parte!<\/p>\n<p><i>\u201cTivemos grande \u00eaxito, mas n\u00e3o podemos deixar que essas doen\u00e7as retornem. Ent\u00e3o, \u00e9 muito importante que a popula\u00e7\u00e3o se vacine. As vacinas do SUS [Sistema \u00danico de Sa\u00fade] s\u00e3o muito boas, s\u00e3o seguras e protegem, o que \u00e9 mais importante. Ent\u00e3o, vacinar \u00e9 uma prote\u00e7\u00e3o individual, mas tamb\u00e9m prote\u00e7\u00e3o de toda a comunidade.\u201d<\/i><\/p>\n<p>Aten\u00e7\u00e3o pais e respons\u00e1veis do Maranh\u00e3o! Atualizem a caderneta de vacina\u00e7\u00e3o de crian\u00e7as e adolescentes menores de 15 anos. Procurem uma Unidade B\u00e1sica de Sa\u00fade e mantenham a prote\u00e7\u00e3o em dia.<\/p>\n<p>Saiba mais em <a href=\"http:\/\/gov.br\/vacinacao\" target=\"_blank\" rel=\"noopener\">gov.br\/vacinacao<\/a>.<\/p>\n<p>\t\t\t\t\t\t\t\t\t\t<img decoding=\"async\" src=\"https:\/\/brasil61.com\/api\/v1\/serve_pixel\/22254\/86516\" alt=\"Pixel Brasil 61\" class=\"b61_pixel\" width=\"0\" height=\"0\"><\/p>\n<div class=\"br61_backlink\">\n<p>\n\t\t\t\tFonte: <a href=\"https:\/\/brasil61.com\/ma-municipios-da-macrorregiao-norte-mobilizados-para-elevar-vacinacao-de-criancas-e-adolescentes-vaci250306\" title=\"Artigo Original: MA: munic\u00edpios da Macrorregi\u00e3o Norte mobilizados para elevar vacina\u00e7\u00e3o de crian\u00e7as e adolescentes\" target=\"_blank\" rel=\"noopener\">Brasil 61<\/a>\n\t\t\t<\/p>\n<\/p><\/div>\n<input type=\"hidden\" id=\"baseurl\" value=\"https:\/\/noticiasregionais.com.br\"><input type=\"hidden\" id=\"audio_nonce\" value=\"533fbb67b1\">","protected":false},"excerpt":{"rendered":"<p>Mobiliza\u00e7\u00e3o refor\u00e7a a import\u00e2ncia da vacina\u00e7\u00e3o como cuidado essencial para a sa\u00fade e o futuro de crian\u00e7as e adolescentes.<\/p>\n","protected":false},"author":1,"featured_media":12111,"comment_status":"","ping_status":"open","sticky":false,"template":"","format":"standard","meta":{"sfsi_plus_gutenberg_text_before_share":"","sfsi_plus_gutenberg_show_text_before_share":"","sfsi_plus_gutenberg_icon_type":"","sfsi_plus_gutenberg_icon_alignemt":"","sfsi_plus_gutenburg_max_per_row":"","footnotes":""},"categories":[8],"tags":[],"class_list":["post-12110","post","type-post","status-publish","format-standard","has-post-thumbnail","hentry","category-brasil"],"_links":{"self":[{"href":"https:\/\/noticiasregionais.com.br\/index.php?rest_route=\/wp\/v2\/posts\/12110","targetHints":{"allow":["GET"]}}],"collection":[{"href":"https:\/\/noticiasregionais.com.br\/index.php?rest_route=\/wp\/v2\/posts"}],"about":[{"href":"https:\/\/noticiasregionais.com.br\/index.php?rest_route=\/wp\/v2\/types\/post"}],"author":[{"embeddable":true,"href":"https:\/\/noticiasregionais.com.br\/index.php?rest_route=\/wp\/v2\/users\/1"}],"replies":[{"embeddable":true,"href":"https:\/\/noticiasregionais.com.br\/index.php?rest_route=%2Fwp%2Fv2%2Fcomments&post=12110"}],"version-history":[{"count":0,"href":"https:\/\/noticiasregionais.com.br\/index.php?rest_route=\/wp\/v2\/posts\/12110\/revisions"}],"wp:featuredmedia":[{"embeddable":true,"href":"https:\/\/noticiasregionais.com.br\/index.php?rest_route=\/wp\/v2\/media\/12111"}],"wp:attachment":[{"href":"https:\/\/noticiasregionais.com.br\/index.php?rest_route=%2Fwp%2Fv2%2Fmedia&parent=12110"}],"wp:term":[{"taxonomy":"category","embeddable":true,"href":"https:\/\/noticiasregionais.com.br\/index.php?rest_route=%2Fwp%2Fv2%2Fcategories&post=12110"},{"taxonomy":"post_tag","embeddable":true,"href":"https:\/\/noticiasregionais.com.br\/index.php?rest_route=%2Fwp%2Fv2%2Ftags&post=12110"}],"curies":[{"name":"wp","href":"https:\/\/api.w.org\/{rel}","templated":true}]}}