{"id":12126,"date":"2026-01-08T04:20:00","date_gmt":"2026-01-08T07:20:00","guid":{"rendered":"https:\/\/noticiasregionais.com.br\/?p=12126"},"modified":"2026-01-08T04:20:00","modified_gmt":"2026-01-08T07:20:00","slug":"mercado-imobiliario-balneario-camboriu-tem-o-metro-quadrado-mais-caro-do-brasil-em-2025","status":"publish","type":"post","link":"https:\/\/noticiasregionais.com.br\/?p=12126","title":{"rendered":"Mercado imobili\u00e1rio: Balne\u00e1rio Cambori\u00fa tem o metro quadrado mais caro do Brasil em 2025"},"content":{"rendered":"<p>\t\t\t\t\t\t\t\t\t\t\t<audio controls class=\"b61_audio_player\" data-noticia=\"86885\" src=\"https:\/\/brasil61.com\/rails\/active_storage\/blobs\/eyJfcmFpbHMiOnsibWVzc2FnZSI6IkJBaHBBODdlQXc9PSIsImV4cCI6bnVsbCwicHVyIjoiYmxvYl9pZCJ9fQ==--4c7bd607221eee4ed0ebf139563e85d9058b39a4\/BRAS2615508A\"><\/audio><\/p>\n<p>Em <strong>dezembro de 2025, Balne\u00e1rio Cambori\u00fa (SC) registrou o metro quadrado mais caro do pa\u00eds.<\/strong> Com <strong>pre\u00e7o m\u00e9dio de R$ 14.906, o munic\u00edpio liderou o ranking das 56 cidades <\/strong>monitoradas pelo <a href=\"http:\/\/www.fipe.org.br\/pt-br\/publicacoes\/relatorios\/#relatorio-fipezap&amp;fipezap\" target=\"_blank\" rel=\"noopener\">\u00cdndice FipeZAP<\/a>, consolidando-se como o mercado imobili\u00e1rio mais valorizado do Brasil.<\/p>\n<p>O desempenho <strong>superou o de importantes capitais, como S\u00e3o Paulo, onde o metro quadrado alcan\u00e7ou R$ 11.900, Rio de Janeiro, com R$ 10.830, e at\u00e9 Florian\u00f3polis, cuja m\u00e9dia foi de R$ 12.773.<\/strong> A segunda colocada no ranking tamb\u00e9m \u00e9 catarinense: Itapema, com valor de R$ 14.843 por metro quadrado.<\/p>\n<p>Balne\u00e1rio Cambori\u00fa vem atravessando um ciclo prolongado de valoriza\u00e7\u00e3o. De acordo com o Portal InfoMoney, os <strong>n\u00fameros refor\u00e7am a posi\u00e7\u00e3o da cidade como um dos principais polos de im\u00f3veis de alto padr\u00e3o do pa\u00eds.<\/strong><\/p>\n<p>A <strong>escassez de terrenos dispon\u00edveis, <\/strong>sobretudo nas \u00e1reas mais disputadas da orla, \u00e9 um dos fatores que pressionam os pre\u00e7os. Ao mesmo tempo, a demanda continua aquecida, impulsionada por <strong>compradores de alta renda, investidores e interessados em segunda resid\u00eancia, s<\/strong>egundo o InfoMoney.<\/p>\n<p>O lan\u00e7amento de empreendimentos residenciais verticais de luxo nos \u00faltimos anos tamb\u00e9m contribuiu para a valoriza\u00e7\u00e3o local, elevando o pre\u00e7o das unidades. Em 2025, o <a href=\"http:\/\/downloads.fipe.org.br\/indices\/fipezap\/fipezap-202512-residencial-venda-pub.pdf\" target=\"_blank\" rel=\"noopener\">\u00cdndice FipeZAP acumulou alta de 6,52%<\/a>, a segunda maior dos \u00faltimos 11 anos, superando inclusive a infla\u00e7\u00e3o ao consumidor.\u00a0<\/p>\n<h2>Confira o ranking das cidades com o metro quadrado mais caro do Brasil<\/h2>\n<p>As dez cidades que figuram na lideran\u00e7a <strong>est\u00e3o concentradas em duas regi\u00f5es, a\u00a0Sul e a Sudeste.<\/strong> O destaque vai para os estados de Santa Catarina, Esp\u00edrito Santo e S\u00e3o Paulo. J\u00e1 <strong>o metro quadrado mais barato foi identificado em Pelotas (RS).<\/strong>\u00a0Veja o ranking (em reais):<\/p>\n<ol>\n<li>Balne\u00e1rio Cambori\u00fa (SC) \u2013 14.906<\/li>\n<li>Itapema (SC) \u2013 14.843<\/li>\n<li>Vit\u00f3ria (ES) \u2013 14.108<\/li>\n<li>Itaja\u00ed (SC) \u2013 12.843<\/li>\n<li>Florian\u00f3polis (SC) \u2013 12.773<\/li>\n<li>S\u00e3o Paulo (SP) \u2013 11.900<\/li>\n<li>Barueri (SP) \u2013 11.696<\/li>\n<li>Rio de Janeiro (RJ) \u2013 10.686<\/li>\n<li>Belo Horizonte (MG) \u2013 10.366<\/li>\n<li>Vila Velha (ES) \u2013 10.242<\/li>\n<li>Macei\u00f3 (AL) \u2013 9.836<\/li>\n<li>Bras\u00edlia (DF) \u2013 9.754<\/li>\n<li>S\u00e3o Caetano do Sul (SP) \u2013 9.477<\/li>\n<li>S\u00e3o Jos\u00e9 dos Campos (SP) \u2013 9.024<\/li>\n<li>Fortaleza (CE) \u2013 8.936<\/li>\n<li>S\u00e3o Jos\u00e9 (SC) \u2013 8.870<\/li>\n<li>Sorocaba (SP) \u2013 8.517<\/li>\n<li>Recife (PE) \u2013 8.467<\/li>\n<li>Osasco (SP) \u2013 8.367<\/li>\n<li>Bel\u00e9m (PA) \u2013 8.154<\/li>\n<li>Goi\u00e2nia (GO) \u2013 8.139<\/li>\n<li>Curitiba (PR) \u2013 8.083<\/li>\n<li>Santos (SP) \u2013 8.053<\/li>\n<li>Salvador (BA) \u2013 7.972<\/li>\n<li>Jo\u00e3o Pessoa (PB) \u2013 7.872<\/li>\n<li>Blumenau (SC) \u2013 7.645<\/li>\n<li>Niter\u00f3i (RJ) \u2013 7.643<\/li>\n<li>Santo Andr\u00e9 (SP) \u2013 7.623<\/li>\n<li>Campinas (SP) \u2013 7.540<\/li>\n<li>Porto Alegre (RS) \u2013 7.505<\/li>\n<li>Manaus (AM) \u2013 7.189<\/li>\n<li>Guarulhos (SP) \u2013 7.142<\/li>\n<li>S\u00e3o Bernardo do Campo (SP) \u2013 7.051<\/li>\n<li>Cuiab\u00e1 (MT) \u2013 6.801<\/li>\n<li>Diadema (SP) \u2013 6.671<\/li>\n<li>Praia Grande (SP) \u2013 6.658<\/li>\n<li>Guaruj\u00e1 (SP) \u2013 6.474<\/li>\n<li>Campo Grande (MS) \u2013 6.438<\/li>\n<li>Caxias do Sul (RS) \u2013 6.100<\/li>\n<li>Natal (RN) \u2013 6.146<\/li>\n<li>Jaboat\u00e3o dos Guararapes (PE) \u2013 5.920<\/li>\n<li>S\u00e3o Jos\u00e9 dos Pinhais (PR) \u2013 5.848<\/li>\n<li>S\u00e3o Jos\u00e9 do Rio Preto (SP) \u2013 5.825<\/li>\n<li>S\u00e3o Lu\u00eds (MA) \u2013 5.816<\/li>\n<li>Contagem (MG) \u2013 5.789<\/li>\n<li>Londrina (PR) \u2013 5.775<\/li>\n<li>Santa Maria (RS) \u2013 5.416<\/li>\n<li>Novo Hamburgo (RS) \u2013 5.346<\/li>\n<li>Aracaju (SE) \u2013 5.282<\/li>\n<li>Ribeir\u00e3o Preto (SP) \u2013 5.220<\/li>\n<li>S\u00e3o Leopoldo (RS) \u2013 4.770<\/li>\n<li>S\u00e3o Vicente (SP) \u2013 4.700<\/li>\n<li>Pelotas (RS) \u2013 4.353<br \/>\n\t\u00a0<\/li>\n<\/ol>\n<p>\t\t\t\t\t\t\t\t\t\t<img decoding=\"async\" src=\"https:\/\/brasil61.com\/api\/v1\/serve_pixel\/22254\/86885\" alt=\"Pixel Brasil 61\" class=\"b61_pixel\" width=\"0\" height=\"0\"><\/p>\n<div class=\"br61_backlink\">\n<p>\n\t\t\t\tFonte: <a href=\"https:\/\/brasil61.com\/mercado-imobiliario-balneario-camboriu-tem-o-metro-quadrado-mais-caro-do-brasil-em-2025-bras2615508\" title=\"Artigo Original: Mercado imobili\u00e1rio: Balne\u00e1rio Cambori\u00fa tem o metro quadrado mais caro do Brasil em 2025\" target=\"_blank\" rel=\"noopener\">Brasil 61<\/a>\n\t\t\t<\/p>\n<\/p><\/div>\n<input type=\"hidden\" id=\"baseurl\" value=\"https:\/\/noticiasregionais.com.br\"><input type=\"hidden\" id=\"audio_nonce\" value=\"533fbb67b1\">","protected":false},"excerpt":{"rendered":"<p>Com pre\u00e7o m\u00e9dio de R$ 14.906, cidade catarinense lidera o \u00cdndice FipeZAP e supera capitais como S\u00e3o Paulo, Rio e Florian\u00f3polis<\/p>\n","protected":false},"author":1,"featured_media":12127,"comment_status":"","ping_status":"open","sticky":false,"template":"","format":"standard","meta":{"sfsi_plus_gutenberg_text_before_share":"","sfsi_plus_gutenberg_show_text_before_share":"","sfsi_plus_gutenberg_icon_type":"","sfsi_plus_gutenberg_icon_alignemt":"","sfsi_plus_gutenburg_max_per_row":"","footnotes":""},"categories":[8],"tags":[],"class_list":["post-12126","post","type-post","status-publish","format-standard","has-post-thumbnail","hentry","category-brasil"],"_links":{"self":[{"href":"https:\/\/noticiasregionais.com.br\/index.php?rest_route=\/wp\/v2\/posts\/12126","targetHints":{"allow":["GET"]}}],"collection":[{"href":"https:\/\/noticiasregionais.com.br\/index.php?rest_route=\/wp\/v2\/posts"}],"about":[{"href":"https:\/\/noticiasregionais.com.br\/index.php?rest_route=\/wp\/v2\/types\/post"}],"author":[{"embeddable":true,"href":"https:\/\/noticiasregionais.com.br\/index.php?rest_route=\/wp\/v2\/users\/1"}],"replies":[{"embeddable":true,"href":"https:\/\/noticiasregionais.com.br\/index.php?rest_route=%2Fwp%2Fv2%2Fcomments&post=12126"}],"version-history":[{"count":0,"href":"https:\/\/noticiasregionais.com.br\/index.php?rest_route=\/wp\/v2\/posts\/12126\/revisions"}],"wp:featuredmedia":[{"embeddable":true,"href":"https:\/\/noticiasregionais.com.br\/index.php?rest_route=\/wp\/v2\/media\/12127"}],"wp:attachment":[{"href":"https:\/\/noticiasregionais.com.br\/index.php?rest_route=%2Fwp%2Fv2%2Fmedia&parent=12126"}],"wp:term":[{"taxonomy":"category","embeddable":true,"href":"https:\/\/noticiasregionais.com.br\/index.php?rest_route=%2Fwp%2Fv2%2Fcategories&post=12126"},{"taxonomy":"post_tag","embeddable":true,"href":"https:\/\/noticiasregionais.com.br\/index.php?rest_route=%2Fwp%2Fv2%2Ftags&post=12126"}],"curies":[{"name":"wp","href":"https:\/\/api.w.org\/{rel}","templated":true}]}}