{"id":12130,"date":"2026-01-08T04:00:00","date_gmt":"2026-01-08T07:00:00","guid":{"rendered":"https:\/\/noticiasregionais.com.br\/?p=12130"},"modified":"2026-01-08T04:00:00","modified_gmt":"2026-01-08T07:00:00","slug":"soja-e-trigo-confira-as-cotacoes-de-preco-para-esta-quinta-feira-8","status":"publish","type":"post","link":"https:\/\/noticiasregionais.com.br\/?p=12130","title":{"rendered":"Soja e trigo: confira as cota\u00e7\u00f5es de pre\u00e7o para esta quinta-feira (8)"},"content":{"rendered":"<p>\t\t\t\t\t\t\t\t\t\t\t<audio controls class=\"b61_audio_player\" data-noticia=\"86892\" src=\"https:\/\/brasil61.com\/rails\/active_storage\/blobs\/eyJfcmFpbHMiOnsibWVzc2FnZSI6IkJBaHBBOW5lQXc9PSIsImV4cCI6bnVsbCwicHVyIjoiYmxvYl9pZCJ9fQ==--98d3361fc944e097f30e6be6bdbd75695df6c85d\/PAGR266028A\"><\/audio><\/p>\n<p>A saca de 60 kg da soja apresentou queda nesta quinta-feira (8) no litoral, em Paranagu\u00e1 e alta no interior do Paran\u00e1. No interior do estado, o gr\u00e3o foi negociado a R$ 130,61, registrando aumento de 0,38%. J\u00e1 no litoral, a cota\u00e7\u00e3o caiu 0,05%, fechando a R$134,64.<\/p>\n<\/p>\n<p><b>INDICADOR DA SOJA CEPEA\/ESALQ &#8211; PARAN\u00c1<\/b><\/p>\n<table id=\"imagenet-indicador2\">\n<thead>\n<tr>\n<th>Data<\/th>\n<th>Valor R$*<\/th>\n<th>Var.\/Dia<\/th>\n<th>Var.\/M\u00eas<\/th>\n<th>Valor US$*<\/th>\n<\/tr>\n<\/thead>\n<tbody>\n<tr>\n<td>07\/01\/2026<\/td>\n<td>129,76<\/td>\n<td>-0,65%<\/td>\n<td>-4,31%<\/td>\n<td>24,08<\/td>\n<\/tr>\n<tr>\n<td>06\/01\/2026<\/td>\n<td>130,61<\/td>\n<td>0,38%<\/td>\n<td>-3,68%<\/td>\n<td>24,29<\/td>\n<\/tr>\n<tr>\n<td>05\/01\/2026<\/td>\n<td>130,11<\/td>\n<td>-4,16%<\/td>\n<td>-4,05%<\/td>\n<td>24,08<\/td>\n<\/tr>\n<tr>\n<td>02\/01\/2026<\/td>\n<td>135,76<\/td>\n<td>0,12%<\/td>\n<td>0,12%<\/td>\n<td>25,04<\/td>\n<\/tr>\n<tr>\n<td>30\/12\/2025<\/td>\n<td>135,60<\/td>\n<td>-0,45%<\/td>\n<td>-0,35%<\/td>\n<td>24,71<\/td>\n<\/tr>\n<\/tbody>\n<\/table>\n<p><b>INDICADOR DA SOJA CEPEA\/ESALQ &#8211; PARANAGU\u00c1<\/b><\/p>\n<table id=\"imagenet-indicador3\">\n<thead>\n<tr>\n<th>Data<\/th>\n<th>Valor R$*<\/th>\n<th>Var.\/Dia<\/th>\n<th>Var.\/M\u00eas<\/th>\n<th>Valor US$*<\/th>\n<\/tr>\n<\/thead>\n<tbody>\n<tr>\n<td>07\/01\/2026<\/td>\n<td>134,64<\/td>\n<td>-0,05%<\/td>\n<td>-4,52%<\/td>\n<td>24,98<\/td>\n<\/tr>\n<tr>\n<td>06\/01\/2026<\/td>\n<td>134,71<\/td>\n<td>-1,78%<\/td>\n<td>-4,47%<\/td>\n<td>25,05<\/td>\n<\/tr>\n<tr>\n<td>05\/01\/2026<\/td>\n<td>137,15<\/td>\n<td>-3,51%<\/td>\n<td>-2,74%<\/td>\n<td>25,39<\/td>\n<\/tr>\n<tr>\n<td>02\/01\/2026<\/td>\n<td>142,14<\/td>\n<td>0,80%<\/td>\n<td>0,80%<\/td>\n<td>26,22<\/td>\n<\/tr>\n<tr>\n<td>30\/12\/2025<\/td>\n<td>141,01<\/td>\n<td>-1,12%<\/td>\n<td>-0,66%<\/td>\n<td>25,70<\/td>\n<\/tr>\n<\/tbody>\n<\/table>\n<h2>Trigo<\/h2>\n<p>O pre\u00e7o do trigo apresenta queda no Paran\u00e1 e a tonelada \u00e9 negociada a R$1.180,84. E no Rio Grande do Sul, a tonelada do gr\u00e3o registra leve desvaloriza\u00e7\u00e3o de 0,12%, sendo cotada a R$1.041,32.<\/p>\n<p>\n<b>PRE\u00c7O M\u00c9DIO DO TRIGO CEPEA\/ESALQ &#8211; PARAN\u00c1<\/b><\/p>\n<table id=\"imagenet-indicador4\">\n<thead>\n<tr>\n<th>Data<\/th>\n<th>Valor R$\/t*<\/th>\n<th>Var.\/Dia<\/th>\n<th>Var.\/M\u00eas<\/th>\n<th>Valor US$\/t*<\/th>\n<\/tr>\n<\/thead>\n<tbody>\n<tr>\n<td>07\/01\/2026<\/td>\n<td>1.180,84<\/td>\n<td>-0,33%<\/td>\n<td>-0,11%<\/td>\n<td>219,12<\/td>\n<\/tr>\n<tr>\n<td>06\/01\/2026<\/td>\n<td>1.184,74<\/td>\n<td>0,10%<\/td>\n<td>0,22%<\/td>\n<td>220,29<\/td>\n<\/tr>\n<tr>\n<td>05\/01\/2026<\/td>\n<td>1.183,56<\/td>\n<td>-0,00%<\/td>\n<td>0,12%<\/td>\n<td>219,10<\/td>\n<\/tr>\n<tr>\n<td>02\/01\/2026<\/td>\n<td>1.183,57<\/td>\n<td>0,12%<\/td>\n<td>0,12%<\/td>\n<td>218,29<\/td>\n<\/tr>\n<tr>\n<td>30\/12\/2025<\/td>\n<td>1.182,19<\/td>\n<td>0,01%<\/td>\n<td>-1,00%<\/td>\n<td>215,41<\/td>\n<\/tr>\n<\/tbody>\n<\/table>\n<p><strong>PRE\u00c7O M\u00c9DIO DO TRIGO CEPEA\/ESALQ &#8211; RIO GRANDE DO SUL<\/strong><\/p>\n<table id=\"imagenet-indicador5\">\n<thead>\n<tr>\n<th>Data<\/th>\n<th>Valor R$\/t*<\/th>\n<th>Var.\/Dia<\/th>\n<th>Var.\/M\u00eas<\/th>\n<th>Valor US$\/t*<\/th>\n<\/tr>\n<\/thead>\n<tbody>\n<tr>\n<td>07\/01\/2026<\/td>\n<td>1.041,32<\/td>\n<td>-0,12%<\/td>\n<td>-0,45%<\/td>\n<td>193,23<\/td>\n<\/tr>\n<tr>\n<td>06\/01\/2026<\/td>\n<td>1.042,59<\/td>\n<td>-0,36%<\/td>\n<td>-0,33%<\/td>\n<td>193,86<\/td>\n<\/tr>\n<tr>\n<td>05\/01\/2026<\/td>\n<td>1.046,37<\/td>\n<td>-0,02%<\/td>\n<td>0,03%<\/td>\n<td>193,70<\/td>\n<\/tr>\n<tr>\n<td>02\/01\/2026<\/td>\n<td>1.046,53<\/td>\n<td>0,05%<\/td>\n<td>0,05%<\/td>\n<td>193,01<\/td>\n<\/tr>\n<tr>\n<td>30\/12\/2025<\/td>\n<td>1.046,01<\/td>\n<td>0,00%<\/td>\n<td>1,44%<\/td>\n<td>190,60<\/td>\n<\/tr>\n<\/tbody>\n<\/table>\n<p>Os dados s\u00e3o do <a href=\"https:\/\/www.cepea.org.br\/br\/indicador\/trigo.aspx\" target=\"_blank\" rel=\"noopener\">Cepea<\/a>.<\/p>\n<h2>O que \u00e9 uma saca de soja ou de trigo? Entenda a unidade de medida no mercado de gr\u00e3os<\/h2>\n<p>A saca de soja e a saca de trigo s\u00e3o as principais unidades de comercializa\u00e7\u00e3o de gr\u00e3os no Brasil. Cada saca equivale a 60 quilos, padr\u00e3o adotado por \u00f3rg\u00e3os oficiais como a <strong>Companhia Nacional de Abastecimento<\/strong> (<a href=\"https:\/\/www.gov.br\/conab\/pt-br\" target=\"_blank\" rel=\"noopener\">Conab<\/a>), o <strong>Minist\u00e9rio da Agricultura<\/strong> (<a href=\"https:\/\/www.gov.br\/agricultura\/pt-br\" target=\"_blank\" rel=\"noopener\">MAPA<\/a>) e o <strong>Centro de Estudos Avan\u00e7ados em Economia Aplicada<\/strong> (<a href=\"https:\/\/www.cepea.org.br\/br\/indicador\/trigo.aspx\" target=\"_blank\" rel=\"noopener\">Cepea<\/a>).<\/p>\n<p>Esse formato padronizado facilita o com\u00e9rcio da soja e do trigo, al\u00e9m de permitir um acompanhamento mais preciso das cota\u00e7\u00f5es e varia\u00e7\u00f5es de pre\u00e7os no mercado nacional.<br \/>\n\u00a0<\/p>\n<p>\t\t\t\t\t\t\t\t\t\t<img decoding=\"async\" src=\"https:\/\/brasil61.com\/api\/v1\/serve_pixel\/22254\/86892\" alt=\"Pixel Brasil 61\" class=\"b61_pixel\" width=\"0\" height=\"0\"><\/p>\n<div class=\"br61_backlink\">\n<p>\n\t\t\t\tFonte: <a href=\"https:\/\/brasil61.com\/soja-e-trigo-confira-as-cotacoes-de-preco-para-esta-quinta-feira-8-pagr266028\" title=\"Artigo Original:  Soja e trigo: confira as cota\u00e7\u00f5es de pre\u00e7o para esta quinta-feira (8)\" target=\"_blank\" rel=\"noopener\">Brasil 61<\/a>\n\t\t\t<\/p>\n<\/p><\/div>\n<input type=\"hidden\" id=\"baseurl\" value=\"https:\/\/noticiasregionais.com.br\"><input type=\"hidden\" id=\"audio_nonce\" value=\"533fbb67b1\">","protected":false},"excerpt":{"rendered":"<p>Em Paranagu\u00e1, a soja encerrou o per\u00edodo em queda; no Paran\u00e1, o trigo tamb\u00e9m apresenta baixa<\/p>\n","protected":false},"author":1,"featured_media":12131,"comment_status":"","ping_status":"open","sticky":false,"template":"","format":"standard","meta":{"sfsi_plus_gutenberg_text_before_share":"","sfsi_plus_gutenberg_show_text_before_share":"","sfsi_plus_gutenberg_icon_type":"","sfsi_plus_gutenberg_icon_alignemt":"","sfsi_plus_gutenburg_max_per_row":"","footnotes":""},"categories":[8],"tags":[],"class_list":["post-12130","post","type-post","status-publish","format-standard","has-post-thumbnail","hentry","category-brasil"],"_links":{"self":[{"href":"https:\/\/noticiasregionais.com.br\/index.php?rest_route=\/wp\/v2\/posts\/12130","targetHints":{"allow":["GET"]}}],"collection":[{"href":"https:\/\/noticiasregionais.com.br\/index.php?rest_route=\/wp\/v2\/posts"}],"about":[{"href":"https:\/\/noticiasregionais.com.br\/index.php?rest_route=\/wp\/v2\/types\/post"}],"author":[{"embeddable":true,"href":"https:\/\/noticiasregionais.com.br\/index.php?rest_route=\/wp\/v2\/users\/1"}],"replies":[{"embeddable":true,"href":"https:\/\/noticiasregionais.com.br\/index.php?rest_route=%2Fwp%2Fv2%2Fcomments&post=12130"}],"version-history":[{"count":0,"href":"https:\/\/noticiasregionais.com.br\/index.php?rest_route=\/wp\/v2\/posts\/12130\/revisions"}],"wp:featuredmedia":[{"embeddable":true,"href":"https:\/\/noticiasregionais.com.br\/index.php?rest_route=\/wp\/v2\/media\/12131"}],"wp:attachment":[{"href":"https:\/\/noticiasregionais.com.br\/index.php?rest_route=%2Fwp%2Fv2%2Fmedia&parent=12130"}],"wp:term":[{"taxonomy":"category","embeddable":true,"href":"https:\/\/noticiasregionais.com.br\/index.php?rest_route=%2Fwp%2Fv2%2Fcategories&post=12130"},{"taxonomy":"post_tag","embeddable":true,"href":"https:\/\/noticiasregionais.com.br\/index.php?rest_route=%2Fwp%2Fv2%2Ftags&post=12130"}],"curies":[{"name":"wp","href":"https:\/\/api.w.org\/{rel}","templated":true}]}}