{"id":12132,"date":"2026-01-08T04:05:00","date_gmt":"2026-01-08T07:05:00","guid":{"rendered":"https:\/\/noticiasregionais.com.br\/?p=12132"},"modified":"2026-01-08T04:05:00","modified_gmt":"2026-01-08T07:05:00","slug":"cafe-hoje-confira-as-cotacoes-para-quinta-feira-8","status":"publish","type":"post","link":"https:\/\/noticiasregionais.com.br\/?p=12132","title":{"rendered":"Caf\u00e9 hoje: confira as cota\u00e7\u00f5es para quinta-feira (8)"},"content":{"rendered":"<p>\t\t\t\t\t\t\t\t\t\t\t<audio controls class=\"b61_audio_player\" data-noticia=\"86890\" src=\"https:\/\/brasil61.com\/rails\/active_storage\/blobs\/eyJfcmFpbHMiOnsibWVzc2FnZSI6IkJBaHBBOXJlQXc9PSIsImV4cCI6bnVsbCwicHVyIjoiYmxvYl9pZCJ9fQ==--69c62ff1576aaf47aca2de50aaa83d2fb7f8f842\/PAGR266027A\"><\/audio><\/p>\n<p>O pre\u00e7o do caf\u00e9 ar\u00e1bica nesta quinta-feira (8) registra alta de 1,14% e a saca de 60 kg \u00e9 negociada por R$2.263,04, na cidade de S\u00e3o Paulo.<\/p>\n<\/p>\n<p><strong>INDICADOR DO CAF\u00c9 AR\u00c1BICA CEPEA\/ESALQ<\/strong><\/p>\n<table id=\"imagenet-indicador1\">\n<thead>\n<tr>\n<th>Data<\/th>\n<th>Valor R$<\/th>\n<th>Var.\/Dia<\/th>\n<th>Var.\/M\u00eas<\/th>\n<th>Valor US$<\/th>\n<\/tr>\n<\/thead>\n<tbody>\n<tr>\n<td>07\/01\/2026<\/td>\n<td>2.263,04<\/td>\n<td>1,14%<\/td>\n<td>4,06%<\/td>\n<td>419,94<\/td>\n<\/tr>\n<tr>\n<td>06\/01\/2026<\/td>\n<td>2.237,54<\/td>\n<td>2,08%<\/td>\n<td>2,89%<\/td>\n<td>416,05<\/td>\n<\/tr>\n<tr>\n<td>05\/01\/2026<\/td>\n<td>2.191,97<\/td>\n<td>0,92%<\/td>\n<td>0,79%<\/td>\n<td>405,77<\/td>\n<\/tr>\n<tr>\n<td>02\/01\/2026<\/td>\n<td>2.171,95<\/td>\n<td>-0,13%<\/td>\n<td>-0,13%<\/td>\n<td>400,58<\/td>\n<\/tr>\n<tr>\n<td>30\/12\/2025<\/td>\n<td>2.174,74<\/td>\n<td>-0,06%<\/td>\n<td>-3,47%<\/td>\n<td>396,27<\/td>\n<\/tr>\n<\/tbody>\n<\/table>\n<p>O caf\u00e9 robusta apresentou valoriza\u00e7\u00e3o de 1,32% e est\u00e1 sendo negociado a R$1.282,66.<\/p>\n<p>\n<b>INDICADOR DO CAF\u00c9 ROBUSTA CEPEA\/ESALQ<\/b><\/p>\n<table id=\"imagenet-indicador2\">\n<thead>\n<tr>\n<th>Data<\/th>\n<th>Valor R$<\/th>\n<th>Var.\/Dia<\/th>\n<th>Var.\/M\u00eas<\/th>\n<th>Valor US$<\/th>\n<\/tr>\n<\/thead>\n<tbody>\n<tr>\n<td>07\/01\/2026<\/td>\n<td>1.282,66<\/td>\n<td>1,32%<\/td>\n<td>1,48%<\/td>\n<td>238,02<\/td>\n<\/tr>\n<tr>\n<td>06\/01\/2026<\/td>\n<td>1.265,99<\/td>\n<td>1,27%<\/td>\n<td>0,16%<\/td>\n<td>235,40<\/td>\n<\/tr>\n<tr>\n<td>05\/01\/2026<\/td>\n<td>1.250,12<\/td>\n<td>-1,05%<\/td>\n<td>-1,09%<\/td>\n<td>231,42<\/td>\n<\/tr>\n<tr>\n<td>02\/01\/2026<\/td>\n<td>1.263,38<\/td>\n<td>-0,04%<\/td>\n<td>-0,04%<\/td>\n<td>233,01<\/td>\n<\/tr>\n<tr>\n<td>30\/12\/2025<\/td>\n<td>1.263,91<\/td>\n<td>1,07%<\/td>\n<td>-10,01%<\/td>\n<td>230,30<\/td>\n<\/tr>\n<\/tbody>\n<\/table>\n<h2>A\u00e7\u00facar<\/h2>\n<p>O pre\u00e7o do a\u00e7\u00facar cristal apresenta alta nas principais pra\u00e7as do estado de S\u00e3o Paulo. Na capital, a saca de 50 kg registra aumento de 1,08%, cotada a R$107,91.<\/p>\n<p><b>INDICADOR DO A\u00c7\u00daCAR CRISTAL BRANCO CEPEA\/ESALQ &#8211; S\u00c3O PAULO<\/b><\/p>\n<table id=\"imagenet-indicador3\">\n<thead>\n<tr>\n<th>Data<\/th>\n<th>Valor R$*<\/th>\n<th>Var.\/Dia<\/th>\n<th>Var.\/M\u00eas<\/th>\n<th>Valor US$*<\/th>\n<\/tr>\n<\/thead>\n<tbody>\n<tr>\n<td>07\/01\/2026<\/td>\n<td>107,91<\/td>\n<td>1,08%<\/td>\n<td>-1,89%<\/td>\n<td>20,02<\/td>\n<\/tr>\n<tr>\n<td>06\/01\/2026<\/td>\n<td>106,76<\/td>\n<td>-1,85%<\/td>\n<td>-2,94%<\/td>\n<td>19,85<\/td>\n<\/tr>\n<tr>\n<td>05\/01\/2026<\/td>\n<td>108,77<\/td>\n<td>-1,11%<\/td>\n<td>-1,11%<\/td>\n<td>20,14<\/td>\n<\/tr>\n<tr>\n<td>02\/01\/2026<\/td>\n<td>109,99<\/td>\n<td>0,00%<\/td>\n<td>0,00%<\/td>\n<td>19,71<\/td>\n<\/tr>\n<tr>\n<td>30\/12\/2025<\/td>\n<td>109,99<\/td>\n<td>0,00%<\/td>\n<td>1,37%<\/td>\n<td>19,71<\/td>\n<\/tr>\n<\/tbody>\n<\/table>\n<p>Em Santos (SP), a mercadoria \u00e9 negociada a R$114,22; a cota\u00e7\u00e3o m\u00e9dia apresenta alta de 1,15%.<\/p>\n<p><b>INDICADOR A\u00c7\u00daCAR CRISTAL &#8211; SANTOS\u00a0<\/b><\/p>\n<table id=\"imagenet-indicador4\">\n<thead>\n<tr>\n<th>Data<\/th>\n<th>Valor R$*<\/th>\n<th>Var.\/Dia<\/th>\n<th>Var.\/M\u00eas<\/th>\n<th>Valor US$*<\/th>\n<\/tr>\n<\/thead>\n<tbody>\n<tr>\n<td>07\/01\/2026<\/td>\n<td>114,22<\/td>\n<td>1,15%<\/td>\n<td>-2,23%<\/td>\n<td>21,20<\/td>\n<\/tr>\n<tr>\n<td>06\/01\/2026<\/td>\n<td>112,92<\/td>\n<td>-1,24%<\/td>\n<td>-3,35%<\/td>\n<td>20,99<\/td>\n<\/tr>\n<tr>\n<td>05\/01\/2026<\/td>\n<td>114,34<\/td>\n<td>0,65%<\/td>\n<td>-2,13%<\/td>\n<td>21,04<\/td>\n<\/tr>\n<tr>\n<td>02\/01\/2026<\/td>\n<td>113,60<\/td>\n<td>-2,76%<\/td>\n<td>-2,76%<\/td>\n<td>20,89<\/td>\n<\/tr>\n<tr>\n<td>30\/12\/2025<\/td>\n<td>116,83<\/td>\n<td>-2,15%<\/td>\n<td>1,25%<\/td>\n<td>21,23<\/td>\n<\/tr>\n<\/tbody>\n<\/table>\n<h2>Milho<\/h2>\n<p>A saca de 60 kg do milho \u00e9 negociada a R$69,00, com baixa de 0,19%.<\/p>\n<p><b>INDICADOR DO MILHO ESALQ\/BM&amp;FBOVESPA<\/b><\/p>\n<table id=\"imagenet-indicador5\">\n<thead>\n<tr>\n<th>Data<\/th>\n<th>Valor R$*<\/th>\n<th>Var.\/Dia<\/th>\n<th>Var.\/M\u00eas<\/th>\n<th>Valor US$*<\/th>\n<\/tr>\n<\/thead>\n<tbody>\n<tr>\n<td>07\/01\/2026<\/td>\n<td>69,00<\/td>\n<td>-0,19%<\/td>\n<td>-0,72%<\/td>\n<td>12,80<\/td>\n<\/tr>\n<tr>\n<td>06\/01\/2026<\/td>\n<td>69,13<\/td>\n<td>-0,36%<\/td>\n<td>-0,53%<\/td>\n<td>12,85<\/td>\n<\/tr>\n<tr>\n<td>05\/01\/2026<\/td>\n<td>69,38<\/td>\n<td>-0,10%<\/td>\n<td>-0,17%<\/td>\n<td>12,84<\/td>\n<\/tr>\n<tr>\n<td>02\/01\/2026<\/td>\n<td>69,45<\/td>\n<td>-0,07%<\/td>\n<td>-0,07%<\/td>\n<td>12,81<\/td>\n<\/tr>\n<tr>\n<td>30\/12\/2025<\/td>\n<td>69,50<\/td>\n<td>0,06%<\/td>\n<td>1,08%<\/td>\n<td>12,66<\/td>\n<\/tr>\n<\/tbody>\n<\/table>\n<p>Os dados s\u00e3o do <a href=\"https:\/\/www.cepea.org.br\/br\/indicador\/milho.aspx\" target=\"_blank\" rel=\"noopener\">Cepea<\/a>.<\/p>\n<h2>Diferen\u00e7a entre caf\u00e9 ar\u00e1bica e caf\u00e9 robusta: caracter\u00edsticas, uso e regi\u00f5es produtoras<\/h2>\n<p>Caf\u00e9 ar\u00e1bica e caf\u00e9 robusta s\u00e3o as duas principais variedades cultivadas e comercializadas no Brasil, ambas medidas em sacas de 60 kg.<\/p>\n<ul>\n<li>O caf\u00e9 ar\u00e1bica (conhecido tamb\u00e9m como caf\u00e9 Conilon, em algumas regi\u00f5es) tem sabor mais suave, menor teor de cafe\u00edna e alta qualidade sensorial, sendo preferido em cafeterias especializadas e nas exporta\u00e7\u00f5es de caf\u00e9s premium. Representa cerca de 70% da produ\u00e7\u00e3o brasileira, com destaque para estados como Minas Gerais e S\u00e3o Paulo.<\/li>\n<li>O caf\u00e9 robusta, por sua vez, possui sabor mais amargo, maior concentra\u00e7\u00e3o de cafe\u00edna e corpo mais intenso. \u00c9 amplamente utilizado na produ\u00e7\u00e3o de caf\u00e9 sol\u00favel e blends comerciais. Seus principais polos produtores s\u00e3o o Esp\u00edrito Santo e Rond\u00f4nia, e seu pre\u00e7o costuma ser mais baixo em compara\u00e7\u00e3o ao ar\u00e1bica, por conta do perfil mais industrial.<\/li>\n<\/ul>\n<h2>Como \u00e9 calculada a saca de a\u00e7\u00facar cristal?<\/h2>\n<p>A saca de a\u00e7\u00facar cristal no Brasil \u00e9 padronizada em 50 quilos, especialmente para comercializa\u00e7\u00e3o no mercado atacadista e para uso na ind\u00fastria aliment\u00edcia. Essa unidade de medida \u00e9 adotada pelo <a href=\"https:\/\/www.cepea.org.br\/br\/indicador\/milho.aspx\" target=\"_blank\" rel=\"noopener\">Cepea\/Esalq-USP<\/a>, principal fonte de cota\u00e7\u00f5es di\u00e1rias do a\u00e7\u00facar cristal no pa\u00eds.<\/p>\n<h2>Qual o peso da saca de milho no Brasil?<\/h2>\n<p>A saca de milho equivale a 60 kg de gr\u00e3os, mesmo padr\u00e3o utilizado para soja e trigo. Essa medida \u00e9 oficializada por institui\u00e7\u00f5es como a <strong>Companhia Nacional de Abastecimento<\/strong> (<a href=\"https:\/\/www.gov.br\/conab\/pt-br\" target=\"_blank\" rel=\"noopener\">Conab<\/a>), o <strong>Minist\u00e9rio da Agricultura<\/strong> (<a href=\"https:\/\/www.gov.br\/agricultura\/pt-br\" target=\"_blank\" rel=\"noopener\">MAPA<\/a>) e o <a href=\"https:\/\/www.cepea.org.br\/br\/indicador\/milho.aspx\" target=\"_blank\" rel=\"noopener\">Cepea<\/a>, sendo amplamente usada em negocia\u00e7\u00f5es e relat\u00f3rios de pre\u00e7o do milho.<br \/>\n\u00a0<\/p>\n<p>\t\t\t\t\t\t\t\t\t\t<img decoding=\"async\" src=\"https:\/\/brasil61.com\/api\/v1\/serve_pixel\/22254\/86890\" alt=\"Pixel Brasil 61\" class=\"b61_pixel\" width=\"0\" height=\"0\"><\/p>\n<div class=\"br61_backlink\">\n<p>\n\t\t\t\tFonte: <a href=\"https:\/\/brasil61.com\/cafe-hoje-confira-as-cotacoes-para-quinta-feira-8-pagr266027\" title=\"Artigo Original: Caf\u00e9 hoje: confira as cota\u00e7\u00f5es para quinta-feira (8)\" target=\"_blank\" rel=\"noopener\">Brasil 61<\/a>\n\t\t\t<\/p>\n<\/p><\/div>\n<input type=\"hidden\" id=\"baseurl\" value=\"https:\/\/noticiasregionais.com.br\"><input type=\"hidden\" id=\"audio_nonce\" value=\"5c13e0637f\">","protected":false},"excerpt":{"rendered":"<p>Veja os valores do caf\u00e9 ar\u00e1bica, caf\u00e9 robusta, a\u00e7\u00facar cristal e do milho no mercado<\/p>\n","protected":false},"author":1,"featured_media":12133,"comment_status":"","ping_status":"open","sticky":false,"template":"","format":"standard","meta":{"sfsi_plus_gutenberg_text_before_share":"","sfsi_plus_gutenberg_show_text_before_share":"","sfsi_plus_gutenberg_icon_type":"","sfsi_plus_gutenberg_icon_alignemt":"","sfsi_plus_gutenburg_max_per_row":"","footnotes":""},"categories":[8],"tags":[],"class_list":["post-12132","post","type-post","status-publish","format-standard","has-post-thumbnail","hentry","category-brasil"],"_links":{"self":[{"href":"https:\/\/noticiasregionais.com.br\/index.php?rest_route=\/wp\/v2\/posts\/12132","targetHints":{"allow":["GET"]}}],"collection":[{"href":"https:\/\/noticiasregionais.com.br\/index.php?rest_route=\/wp\/v2\/posts"}],"about":[{"href":"https:\/\/noticiasregionais.com.br\/index.php?rest_route=\/wp\/v2\/types\/post"}],"author":[{"embeddable":true,"href":"https:\/\/noticiasregionais.com.br\/index.php?rest_route=\/wp\/v2\/users\/1"}],"replies":[{"embeddable":true,"href":"https:\/\/noticiasregionais.com.br\/index.php?rest_route=%2Fwp%2Fv2%2Fcomments&post=12132"}],"version-history":[{"count":0,"href":"https:\/\/noticiasregionais.com.br\/index.php?rest_route=\/wp\/v2\/posts\/12132\/revisions"}],"wp:featuredmedia":[{"embeddable":true,"href":"https:\/\/noticiasregionais.com.br\/index.php?rest_route=\/wp\/v2\/media\/12133"}],"wp:attachment":[{"href":"https:\/\/noticiasregionais.com.br\/index.php?rest_route=%2Fwp%2Fv2%2Fmedia&parent=12132"}],"wp:term":[{"taxonomy":"category","embeddable":true,"href":"https:\/\/noticiasregionais.com.br\/index.php?rest_route=%2Fwp%2Fv2%2Fcategories&post=12132"},{"taxonomy":"post_tag","embeddable":true,"href":"https:\/\/noticiasregionais.com.br\/index.php?rest_route=%2Fwp%2Fv2%2Ftags&post=12132"}],"curies":[{"name":"wp","href":"https:\/\/api.w.org\/{rel}","templated":true}]}}