{"id":12136,"date":"2026-01-08T04:20:00","date_gmt":"2026-01-08T07:20:00","guid":{"rendered":"https:\/\/noticiasregionais.com.br\/?p=12136"},"modified":"2026-01-08T04:20:00","modified_gmt":"2026-01-08T07:20:00","slug":"mme-mantem-leilao-de-baterias-para-abril-apos-conclusao-da-consulta-publica","status":"publish","type":"post","link":"https:\/\/noticiasregionais.com.br\/?p=12136","title":{"rendered":"MME mant\u00e9m leil\u00e3o de baterias para abril ap\u00f3s conclus\u00e3o da consulta p\u00fablica"},"content":{"rendered":"<p>\t\t\t\t\t\t\t\t\t\t\t<audio controls class=\"b61_audio_player\" data-noticia=\"86896\" src=\"https:\/\/brasil61.com\/rails\/active_storage\/blobs\/eyJfcmFpbHMiOnsibWVzc2FnZSI6IkJBaHBBOWZlQXc9PSIsImV4cCI6bnVsbCwicHVyIjoiYmxvYl9pZCJ9fQ==--422d5c0c798bc9eee633b17ade76f277b9567116\/BRAS2615515A\"><\/audio><\/p>\n<p>Fontes do <a href=\"https:\/\/www.gov.br\/mme\/pt-br\" target=\"_blank\" rel=\"noopener\">Minist\u00e9rio de Minas e Energia<\/a> ouvidas pela reportagem do <a href=\"https:\/\/brasil61.com\/\" target=\"_blank\" rel=\"noopener\">Brasil 61<\/a> garantem que o primeiro leil\u00e3o de armazenamento de energias renov\u00e1veis est\u00e1 mantido para abril deste ano. A \u00e1rea t\u00e9cnica do \u00f3rg\u00e3o trabalha nos preparativos para o certame e na consolida\u00e7\u00e3o dos dados da consulta p\u00fablica, encerrada no m\u00eas passado.<\/p>\n<p>O setor de gera\u00e7\u00e3o de energia teme um atraso no cronograma ap\u00f3s san\u00e7\u00e3o do marco regulat\u00f3rio. Entidades do ramo enxergam contradi\u00e7\u00f5es em trechos da norma e o processo burocr\u00e1tico do leil\u00e3o.<\/p>\n<p>Para Markus Vlasits, presidente do Conselho da <a href=\"https:\/\/www.absae.org.br\/\" target=\"_blank\" rel=\"noopener\">Associa\u00e7\u00e3o Brasileira de Solu\u00e7\u00f5es de Armazenamento de Energia (Absae)<\/a>, ampliar a inser\u00e7\u00e3o do armazenamento no setor el\u00e9trico \u00e9 urgente. \u201cA gente precisa de um leil\u00e3o de armazenamento. Ele pode ser da gera\u00e7\u00e3o, de transmiss\u00e3o, ele pode ser de qualquer forma, mas a gente n\u00e3o tem o luxo de debater mais um ano, um ano e meio, de que forma possivelmente se dar\u00e1 a inser\u00e7\u00e3o dessa tecnologia no sistema el\u00e9trico brasileiro, porque precisamos dela\u201d, alerta o executivo.<\/p>\n<p>De acordo com a entidade, o mercado j\u00e1 est\u00e1 em expans\u00e3o. Empresas nacionais e multinacionais alavancam o setor de energias renov\u00e1veis, enxergam o potencial brasileiro e o arcabou\u00e7o legal e jur\u00eddico est\u00e3o maduros o suficiente para que esse crescimento continue. Falta, agora, a participa\u00e7\u00e3o direta do Poder P\u00fablico.<\/p>\n<h2>Interessados<\/h2>\n<p>Atividades de grande porte, com alta demanda por energia, acompanham o desenrolar do caso de perto. Ind\u00fastrias intensivas, centros comerciais, hospitais e o agroneg\u00f3cio podem se tornar consumidores das novas baterias de armazenamento e beneficiar direta ou indiretamente toda a popula\u00e7\u00e3o.<\/p>\n<p>O vice-presidente da <a href=\"https:\/\/fpagropecuaria.org.br\/\" target=\"_blank\" rel=\"noopener\">Frente Parlamentar da Agropecu\u00e1ria<\/a> na C\u00e2mara dos Deputados, <a href=\"https:\/\/brasil61.com\/noticias\/tag\/deputado-arnaldo-jardim-cidadania-sp\" target=\"_blank\" rel=\"noopener\">Arnaldo Jardim (Cidadania\/SP)<\/a>, destaca que o desenvolvimento de tecnologias voltadas para a capta\u00e7\u00e3o de energia fotovoltaica foi estrat\u00e9gico para a expans\u00e3o de programas sociais e ajudou a entregar eletricidade para muitas fam\u00edlias, inclusive no campo. \u201cEnergia solar hoje corresponde a um percentual de mais de 11% da energia gerada no pa\u00eds e isso criou um clima positivo para que n\u00e3o s\u00f3 programas como o Luz para Todos, mas que a energia atrav\u00e9s da solar com autonomia sem custos adicionais e que s\u00e3o recuper\u00e1veis num prazo curto, pudesse chegar \u00e0s propriedades\u201d, afirmou o parlamentar.<\/p>\n<h2>Leil\u00e3o 2026<\/h2>\n<p>O Leil\u00e3o de Reserva de Capacidade \u2013 Armazenamento (LRCAP) tem objetivo de contratar pot\u00eancia em megawatts (MW) proveniente de novos sistemas de armazenamento de energia em baterias (SAE-BESS, em ingl\u00eas). Na pr\u00e1tica, o leil\u00e3o permitir\u00e1 que empresas instalem e operem grandes sistemas de baterias capazes de armazenar energia el\u00e9trica e liber\u00e1-la quando necess\u00e1rio, contribuindo para a estabilidade e a seguran\u00e7a do fornecimento em todo o pa\u00eds.<\/p>\n<p>Segundo a portaria com as regras do certame, os sistemas devem realizar a recarga completa em at\u00e9 seis horas, com disponibilidade de pot\u00eancia m\u00e1xima de quatro horas di\u00e1rias e acima de 30 megawatts (MW). O in\u00edcio da opera\u00e7\u00e3o est\u00e1 definido para agosto de 2028 e ter\u00e1 prazo de dez anos. A previs\u00e3o \u00e9 que o montante contratado seja de 2 GW.<\/p>\n<p>\t\t\t\t\t\t\t\t\t\t<img decoding=\"async\" src=\"https:\/\/brasil61.com\/api\/v1\/serve_pixel\/22254\/86896\" alt=\"Pixel Brasil 61\" class=\"b61_pixel\" width=\"0\" height=\"0\"><\/p>\n<div class=\"br61_backlink\">\n<p>\n\t\t\t\tFonte: <a href=\"https:\/\/brasil61.com\/mme-mantem-leilao-de-baterias-para-abril-apos-conclusao-da-consulta-publica-bras2615515\" title=\"Artigo Original: MME mant\u00e9m leil\u00e3o de baterias para abril ap\u00f3s conclus\u00e3o da consulta p\u00fablica\" target=\"_blank\" rel=\"noopener\">Brasil 61<\/a>\n\t\t\t<\/p>\n<\/p><\/div>\n<input type=\"hidden\" id=\"baseurl\" value=\"https:\/\/noticiasregionais.com.br\"><input type=\"hidden\" id=\"audio_nonce\" value=\"533fbb67b1\">","protected":false},"excerpt":{"rendered":"<p>Geradoras de energia temem atraso no cronograma por contradi\u00e7\u00f5es entre marco regulat\u00f3rio sancionado no ano passado e regras do certame<\/p>\n","protected":false},"author":1,"featured_media":12137,"comment_status":"","ping_status":"open","sticky":false,"template":"","format":"standard","meta":{"sfsi_plus_gutenberg_text_before_share":"","sfsi_plus_gutenberg_show_text_before_share":"","sfsi_plus_gutenberg_icon_type":"","sfsi_plus_gutenberg_icon_alignemt":"","sfsi_plus_gutenburg_max_per_row":"","footnotes":""},"categories":[8],"tags":[],"class_list":["post-12136","post","type-post","status-publish","format-standard","has-post-thumbnail","hentry","category-brasil"],"_links":{"self":[{"href":"https:\/\/noticiasregionais.com.br\/index.php?rest_route=\/wp\/v2\/posts\/12136","targetHints":{"allow":["GET"]}}],"collection":[{"href":"https:\/\/noticiasregionais.com.br\/index.php?rest_route=\/wp\/v2\/posts"}],"about":[{"href":"https:\/\/noticiasregionais.com.br\/index.php?rest_route=\/wp\/v2\/types\/post"}],"author":[{"embeddable":true,"href":"https:\/\/noticiasregionais.com.br\/index.php?rest_route=\/wp\/v2\/users\/1"}],"replies":[{"embeddable":true,"href":"https:\/\/noticiasregionais.com.br\/index.php?rest_route=%2Fwp%2Fv2%2Fcomments&post=12136"}],"version-history":[{"count":0,"href":"https:\/\/noticiasregionais.com.br\/index.php?rest_route=\/wp\/v2\/posts\/12136\/revisions"}],"wp:featuredmedia":[{"embeddable":true,"href":"https:\/\/noticiasregionais.com.br\/index.php?rest_route=\/wp\/v2\/media\/12137"}],"wp:attachment":[{"href":"https:\/\/noticiasregionais.com.br\/index.php?rest_route=%2Fwp%2Fv2%2Fmedia&parent=12136"}],"wp:term":[{"taxonomy":"category","embeddable":true,"href":"https:\/\/noticiasregionais.com.br\/index.php?rest_route=%2Fwp%2Fv2%2Fcategories&post=12136"},{"taxonomy":"post_tag","embeddable":true,"href":"https:\/\/noticiasregionais.com.br\/index.php?rest_route=%2Fwp%2Fv2%2Ftags&post=12136"}],"curies":[{"name":"wp","href":"https:\/\/api.w.org\/{rel}","templated":true}]}}