{"id":1214,"date":"2023-11-17T19:24:50","date_gmt":"2023-11-17T22:24:50","guid":{"rendered":"https:\/\/noticiasregionais.com.br\/?p=1214"},"modified":"2023-11-17T19:25:02","modified_gmt":"2023-11-17T22:25:02","slug":"feriado-deve-ter-3-milhoes-de-veiculos-nas-estradas-de-sao-paulo","status":"publish","type":"post","link":"https:\/\/noticiasregionais.com.br\/?p=1214","title":{"rendered":"Feriado deve ter 3 milh\u00f5es de ve\u00edculos nas estradas de S\u00e3o Paulo"},"content":{"rendered":"\n<p class=\"has-text-align-center\"><strong>Os motoristas que pretendem viajar devem enfrentar congestionamentos em v\u00e1rios pontos<\/strong><\/p>\n\n\n\n<p>Os motoristas que pretendem viajar em dire\u00e7\u00e3o ao interior e ao litoral do estado de S\u00e3o Paulo neste feriado prolongado do Dia da Consci\u00eancia Negra, na segunda (20), devem enfrentar congestionamentos j\u00e1 na tarde desta sexta-feira (17).<\/p>\n\n\n\n<p>A Artesp (Ag\u00eancia de Transporte do Estado de S\u00e3o Paulo) prev\u00ea que mais de 3 milh\u00f5es de ve\u00edculos deixem a capital e trafeguem pelas rodovias.<\/p>\n\n\n\n<p>Na cidade de S\u00e3o Paulo, a CET (Companhia de Engenharia de Tr\u00e1fego) recomenda aos motoristas que evitem deslocamentos entre as 14h e as 22h, &#8220;preferencialmente programando sua viagem para depois das 22h&#8221;. A companhia municipal deve intensificar o monitoramento de tr\u00e2nsito, especialmente nos acessos das rodovias.<\/p>\n\n\n\n<p><strong>Anchieta-Imigrantes<br><\/strong>A Artesp avisa que o fluxo de ve\u00edculos deve se intensificar no sistema Anchieta-Imigrantes a partir das 13h desta sexta. Mais de 590 mil ve\u00edculos devem descer a serra em dire\u00e7\u00e3o \u00e0 Baixada Santista, segundo a ag\u00eancia.<\/p>\n\n\n\n<p>De acordo com a concession\u00e1ria Ecovias, mais de 16 mil ve\u00edculos passaram pelo sistema no sentido litoral entre a 0h e as 10h desta sexta, com pontos de lentid\u00e3o j\u00e1 durante a manh\u00e3.<\/p>\n\n\n\n<p>A Opera\u00e7\u00e3o Descida, com sete pistas no sentido litoral e tr\u00eas pistas em dire\u00e7\u00e3o \u00e0 capital, entra em vigor \u00e0s 14h desta sexta e deve se estender at\u00e9 as 2h de s\u00e1bado (18).<\/p>\n\n\n\n<p><strong>Anhanguera-Bandeirantes<br><\/strong>Segundo a Artesp, a previs\u00e3o \u00e9 que cerca de 753 mil ve\u00edculos utilizem as estradas do sistema Anhanguera-Bandeirantes, que conecta a capital \u00e0 regi\u00e3o de Campinas, no interior do estado. A previs\u00e3o, diz a ag\u00eancia, \u00e9 que o tr\u00e1fego se intensifique entre as 16h e as 20h desta sexta. No s\u00e1bado, motoristas devem enfrentar tr\u00e2nsito mais lento entre as 9h e as 12h.<\/p>\n\n\n\n<p>No retorno \u00e0 capital, a expectativa \u00e9 que o fluxo de ve\u00edculos se concentre entre as 16h e as 20h de segunda-feira (20).<\/p>\n\n\n\n<p>Nesta sexta e no s\u00e1bado, ve\u00edculos com destino \u00e0 capital devem ser direcionados \u00e0 rodovia Anhanguera, no trecho entre o km 48 e o km 23.<\/p>\n\n\n\n<p><strong>Castello-Raposo<br><\/strong>Cerca de 667 mil ve\u00edculos devem trafegar pelas rodovias que levam \u00e0 regi\u00e3o de Sorocaba, segundo a Artesp. &#8220;Na sexta-feira (17), prev\u00ea-se que o movimento de ve\u00edculos seja maior das 16h \u00e0s 21h, e no s\u00e1bado (18), das 7h \u00e0s 12h&#8221;, diz a ag\u00eancia sobre o sistema Castello-Raposo.<\/p>\n\n\n\n<p>&#8220;No retorno, a concession\u00e1ria estima maior concentra\u00e7\u00e3o de ve\u00edculos no sentido capital na segunda-feira (20) das 15h \u00e0s 21h.&#8221;<\/p>\n\n\n\n<p><strong>Ayrton Senna, Carvalho Pinto e Tamoios<br><\/strong>De acordo com a Artesp, a expectativa \u00e9 que cerca de 937 mil ve\u00edculos passem pelas rodovias Ayrton Senna e Carvalho Pinto ao longo do feriado. Segundo a concession\u00e1ria Ecopistas, a expectativa \u00e9 que o tr\u00e1fego seja mais intenso das 13h \u00e0s 19h desta sexta-feira e das 7h \u00e0s 17h no s\u00e1bado.<\/p>\n\n\n\n<p>Na volta para S\u00e3o Paulo, Ayrton Senna e Carvalho Pinto devem ter mais tr\u00e2nsito das 15h \u00e0s 19h do domingo (19), e das 10h \u00e0s 21h de segunda.<\/p>\n\n\n\n<p>Pela rodovia dos Tamoios, que conecta o litoral a S\u00e3o Jos\u00e9 dos Campos, devem trafegar 145 mil ve\u00edculos de sexta a segunda, prev\u00ea a Artesp.<\/p>\n\n\n\n<p>Para melhorar o fluxo de ve\u00edculos, a concession\u00e1ria Tamoios afirma que vai suspender as obras na rodovia a partir das 14h desta sexta e ao longo de todo o dia no s\u00e1bado, no domingo e na segunda.<\/p>\n\n\n\n<p>O tr\u00e1fego de ve\u00edculos de carga estar\u00e1 suspenso na Tamoios durante o feriado. No sentido litoral, caminh\u00f5es n\u00e3o poder\u00e3o circular das 8h \u00e0s 12h de s\u00e1bado e de segunda-feira. Em dire\u00e7\u00e3o a S\u00e3o Jos\u00e9 dos Campos, a proibi\u00e7\u00e3o valer\u00e1 das 15h \u00e0s 23h de domingo e segunda.<\/p>\n\n\n\n<p><strong><sub>fonte: Sampi \/ Folhapress<\/sub><\/strong><\/p>\n<input type=\"hidden\" id=\"baseurl\" value=\"https:\/\/noticiasregionais.com.br\"><input type=\"hidden\" id=\"audio_nonce\" value=\"533fbb67b1\">","protected":false},"excerpt":{"rendered":"<p>Os motoristas que pretendem viajar devem enfrentar congestionamentos em v\u00e1rios pontos Os motoristas que pretendem viajar em dire\u00e7\u00e3o ao interior&hellip;<\/p>\n","protected":false},"author":1,"featured_media":1215,"comment_status":"closed","ping_status":"open","sticky":false,"template":"","format":"standard","meta":{"sfsi_plus_gutenberg_text_before_share":"","sfsi_plus_gutenberg_show_text_before_share":"","sfsi_plus_gutenberg_icon_type":"","sfsi_plus_gutenberg_icon_alignemt":"","sfsi_plus_gutenburg_max_per_row":"","footnotes":""},"categories":[6,10,1],"tags":[],"class_list":["post-1214","post","type-post","status-publish","format-standard","has-post-thumbnail","hentry","category-sao_paulo","category-destaques","category-noticias"],"_links":{"self":[{"href":"https:\/\/noticiasregionais.com.br\/index.php?rest_route=\/wp\/v2\/posts\/1214","targetHints":{"allow":["GET"]}}],"collection":[{"href":"https:\/\/noticiasregionais.com.br\/index.php?rest_route=\/wp\/v2\/posts"}],"about":[{"href":"https:\/\/noticiasregionais.com.br\/index.php?rest_route=\/wp\/v2\/types\/post"}],"author":[{"embeddable":true,"href":"https:\/\/noticiasregionais.com.br\/index.php?rest_route=\/wp\/v2\/users\/1"}],"replies":[{"embeddable":true,"href":"https:\/\/noticiasregionais.com.br\/index.php?rest_route=%2Fwp%2Fv2%2Fcomments&post=1214"}],"version-history":[{"count":1,"href":"https:\/\/noticiasregionais.com.br\/index.php?rest_route=\/wp\/v2\/posts\/1214\/revisions"}],"predecessor-version":[{"id":1216,"href":"https:\/\/noticiasregionais.com.br\/index.php?rest_route=\/wp\/v2\/posts\/1214\/revisions\/1216"}],"wp:featuredmedia":[{"embeddable":true,"href":"https:\/\/noticiasregionais.com.br\/index.php?rest_route=\/wp\/v2\/media\/1215"}],"wp:attachment":[{"href":"https:\/\/noticiasregionais.com.br\/index.php?rest_route=%2Fwp%2Fv2%2Fmedia&parent=1214"}],"wp:term":[{"taxonomy":"category","embeddable":true,"href":"https:\/\/noticiasregionais.com.br\/index.php?rest_route=%2Fwp%2Fv2%2Fcategories&post=1214"},{"taxonomy":"post_tag","embeddable":true,"href":"https:\/\/noticiasregionais.com.br\/index.php?rest_route=%2Fwp%2Fv2%2Ftags&post=1214"}],"curies":[{"name":"wp","href":"https:\/\/api.w.org\/{rel}","templated":true}]}}