{"id":12146,"date":"2026-01-09T04:25:00","date_gmt":"2026-01-09T07:25:00","guid":{"rendered":"https:\/\/noticiasregionais.com.br\/?p=12146"},"modified":"2026-01-09T04:25:00","modified_gmt":"2026-01-09T07:25:00","slug":"projeto-endurece-punicao-para-prefeitos-e-vereadores-que-nao-publicarem-transparencia-das-contas-publicas","status":"publish","type":"post","link":"https:\/\/noticiasregionais.com.br\/?p=12146","title":{"rendered":"Projeto endurece puni\u00e7\u00e3o para prefeitos e vereadores que n\u00e3o publicarem transpar\u00eancia das contas p\u00fablicas"},"content":{"rendered":"<p>\t\t\t\t\t\t\t\t\t\t\t<audio controls class=\"b61_audio_player\" data-noticia=\"86913\" src=\"https:\/\/brasil61.com\/rails\/active_storage\/blobs\/eyJfcmFpbHMiOnsibWVzc2FnZSI6IkJBaHBBNnpmQXc9PSIsImV4cCI6bnVsbCwicHVyIjoiYmxvYl9pZCJ9fQ==--f9dd6ecf5c9e820c0b73e0381d8e0a64d9c44902\/BRAS2615525A\"><\/audio><\/p>\n<p>Praticamente um a cada cinco munic\u00edpios t\u00eam n\u00edvel de transpar\u00eancia abaixo do ideal. Segundo o <a href=\"https:\/\/radardatransparencia.atricon.org.br\/\" target=\"_blank\" rel=\"noopener\">Programa Nacional de Transpar\u00eancia P\u00fablica<\/a>, an\u00e1lise feita pela <a href=\"https:\/\/atricon.org.br\/\" target=\"_blank\" rel=\"noopener\">Associa\u00e7\u00e3o dos Membros dos Tribunais de Contas do Brasil (Atricon)<\/a>, 18% dos sites institucionais das prefeituras foram avaliados como \u201cinicial\u201d, \u201cb\u00e1sico\u201d ou \u201cinexistente\u201d para controle e presta\u00e7\u00e3o de contas.<\/p>\n<p>O <a href=\"https:\/\/www.camara.leg.br\/noticias\/1151192-projeto-preve-prisao-de-prefeito-que-omite-informacoes-no-site-da-transparencia\/\" target=\"_blank\" rel=\"noopener\">projeto de Lei 708\/2025<\/a>, apresentado pelo deputado Kim Kataguiri (Uni\u00e3o-SP), visa punir por crime de responsabilidade os gestores que n\u00e3o mantiverem os endere\u00e7os virtuais atualizados. A omiss\u00e3o, manipula\u00e7\u00e3o, desatualiza\u00e7\u00e3o ou indisponibilidade do servi\u00e7o online pode levar prefeitos e vereadores \u00e0 pris\u00e3o por at\u00e9 2 anos.<\/p>\n<p>Se a conduta for praticada com a participa\u00e7\u00e3o de outras pessoas ou em benef\u00edcio alheio, o texto prev\u00ea aumento de pena em at\u00e9 um ano.<\/p>\n<p>Pelas avalia\u00e7\u00f5es feitas nas plataformas das prefeituras, os pol\u00edticos de 916 cidades poderiam ser punidos, caso a lei fosse aprovada. Outras 2.104 administra\u00e7\u00f5es municipais, 42% do total, estariam no limbo, com n\u00edvel de transpar\u00eancia considerado \u201cintermedi\u00e1rio\u201d.<\/p>\n<p>40% das municipalidades cumpriram os requisitos m\u00ednimos. Das 1.982 prefeituras desse grupo, 546 receberam avalia\u00e7\u00e3o de \u201celevado\u201d (11%), 479 \u201cprata\u201d (10%), 560 \u201couro\u201d, e como \u201cdiamante\u201d, a avalia\u00e7\u00e3o mais alta, foram 397.<\/p>\n<h2>Perda do mandato<\/h2>\n<p>Outra novidade no projeto \u00e9 a puni\u00e7\u00e3o de perda de mandato para atos de improbidade cometidos por prefeitos e vereadores que causem preju\u00edzo aos cofres p\u00fablicos ou contrariem princ\u00edpios da administra\u00e7\u00e3o p\u00fablica. Os pol\u00edticos condenados ficariam inabilitados para exercer cargo ou fun\u00e7\u00e3o p\u00fablica por at\u00e9 8 anos e teriam que devolver os valores corrigidos.<\/p>\n<p>A an\u00e1lise da proposi\u00e7\u00e3o ainda est\u00e1 em fase inicial. Ela deve ser analisada pelas comiss\u00f5es de Administra\u00e7\u00e3o e Servi\u00e7o P\u00fablico e de Constitui\u00e7\u00e3o e Justi\u00e7a e de Cidadania. Se passar, segue para vota\u00e7\u00e3o no Plen\u00e1rio da Casa e, caso aprovada, vai para delibera\u00e7\u00e3o do <a href=\"https:\/\/brasil61.com\/noticias\/tag\/senado\" target=\"_blank\" rel=\"noopener\">Senado Federal<\/a> e, posteriormente, para san\u00e7\u00e3o presidencial.<\/p>\n<p>\t\t\t\t\t\t\t\t\t\t<img decoding=\"async\" src=\"https:\/\/brasil61.com\/api\/v1\/serve_pixel\/22254\/86913\" alt=\"Pixel Brasil 61\" class=\"b61_pixel\" width=\"0\" height=\"0\"><\/p>\n<div class=\"br61_backlink\">\n<p>\n\t\t\t\tFonte: <a href=\"https:\/\/brasil61.com\/projeto-endurece-punicao-para-prefeitos-e-vereadores-que-nao-publicarem-transparencia-das-contas-publicas-bras2615525\" title=\"Artigo Original: Projeto endurece puni\u00e7\u00e3o para prefeitos e vereadores que n\u00e3o publicarem transpar\u00eancia das contas p\u00fablicas\" target=\"_blank\" rel=\"noopener\">Brasil 61<\/a>\n\t\t\t<\/p>\n<\/p><\/div>\n<input type=\"hidden\" id=\"baseurl\" value=\"https:\/\/noticiasregionais.com.br\"><input type=\"hidden\" id=\"audio_nonce\" value=\"5c13e0637f\">","protected":false},"excerpt":{"rendered":"<p>Proposta em an\u00e1lise na C\u00e2mara dos Deputados imputa crime de responsabilidade para gestores municipais que falharem em deixar dados dispon\u00edveis na internet<\/p>\n","protected":false},"author":1,"featured_media":12147,"comment_status":"","ping_status":"open","sticky":false,"template":"","format":"standard","meta":{"sfsi_plus_gutenberg_text_before_share":"","sfsi_plus_gutenberg_show_text_before_share":"","sfsi_plus_gutenberg_icon_type":"","sfsi_plus_gutenberg_icon_alignemt":"","sfsi_plus_gutenburg_max_per_row":"","footnotes":""},"categories":[8],"tags":[],"class_list":["post-12146","post","type-post","status-publish","format-standard","has-post-thumbnail","hentry","category-brasil"],"_links":{"self":[{"href":"https:\/\/noticiasregionais.com.br\/index.php?rest_route=\/wp\/v2\/posts\/12146","targetHints":{"allow":["GET"]}}],"collection":[{"href":"https:\/\/noticiasregionais.com.br\/index.php?rest_route=\/wp\/v2\/posts"}],"about":[{"href":"https:\/\/noticiasregionais.com.br\/index.php?rest_route=\/wp\/v2\/types\/post"}],"author":[{"embeddable":true,"href":"https:\/\/noticiasregionais.com.br\/index.php?rest_route=\/wp\/v2\/users\/1"}],"replies":[{"embeddable":true,"href":"https:\/\/noticiasregionais.com.br\/index.php?rest_route=%2Fwp%2Fv2%2Fcomments&post=12146"}],"version-history":[{"count":0,"href":"https:\/\/noticiasregionais.com.br\/index.php?rest_route=\/wp\/v2\/posts\/12146\/revisions"}],"wp:featuredmedia":[{"embeddable":true,"href":"https:\/\/noticiasregionais.com.br\/index.php?rest_route=\/wp\/v2\/media\/12147"}],"wp:attachment":[{"href":"https:\/\/noticiasregionais.com.br\/index.php?rest_route=%2Fwp%2Fv2%2Fmedia&parent=12146"}],"wp:term":[{"taxonomy":"category","embeddable":true,"href":"https:\/\/noticiasregionais.com.br\/index.php?rest_route=%2Fwp%2Fv2%2Fcategories&post=12146"},{"taxonomy":"post_tag","embeddable":true,"href":"https:\/\/noticiasregionais.com.br\/index.php?rest_route=%2Fwp%2Fv2%2Ftags&post=12146"}],"curies":[{"name":"wp","href":"https:\/\/api.w.org\/{rel}","templated":true}]}}