{"id":12154,"date":"2026-01-10T04:00:00","date_gmt":"2026-01-10T07:00:00","guid":{"rendered":"https:\/\/noticiasregionais.com.br\/?p=12154"},"modified":"2026-01-12T22:02:19","modified_gmt":"2026-01-13T01:02:19","slug":"sao-paulo-concentra-30-dos-100-melhores-hospitais-publicos-do-pais-confira-ranking-por-estado","status":"publish","type":"post","link":"https:\/\/noticiasregionais.com.br\/?p=12154","title":{"rendered":"S\u00e3o Paulo concentra 30 dos 100 melhores hospitais p\u00fablicos do pa\u00eds; confira ranking por estado"},"content":{"rendered":"<p>\t\t\t\t\t\t\t\t\t\t<audio controls class=\"b61_audio_player\" data-noticia=\"86924\" src=\"https:\/\/brasil61.com\/rails\/active_storage\/blobs\/eyJfcmFpbHMiOnsibWVzc2FnZSI6IkJBaHBBOUxmQXc9PSIsImV4cCI6bnVsbCwicHVyIjoiYmxvYl9pZCJ9fQ==--d4a0dc643afa54b722f8faaaa42cf191e9aca3e7\/BRAS2615532A\"><\/audio><\/p>\n<p><strong>Um levantamento in\u00e9dito aponta os 100 melhores hospitais p\u00fablicos do Brasil, com destaque para o estado de S\u00e3o Paulo, que concentra o maior n\u00famero de unidades selecionadas: 30.<\/strong> Em segundo lugar est\u00e1 Goi\u00e1s, com 10 hospitais. Na sequ\u00eancia aparecem Par\u00e1 e Santa Catarina, com sete unidades cada.<\/p>\n<h2>Distribui\u00e7\u00e3o dos hospitais por estado:<\/h2>\n<ul>\n<li>S\u00e3o Paulo (30)<\/li>\n<li>Goi\u00e1s (10)<\/li>\n<li>Par\u00e1 (7)<\/li>\n<li>Santa Catarina (7)<\/li>\n<li>Pernambuco (7)<\/li>\n<li>Rio de Janeiro (6)<\/li>\n<li>Paran\u00e1 (5)<\/li>\n<li>Amazonas (3)<\/li>\n<li>Bahia (3)<\/li>\n<li>Distrito Federal (3)<\/li>\n<li>Maranh\u00e3o (3)<\/li>\n<li>Minas Gerais (3)<\/li>\n<li>Cear\u00e1 (2)<\/li>\n<li>Esp\u00edrito Santo (2)<\/li>\n<li>Mato Grosso do Sul (2)<\/li>\n<li>Rio Grande do Sul (2)<\/li>\n<li>Tocantins (2)<\/li>\n<li>Piau\u00ed (1)<\/li>\n<li>Rio Grande do Norte (1)<\/li>\n<li>Sergipe (1)<\/li>\n<\/ul>\n<p><strong>O estudo foi realizado pelo Instituto Brasileiro das Organiza\u00e7\u00f5es Sociais de Sa\u00fade <a href=\"https:\/\/www.ibross.org.br\/\" target=\"_blank\" rel=\"noopener\">(Ibross)<\/a>, em parceria com a Organiza\u00e7\u00e3o Pan-Americana da Sa\u00fade <a href=\"https:\/\/www.paho.org\/pt\/brasil\" target=\"_blank\" rel=\"noopener\">(OPAS\/OMS)<\/a>, o Instituto \u00c9tica Sa\u00fade <a href=\"https:\/\/www.eticasaude.org.br\/\" target=\"_blank\" rel=\"noopener\">(IES)<\/a>, o Conselho Nacional de Secret\u00e1rios de Sa\u00fade <a href=\"https:\/\/www.conass.org.br\/\" target=\"_blank\" rel=\"noopener\">(Conass)<\/a> e o Conselho Nacional de Secretarias Municipais de Sa\u00fade <a href=\"https:\/\/portal.conasems.org.br\/\" target=\"_blank\" rel=\"noopener\">(Conasems)<\/a>.<\/strong><\/p>\n<p>O trabalho \u00e9 coordenado pelo m\u00e9dico sanitarista Renilson Rehem, ex-presidente do Ibross. Segundo ele, a iniciativa tem como objetivo fortalecer o sistema p\u00fablico de sa\u00fade.<\/p>\n<p>\u201cCom essa premia\u00e7\u00e3o, buscamos reconhecer e divulgar as melhores pr\u00e1ticas de gest\u00e3o e assist\u00eancia \u00e0 sa\u00fade na rede p\u00fablica hospitalar do pa\u00eds, bem como promover a melhoria cont\u00ednua da qualidade e da efici\u00eancia dos servi\u00e7os p\u00fablicos de sa\u00fade prestados \u00e0 popula\u00e7\u00e3o\u201d, afirmou.<\/p>\n<p>A rela\u00e7\u00e3o contempla as unidades de sa\u00fade finalistas do Pr\u00eamio Melhores Hospitais P\u00fablicos do Brasil, cuja premia\u00e7\u00e3o est\u00e1 prevista para maio de 2026.\u00a0<\/p>\n<p><a href=\"https:\/\/www.ibross.org.br\/confira-a-relacao-dos-100-finalistas-de-premio-que-revelara-os-melhores-hospitais-publicos-do-brasil-em-2026\/\" target=\"_blank\" rel=\"noopener\">A lista completa pode ser acessada no site do Ibross.<\/a><\/p>\n<h2>Crit\u00e9rios de sele\u00e7\u00e3o<\/h2>\n<p><strong>Foram considerados hospitais federais, estaduais ou municipais, com atendimento integral pelo Sistema \u00danico de Sa\u00fade (SUS). A sele\u00e7\u00e3o inclui hospitais gerais \u2014 adultos ou pedi\u00e1tricos \u2014 e unidades especializadas em ortopedia, oncologia, cardiologia e maternidade.<\/strong><\/p>\n<p>Todos os hospitais possuem mais de 50 leitos e tiveram produ\u00e7\u00e3o registrada no Sistema de Informa\u00e7\u00f5es Hospitalares do Minist\u00e9rio da Sa\u00fade entre agosto de 2024 e julho de 2025.<\/p>\n<p>De acordo com Renilson Rehem, a lista demonstra a capilaridade da excel\u00eancia hospitalar no SUS.<\/p>\n<p>\u201cEssa rela\u00e7\u00e3o dos 100 melhores hospitais se mostrou representativa de todas as regi\u00f5es brasileiras, evidenciando que o pa\u00eds possui centros de excel\u00eancia hospitalar espalhados por todo o territ\u00f3rio nacional\u201d, disse.<\/p>\n<p><a href=\"https:\/\/brasil61.com\/n\/tres-municipios-recebem-primeiras-doses-da-vacina-de-dose-unica-contra-a-dengue-bras2615516\" target=\"_blank\" rel=\"noopener\">Tr\u00eas munic\u00edpios recebem primeiras doses da vacina de dose \u00fanica contra a dengue<\/a><\/p>\n<p><a href=\"https:\/\/brasil61.com\/n\/imposto-de-renda-confira-as-mudancas-apos-isencao-para-salarios-ate-r-5-mil-bras2615522\" target=\"_blank\" rel=\"noopener\">Imposto de Renda: confira as mudan\u00e7as ap\u00f3s isen\u00e7\u00e3o para sal\u00e1rios at\u00e9 R$ 5 mil<\/a><\/p>\n<p>A defini\u00e7\u00e3o dos finalistas levou em conta crit\u00e9rios como acredita\u00e7\u00e3o hospitalar, taxa de ocupa\u00e7\u00e3o, taxa de mortalidade, disponibilidade de leitos de terapia intensiva e tempo m\u00e9dio de perman\u00eancia dos pacientes.<\/p>\n<p><strong>Na pr\u00f3xima etapa, os hospitais ser\u00e3o ranqueados com base em pesquisa independente de satisfa\u00e7\u00e3o dos pacientes, n\u00edvel de acredita\u00e7\u00e3o dos servi\u00e7os, informa\u00e7\u00f5es de compliance e avalia\u00e7\u00e3o de efici\u00eancia, que cruzar\u00e1 dados de atendimento com a disponibilidade de recursos financeiros.<\/strong><br \/>\n\u00a0<\/p>\n<p>\t\t\t\t\t\t\t\t\t<img decoding=\"async\" src=\"https:\/\/brasil61.com\/api\/v1\/serve_pixel\/22254\/86924\" alt=\"Pixel Brasil 61\" class=\"b61_pixel\" width=\"0\" height=\"0\"><\/p>\n<div class=\"br61_backlink\">\n<p>\n\t\t\t\tFonte: <a href=\"https:\/\/brasil61.com\/sao-paulo-concentra-30-dos-100-melhores-hospitais-publicos-do-pais-confira-ranking-por-estado-bras2615532\" title=\"Artigo Original: S\u00e3o Paulo concentra 30 dos 100 melhores hospitais p\u00fablicos do pa\u00eds; confira ranking por estado\" target=\"_blank\" rel=\"noopener\">Brasil 61<\/a>\n\t\t\t<\/p>\n<\/p><\/div>\n<input type=\"hidden\" id=\"baseurl\" value=\"https:\/\/noticiasregionais.com.br\"><input type=\"hidden\" id=\"audio_nonce\" value=\"5c13e0637f\">","protected":false},"excerpt":{"rendered":"<p>A rela\u00e7\u00e3o contempla as unidades de sa\u00fade finalistas do Pr\u00eamio Melhores Hospitais P\u00fablicos do Brasil, cuja premia\u00e7\u00e3o est\u00e1 prevista para maio de 2026<\/p>\n","protected":false},"author":1,"featured_media":12180,"comment_status":"closed","ping_status":"open","sticky":false,"template":"","format":"standard","meta":{"sfsi_plus_gutenberg_text_before_share":"","sfsi_plus_gutenberg_show_text_before_share":"","sfsi_plus_gutenberg_icon_type":"","sfsi_plus_gutenberg_icon_alignemt":"","sfsi_plus_gutenburg_max_per_row":"","footnotes":""},"categories":[8],"tags":[],"class_list":["post-12154","post","type-post","status-publish","format-standard","has-post-thumbnail","hentry","category-brasil"],"_links":{"self":[{"href":"https:\/\/noticiasregionais.com.br\/index.php?rest_route=\/wp\/v2\/posts\/12154","targetHints":{"allow":["GET"]}}],"collection":[{"href":"https:\/\/noticiasregionais.com.br\/index.php?rest_route=\/wp\/v2\/posts"}],"about":[{"href":"https:\/\/noticiasregionais.com.br\/index.php?rest_route=\/wp\/v2\/types\/post"}],"author":[{"embeddable":true,"href":"https:\/\/noticiasregionais.com.br\/index.php?rest_route=\/wp\/v2\/users\/1"}],"replies":[{"embeddable":true,"href":"https:\/\/noticiasregionais.com.br\/index.php?rest_route=%2Fwp%2Fv2%2Fcomments&post=12154"}],"version-history":[{"count":1,"href":"https:\/\/noticiasregionais.com.br\/index.php?rest_route=\/wp\/v2\/posts\/12154\/revisions"}],"predecessor-version":[{"id":12179,"href":"https:\/\/noticiasregionais.com.br\/index.php?rest_route=\/wp\/v2\/posts\/12154\/revisions\/12179"}],"wp:featuredmedia":[{"embeddable":true,"href":"https:\/\/noticiasregionais.com.br\/index.php?rest_route=\/wp\/v2\/media\/12180"}],"wp:attachment":[{"href":"https:\/\/noticiasregionais.com.br\/index.php?rest_route=%2Fwp%2Fv2%2Fmedia&parent=12154"}],"wp:term":[{"taxonomy":"category","embeddable":true,"href":"https:\/\/noticiasregionais.com.br\/index.php?rest_route=%2Fwp%2Fv2%2Fcategories&post=12154"},{"taxonomy":"post_tag","embeddable":true,"href":"https:\/\/noticiasregionais.com.br\/index.php?rest_route=%2Fwp%2Fv2%2Ftags&post=12154"}],"curies":[{"name":"wp","href":"https:\/\/api.w.org\/{rel}","templated":true}]}}