{"id":12156,"date":"2026-01-10T04:20:00","date_gmt":"2026-01-10T07:20:00","guid":{"rendered":"https:\/\/noticiasregionais.com.br\/?p=12156"},"modified":"2026-01-12T22:02:27","modified_gmt":"2026-01-13T01:02:27","slug":"carreta-digital-iniciativa-de-inclusao-tecnologica-capacita-quase-10-mil-jovens-em-dois-anos","status":"publish","type":"post","link":"https:\/\/noticiasregionais.com.br\/?p=12156","title":{"rendered":"Carreta Digital: iniciativa de inclus\u00e3o tecnol\u00f3gica capacita quase 10 mil jovens em dois anos"},"content":{"rendered":"<p>\t\t\t\t\t\t\t\t\t\t<audio controls class=\"b61_audio_player\" data-noticia=\"86955\" src=\"https:\/\/brasil61.com\/rails\/active_storage\/blobs\/eyJfcmFpbHMiOnsibWVzc2FnZSI6IkJBaHBBKzNmQXc9PSIsImV4cCI6bnVsbCwicHVyIjoiYmxvYl9pZCJ9fQ==--1ddd1a0438ac7597324d3b35bee974e490a98075\/MCOM260205A\"><\/audio><\/p>\n<p>A iniciativa <strong>Carreta Digital<\/strong>, criada em 2024 pelo <a href=\"https:\/\/www.gov.br\/mcom\/pt-br\" target=\"_blank\" rel=\"noopener\">Minist\u00e9rio das Comunica\u00e7\u00f5es<\/a>, em parceria com a <strong>Rede Brasileira de Certifica\u00e7\u00e3o, Pesquisa e Inova\u00e7\u00e3o<\/strong> (<a href=\"https:\/\/www.rbcip.org\/\" target=\"_blank\" rel=\"noopener\">RBCIP<\/a>), encerrou 2025 com <strong>9,8 mil jovens formados em cursos b\u00e1sicos de tecnologia<\/strong>. O programa, que funciona em um caminh\u00e3o adaptado e percorre regi\u00f5es com pouca oferta de forma\u00e7\u00e3o tecnol\u00f3gica, registrou mais de 8 mil certifica\u00e7\u00f5es s\u00f3 no ano passado.<br \/>\n\u00a0<br \/>\nA expans\u00e3o do programa em 2026 est\u00e1 prevista para superar <strong>20 mil capacita\u00e7\u00f5es<\/strong> e aumentar o n\u00famero de cidades atendidas. Segundo o ministro das Comunica\u00e7\u00f5es, Frederico de Siqueira Filho, a iniciativa tem papel importante no campo profissional brasileiro. &#8220;Estamos colocando essas pessoas no mercado de trabalho qualificado; al\u00e9m de gerar inclus\u00e3o, avan\u00e7amos na constru\u00e7\u00e3o da soberania digital do nosso pa\u00eds, com m\u00e3o de obra de qualidade&#8221;.<br \/>\n\u00a0<br \/>\nLan\u00e7ado inicialmente como um projeto piloto, a carreta passou pelo <strong>Distrito Federal<\/strong>, <strong>Mato Grosso do Sul<\/strong>, <strong>Rio Grande do Sul<\/strong>, <strong>Maranh\u00e3o<\/strong> e, mais recentemente, <strong>Pernambuco<\/strong>, onde 85 jovens conclu\u00edram o curso antes do recesso de dezembro.<br \/>\n\u00a0<br \/>\nA estrutura utiliza um espa\u00e7o conhecido como <strong>Espa\u00e7o Maker<\/strong>, equipado para aulas presenciais. Todos os cursos priorizam atividades pr\u00e1ticas e aproximam os estudantes das demandas reais do mercado de trabalho.<br \/>\n\u00a0<br \/>\nA coordenadora nacional do projeto, Aline Marcon, destaca que a proposta atua diretamente na inclus\u00e3o social e produtiva da juventude.\u201cA RBCIP tem o compromisso de tirar a inova\u00e7\u00e3o dos laborat\u00f3rios e lev\u00e1-la para onde ela \u00e9 mais necess\u00e1ria: o cora\u00e7\u00e3o das comunidades brasileiras. A Carreta Digital n\u00e3o \u00e9 apenas um laborat\u00f3rio itinerante; \u00e9 uma ponte direta para o mercado de trabalho e para a cidadania digital\u201d, ressaltou.<\/p>\n<h2>Cursos oferecidos<\/h2>\n<p>A proposta central \u00e9 oferecer forma\u00e7\u00e3o r\u00e1pida e pr\u00e1tica em:<br \/>\n\u00a0<br \/>\n\u25cf Rob\u00f3tica<br \/>\n\u25cf Manuten\u00e7\u00e3o de celulares<br \/>\n\u25cf Montagem de computadores de alto desempenho (PC Gamers)<\/p>\n<h2>Estudantes formados por estado<\/h2>\n<table>\n<tbody>\n<tr>\n<th>Estado<\/th>\n<th>Alunos capacitados<\/th>\n<\/tr>\n<tr>\n<td>Maranh\u00e3o<\/td>\n<td>3.007<\/td>\n<\/tr>\n<tr>\n<td>Distrito Federal<\/td>\n<td>2.526<\/td>\n<\/tr>\n<tr>\n<td>Mato Grosso do Sul<\/td>\n<td>2.307<\/td>\n<\/tr>\n<tr>\n<td>Rio Grande do Sul<\/td>\n<td>1.962<\/td>\n<\/tr>\n<tr>\n<td>Pernambuco<\/td>\n<td>85<\/td>\n<\/tr>\n<\/tbody>\n<\/table>\n<p>Fonte: <a href=\"https:\/\/www.gov.br\/mcom\/pt-br\" target=\"_blank\" rel=\"noopener\">MCom<\/a><\/p>\n<p>\t\t\t\t\t\t\t\t\t<img decoding=\"async\" src=\"https:\/\/brasil61.com\/api\/v1\/serve_pixel\/22254\/86955\" alt=\"Pixel Brasil 61\" class=\"b61_pixel\" width=\"0\" height=\"0\"><\/p>\n<div class=\"br61_backlink\">\n<p>\n\t\t\t\tFonte: <a href=\"https:\/\/brasil61.com\/carreta-digital-iniciativa-de-inclusao-tecnologica-capacita-quase-10-mil-jovens-em-dois-anos-mcom260205\" title=\"Artigo Original: Carreta Digital: iniciativa de inclus\u00e3o tecnol\u00f3gica capacita quase 10 mil jovens em dois anos\" target=\"_blank\" rel=\"noopener\">Brasil 61<\/a>\n\t\t\t<\/p>\n<\/p><\/div>\n<input type=\"hidden\" id=\"baseurl\" value=\"https:\/\/noticiasregionais.com.br\"><input type=\"hidden\" id=\"audio_nonce\" value=\"5c13e0637f\">","protected":false},"excerpt":{"rendered":"<p>Projeto itinerante de cursos de tecnologia capacitou estudantes em quatro estados e no DF desde 2024 e deve ultrapassar 20 mil forma\u00e7\u00f5es em 2026<\/p>\n","protected":false},"author":1,"featured_media":12184,"comment_status":"closed","ping_status":"open","sticky":false,"template":"","format":"standard","meta":{"sfsi_plus_gutenberg_text_before_share":"","sfsi_plus_gutenberg_show_text_before_share":"","sfsi_plus_gutenberg_icon_type":"","sfsi_plus_gutenberg_icon_alignemt":"","sfsi_plus_gutenburg_max_per_row":"","footnotes":""},"categories":[8],"tags":[],"class_list":["post-12156","post","type-post","status-publish","format-standard","has-post-thumbnail","hentry","category-brasil"],"_links":{"self":[{"href":"https:\/\/noticiasregionais.com.br\/index.php?rest_route=\/wp\/v2\/posts\/12156","targetHints":{"allow":["GET"]}}],"collection":[{"href":"https:\/\/noticiasregionais.com.br\/index.php?rest_route=\/wp\/v2\/posts"}],"about":[{"href":"https:\/\/noticiasregionais.com.br\/index.php?rest_route=\/wp\/v2\/types\/post"}],"author":[{"embeddable":true,"href":"https:\/\/noticiasregionais.com.br\/index.php?rest_route=\/wp\/v2\/users\/1"}],"replies":[{"embeddable":true,"href":"https:\/\/noticiasregionais.com.br\/index.php?rest_route=%2Fwp%2Fv2%2Fcomments&post=12156"}],"version-history":[{"count":1,"href":"https:\/\/noticiasregionais.com.br\/index.php?rest_route=\/wp\/v2\/posts\/12156\/revisions"}],"predecessor-version":[{"id":12183,"href":"https:\/\/noticiasregionais.com.br\/index.php?rest_route=\/wp\/v2\/posts\/12156\/revisions\/12183"}],"wp:featuredmedia":[{"embeddable":true,"href":"https:\/\/noticiasregionais.com.br\/index.php?rest_route=\/wp\/v2\/media\/12184"}],"wp:attachment":[{"href":"https:\/\/noticiasregionais.com.br\/index.php?rest_route=%2Fwp%2Fv2%2Fmedia&parent=12156"}],"wp:term":[{"taxonomy":"category","embeddable":true,"href":"https:\/\/noticiasregionais.com.br\/index.php?rest_route=%2Fwp%2Fv2%2Fcategories&post=12156"},{"taxonomy":"post_tag","embeddable":true,"href":"https:\/\/noticiasregionais.com.br\/index.php?rest_route=%2Fwp%2Fv2%2Ftags&post=12156"}],"curies":[{"name":"wp","href":"https:\/\/api.w.org\/{rel}","templated":true}]}}