{"id":12164,"date":"2026-01-11T04:05:00","date_gmt":"2026-01-11T07:05:00","guid":{"rendered":"https:\/\/noticiasregionais.com.br\/?p=12164"},"modified":"2026-01-11T04:05:00","modified_gmt":"2026-01-11T07:05:00","slug":"municipios-tem-ate-12-de-janeiro-para-contribuir-com-novas-regras-de-licenciamento-de-parques-eolicos","status":"publish","type":"post","link":"https:\/\/noticiasregionais.com.br\/?p=12164","title":{"rendered":"Munic\u00edpios t\u00eam at\u00e9 12 de janeiro para contribuir com novas regras de licenciamento de parques e\u00f3licos"},"content":{"rendered":"<p>\t\t\t\t\t\t\t\t\t\t\t<audio controls class=\"b61_audio_player\" data-noticia=\"86939\" src=\"https:\/\/brasil61.com\/rails\/active_storage\/blobs\/eyJfcmFpbHMiOnsibWVzc2FnZSI6IkJBaHBBK25mQXc9PSIsImV4cCI6bnVsbCwicHVyIjoiYmxvYl9pZCJ9fQ==--d390d5b386063a8e90489fe196750c3be164ff3c\/BRAS2615536A\"><\/audio><\/p>\n<p>Os<strong> gestores municipais t\u00eam at\u00e9 o dia 12 de janeiro para participar da <a href=\"https:\/\/brasilparticipativo.presidencia.gov.br\/processes\/CONAMA\" target=\"_blank\" rel=\"noopener\">consulta p\u00fablica<\/a> que revisa a <a href=\"https:\/\/conama.mma.gov.br\/?option=com_sisconama&amp;task=arquivo.download&amp;id=677\" target=\"_blank\" rel=\"noopener\">Resolu\u00e7\u00e3o Conama 462\/2014<\/a><\/strong>, que define regras para o licenciamento ambiental de empreendimentos e\u00f3licos terrestres. A<strong> consulta prop\u00f5e a defini\u00e7\u00e3o de crit\u00e9rios e procedimentos para o licenciamento ambiental de projetos de gera\u00e7\u00e3o de energia e\u00f3lica.<\/strong><\/p>\n<p>A ideia \u00e9 que a consulta possa contribuir com<strong> novas regras de licenciamento de parques e\u00f3licos<\/strong>. A iniciativa tem como objetivo aprimorar par\u00e2metros t\u00e9cnicos e padronizar exig\u00eancias ambientais.\u00a0<\/p>\n<p>O projeto tamb\u00e9m visa<strong> analisar os impactos territoriais<\/strong>, especialmente em regi\u00f5es onde a expans\u00e3o dos parques e\u00f3licos ocorre de forma acelerada. Outro t\u00f3pico a ser analisado \u00e9 o do ru\u00eddo durante a fase de instala\u00e7\u00e3o e ao longo da opera\u00e7\u00e3o da infraestrutura.<\/p>\n<p>O governo destaca que a etapa de<strong> consulta p\u00fablica \u00e9 essencial para garantir transpar\u00eancia e qualidade t\u00e9cnica na formula\u00e7\u00e3o da nova resolu\u00e7\u00e3o.\u00a0<\/strong><\/p>\n<p>Os gestores interessados em\u00a0enviar suas contribui\u00e7\u00f5es devem acessar o site <a href=\"https:\/\/brasilparticipativo.presidencia.gov.br\/processes\/CONAMA\" target=\"_blank\" rel=\"noopener\">brasilparticipativo.presidencia.gov.br\/processes\/CONAMA<\/a>.\u00a0<\/p>\n<h2>Import\u00e2ncia da participa\u00e7\u00e3o dos munic\u00edpios<\/h2>\n<p>A recomenda\u00e7\u00e3o da <a href=\"https:\/\/cnm.org.br\/\" target=\"_blank\" rel=\"noopener\">Confedera\u00e7\u00e3o Nacional de Munic\u00edpios (CNM)<\/a> \u00e9 de que os munic\u00edpios participem de forma efetiva do processo, mesmo que o licenciamento ambiental de parques e\u00f3licos seja, em regra, conduzido pelos estados.<\/p>\n<p>Na avalia\u00e7\u00e3o da entidade,<strong> os munic\u00edpios s\u00e3o relevantes para contribuir com o di\u00e1logo, especialmente sobre o distanciamento entre turbinas e \u00e1reas habitadas, impactos do ru\u00eddo, avalia\u00e7\u00e3o de impactos cumulativos e mecanismos de monitoramento p\u00f3s-licenciamento.\u00a0<\/strong><\/p>\n<p>Para a CNM, a revis\u00e3o deve garantir que os benef\u00edcios da energia renov\u00e1vel estejam aliados a crit\u00e9rios t\u00e9cnicos claros, com maior previsibilidade no licenciamento e instrumentos que tragam seguran\u00e7a aos gestores municipais.<\/p>\n<p>A Confedera\u00e7\u00e3o refor\u00e7a a atua\u00e7\u00e3o cotidiana das prefeituras com demandas relacionadas ao bem-estar das comunidades, sa\u00fade p\u00fablica, ordenamento territorial, conflitos de uso do solo, \u00a0infraestruturas municipais e prote\u00e7\u00e3o ambiental.\u00a0<\/p>\n<p>Considerando a atua\u00e7\u00e3o das unidades municipais, a CNM afirma que a<strong> consulta p\u00fablica \u00e9 essencial para que experi\u00eancias e evid\u00eancias dos territ\u00f3rios contribuam para aprimorar a norma<\/strong>, reduzindo\u00a0<strong>conflitos e fortalecendo a\u00a0gest\u00e3o ambiental do munic\u00edpio.\u00a0<\/strong><\/p>\n<h2>Consequ\u00eancias da falta de regras claras<\/h2>\n<p>O setor e\u00f3lico segue em expans\u00e3o no Brasil. No entanto, ao envolver os munic\u00edpios, a ado\u00e7\u00e3o de energias alternativas traz impactos para a comunidade local.\u00a0<\/p>\n<p>Em nota, a CNM destaca que normas internacionais, como a IEC 61400-11, orientam sobre a medi\u00e7\u00e3o do ru\u00eddo gerado por aerogeradores.\u00a0<\/p>\n<p>Os moradores pr\u00f3ximos \u00e0s instala\u00e7\u00f5es citam efeitos como ru\u00eddo e vibra\u00e7\u00f5es, com relatos de inc\u00f4modo, dificuldade para dormir e sensa\u00e7\u00e3o de cansa\u00e7o, mesmo quando as medi\u00e7\u00f5es registram valores dentro dos limites permitidos. Por isso, <strong>a participa\u00e7\u00e3o dos munic\u00edpios deve considerar, em especial, a indica\u00e7\u00e3o do distanciamento m\u00ednimo entre aerogeradores e \u00e1reas residenciais, como defende a CNM em nota.<\/strong><\/p>\n<p>\u201cIsso porque os moradores vizinhos aos parques e\u00f3licos podem relatar altera\u00e7\u00f5es fisiol\u00f3gicas, como ins\u00f4nia, irritabilidade e ansiedade, o que afeta a qualidade de vida da popula\u00e7\u00e3o e preocupa gestores locais e servi\u00e7os de sa\u00fade\u201d, diz um trecho da nota.<\/p>\n<p><strong>Al\u00e9m dos efeitos sociais, tamb\u00e9m h\u00e1 impactos ambientais no que diz respeito \u00e0s altera\u00e7\u00f5es comportamentais em aves.<\/strong><\/p>\n<p>\t\t\t\t\t\t\t\t\t\t<img decoding=\"async\" src=\"https:\/\/brasil61.com\/api\/v1\/serve_pixel\/22254\/86939\" alt=\"Pixel Brasil 61\" class=\"b61_pixel\" width=\"0\" height=\"0\"><\/p>\n<div class=\"br61_backlink\">\n<p>\n\t\t\t\tFonte: <a href=\"https:\/\/brasil61.com\/municipios-tem-ate-12-de-janeiro-para-contribuir-com-novas-regras-de-licenciamento-de-parques-eolicos-bras2615536\" title=\"Artigo Original: Munic\u00edpios t\u00eam at\u00e9 12 de janeiro para contribuir com novas regras de licenciamento de parques e\u00f3licos\" target=\"_blank\" rel=\"noopener\">Brasil 61<\/a>\n\t\t\t<\/p>\n<\/p><\/div>\n<input type=\"hidden\" id=\"baseurl\" value=\"https:\/\/noticiasregionais.com.br\"><input type=\"hidden\" id=\"audio_nonce\" value=\"5c13e0637f\">","protected":false},"excerpt":{"rendered":"<p>Consulta p\u00fablica revisa a Resolu\u00e7\u00e3o Conama 462\/2014 para atualizar par\u00e2metros t\u00e9cnicos e padronizar exig\u00eancias<\/p>\n","protected":false},"author":1,"featured_media":12165,"comment_status":"","ping_status":"open","sticky":false,"template":"","format":"standard","meta":{"sfsi_plus_gutenberg_text_before_share":"","sfsi_plus_gutenberg_show_text_before_share":"","sfsi_plus_gutenberg_icon_type":"","sfsi_plus_gutenberg_icon_alignemt":"","sfsi_plus_gutenburg_max_per_row":"","footnotes":""},"categories":[8],"tags":[],"class_list":["post-12164","post","type-post","status-publish","format-standard","has-post-thumbnail","hentry","category-brasil"],"_links":{"self":[{"href":"https:\/\/noticiasregionais.com.br\/index.php?rest_route=\/wp\/v2\/posts\/12164","targetHints":{"allow":["GET"]}}],"collection":[{"href":"https:\/\/noticiasregionais.com.br\/index.php?rest_route=\/wp\/v2\/posts"}],"about":[{"href":"https:\/\/noticiasregionais.com.br\/index.php?rest_route=\/wp\/v2\/types\/post"}],"author":[{"embeddable":true,"href":"https:\/\/noticiasregionais.com.br\/index.php?rest_route=\/wp\/v2\/users\/1"}],"replies":[{"embeddable":true,"href":"https:\/\/noticiasregionais.com.br\/index.php?rest_route=%2Fwp%2Fv2%2Fcomments&post=12164"}],"version-history":[{"count":0,"href":"https:\/\/noticiasregionais.com.br\/index.php?rest_route=\/wp\/v2\/posts\/12164\/revisions"}],"wp:featuredmedia":[{"embeddable":true,"href":"https:\/\/noticiasregionais.com.br\/index.php?rest_route=\/wp\/v2\/media\/12165"}],"wp:attachment":[{"href":"https:\/\/noticiasregionais.com.br\/index.php?rest_route=%2Fwp%2Fv2%2Fmedia&parent=12164"}],"wp:term":[{"taxonomy":"category","embeddable":true,"href":"https:\/\/noticiasregionais.com.br\/index.php?rest_route=%2Fwp%2Fv2%2Fcategories&post=12164"},{"taxonomy":"post_tag","embeddable":true,"href":"https:\/\/noticiasregionais.com.br\/index.php?rest_route=%2Fwp%2Fv2%2Ftags&post=12164"}],"curies":[{"name":"wp","href":"https:\/\/api.w.org\/{rel}","templated":true}]}}