{"id":12166,"date":"2026-01-12T04:15:00","date_gmt":"2026-01-12T07:15:00","guid":{"rendered":"https:\/\/noticiasregionais.com.br\/?p=12166"},"modified":"2026-01-12T04:15:00","modified_gmt":"2026-01-12T07:15:00","slug":"codigo-de-defesa-do-contribuinte-preve-ampliacao-de-transparencia-entre-fisco-e-contribuinte","status":"publish","type":"post","link":"https:\/\/noticiasregionais.com.br\/?p=12166","title":{"rendered":"C\u00f3digo de Defesa do Contribuinte prev\u00ea amplia\u00e7\u00e3o de transpar\u00eancia entre Fisco e contribuinte"},"content":{"rendered":"<p>\t\t\t\t\t\t\t\t\t\t\t<audio controls class=\"b61_audio_player\" data-noticia=\"86945\" src=\"https:\/\/brasil61.com\/rails\/active_storage\/blobs\/eyJfcmFpbHMiOnsibWVzc2FnZSI6IkJBaHBBK3JmQXc9PSIsImV4cCI6bnVsbCwicHVyIjoiYmxvYl9pZCJ9fQ==--0b61766b924736eea7031a7bd16e72fbf68fe367\/BRAS2615538A\"><\/audio><\/p>\n<p>A rela\u00e7\u00e3o entre contribuintes e administra\u00e7\u00e3o tribut\u00e1ria passa a contar com regras mais claras a partir da <strong>san\u00e7\u00e3o da Lei Complementar <a href=\"https:\/\/www.in.gov.br\/en\/web\/dou\/-\/lei-complementar-n-225-de-8-de-janeiro-de-2026-680057299\" target=\"_blank\" rel=\"noopener\">n\u00b0 225\/2026<\/a>, que institui o C\u00f3digo de Defesa do Contribuinte<\/strong>. A nova norma <strong>define direitos e deveres<\/strong> aplic\u00e1veis tanto aos <strong>contribuintes <\/strong>quanto aos<strong> \u00f3rg\u00e3os respons\u00e1veis pela fiscaliza\u00e7\u00e3o e arrecada\u00e7\u00e3o de tributos<\/strong>, incluindo <strong>a<\/strong> <strong>Uni\u00e3o, os estados, o Distrito Federal e os munic\u00edpios<\/strong> de todo o pa\u00eds.<\/p>\n<p>O principal avan\u00e7o da lei \u00e9 <strong>a defini\u00e7\u00e3o expressa dos direitos do contribuinte<\/strong>, como o recebimento de comunica\u00e7\u00f5es claras, o acesso a processos administrativos, o direito de recorrer de decis\u00f5es, a dispensa da reapresenta\u00e7\u00e3o de documentos j\u00e1 entregues ao Fisco e a garantia de decis\u00e3o em prazo razo\u00e1vel. O<strong> C\u00f3digo tamb\u00e9m estabelece deveres<\/strong>, entre eles o cumprimento integral das obriga\u00e7\u00f5es tribut\u00e1rias, a presta\u00e7\u00e3o de informa\u00e7\u00f5es corretas e a guarda de documentos fiscais pelo per\u00edodo legal.<\/p>\n<p>Segundo o advogado especialista em direito tribut\u00e1rio, <strong>Matheus Almeida<\/strong>, <strong>o C\u00f3digo n\u00e3o cria novos direitos, mas consolida garantias j\u00e1 previstas na Constitui\u00e7\u00e3o Federal e no C\u00f3digo Tribut\u00e1rio Nacional<\/strong>. \u201cO grande avan\u00e7o que esse C\u00f3digo de Defesa do Contribuinte trouxe \u00e9 dar com clareza esses direitos que dependiam de uma interpreta\u00e7\u00e3o constitucional e do C\u00f3digo Tribut\u00e1rio. Agora, com essa legisla\u00e7\u00e3o, \u00e9 expresso diversos direitos que os contribuintes possuem\u201d, explica.<\/p>\n<p>A <strong>lei tamb\u00e9m detalha as obriga\u00e7\u00f5es da administra\u00e7\u00e3o tribut\u00e1ria<\/strong>, como a redu\u00e7\u00e3o da litigiosidade, a garantia do contradit\u00f3rio e da ampla defesa, a facilita\u00e7\u00e3o do cumprimento das obriga\u00e7\u00f5es fiscais, o est\u00edmulo a formas alternativas de resolu\u00e7\u00e3o de conflitos e o respeito \u00e0 boa-f\u00e9 e \u00e0 seguran\u00e7a jur\u00eddica na aplica\u00e7\u00e3o da legisla\u00e7\u00e3o.<\/p>\n<p>Almeida destaca ainda que o <strong>C\u00f3digo de Defesa do Contribuinte n\u00e3o revoga automaticamente as legisla\u00e7\u00f5es estaduais e municipais<\/strong>. \u201cMas por se tratar de uma lei complementar, ela<strong> vincula os estados e os munic\u00edpios a um m\u00ednimo de prote\u00e7\u00e3o<\/strong>, que \u00e9 aquilo que foi previsto no C\u00f3digo de Defesa do Contribuinte. Ent\u00e3o, <strong>deve sim haver uma adequa\u00e7\u00e3o dos estados, do Distrito Federal e dos munic\u00edpios<\/strong>\u201d, pontua.<\/p>\n<h2>Bons pagadores e devedor contumaz<\/h2>\n<p>Outro ponto relevante da nova legisla\u00e7\u00e3o \u00e9 a cria\u00e7\u00e3o de categorias de contribuintes. Os chamados \u201c<strong>bons pagadores e cooperativos<\/strong>\u201d poder\u00e3o ter acesso a <strong>atendimento simplificado, prioridade na an\u00e1lise de processos administrativos e incentivos \u00e0 autorregulariza\u00e7\u00e3o<\/strong>.<\/p>\n<p>J\u00e1 o \u201c<strong>devedor contumaz<\/strong>\u201d \u00e9 definido como aquele que mant\u00e9m<strong> inadimpl\u00eancia reiterada e injustificada<\/strong>. No \u00e2mbito federal, essa defini\u00e7\u00e3o ocorre quando a d\u00edvida tribut\u00e1ria \u00e9 igual ou superior a <strong>R$ 15 milh\u00f5es <\/strong>e supera <strong>100% do patrim\u00f4nio conhecido do contribuinte<\/strong>. Para estados e munic\u00edpios, os crit\u00e9rios poder\u00e3o ser estabelecidos em legisla\u00e7\u00e3o pr\u00f3pria; na aus\u00eancia dela, aplica-se o padr\u00e3o federal.<\/p>\n<p>A legisla\u00e7\u00e3o prev\u00ea que o devedor contumaz ficar\u00e1<strong> impedido de acessar benef\u00edcios fiscais, participar de licita\u00e7\u00f5es e firmar contratos com o poder p\u00fablico, al\u00e9m de poder ter declarada a inaptid\u00e3o no cadastro de contribuintes<\/strong>. Tamb\u00e9m ser\u00e1 aplicado um rito administrativo mais c\u00e9lere, com o objetivo de evitar distor\u00e7\u00f5es na concorr\u00eancia.<\/p>\n<p>Por fim, o C\u00f3digo cria programas voltados ao est\u00edmulo do cumprimento volunt\u00e1rio das obriga\u00e7\u00f5es fiscais, como o <strong>Programa de Conformidade Cooperativa Fiscal (Confia)<\/strong> e o<strong> Programa de Est\u00edmulo \u00e0 Conformidade Tribut\u00e1ria (Sintonia)<\/strong>. As iniciativas buscam aproximar os contribuintes e a Receita Federal, ampliar a transpar\u00eancia e oferecer maior previsibilidade na cobran\u00e7a de tributos.<\/p>\n<p>Para Matheus Almeida, a nova lei representa uma mudan\u00e7a de paradigma na rela\u00e7\u00e3o entre Fisco e contribuinte.\u00a0<\/p>\n<p>\u201cA Fazenda P\u00fablica, via de regra, j\u00e1 tem uma supremacia por defender o interesse da sociedade. Agora, com o C\u00f3digo de Defesa do Contribuinte, h\u00e1 mais clareza, um limite para a interpreta\u00e7\u00e3o da legisla\u00e7\u00e3o. Ent\u00e3o, h\u00e1 um avan\u00e7o na defesa, na transpar\u00eancia, no acesso \u00e0 informa\u00e7\u00e3o por parte do contribuinte\u201d, conclui.<\/p>\n<p><strong>VEJA MAIS:<\/strong><\/p>\n<ul>\n<li><a href=\"https:\/\/brasil61.com\/n\/novo-padrao-da-nfs-e-entra-em-vigor-com-ambiente-de-testes-para-ibs-e-cbs-bras2615523\" target=\"_blank\" rel=\"noopener\">Novo padr\u00e3o da NFS-e entra em vigor com ambiente de testes para IBS e CBS<\/a><\/li>\n<li><a href=\"https:\/\/brasil61.com\/n\/projeto-endurece-punicao-para-prefeitos-e-vereadores-que-nao-publicarem-transparencia-das-contas-publicas-bras2615525\" target=\"_blank\" rel=\"noopener\">Projeto endurece puni\u00e7\u00e3o para prefeitos e vereadores que n\u00e3o publicarem transpar\u00eancia das contas p\u00fablicas<\/a><\/li>\n<\/ul>\n<p>\t\t\t\t\t\t\t\t\t\t<img decoding=\"async\" src=\"https:\/\/brasil61.com\/api\/v1\/serve_pixel\/22254\/86945\" alt=\"Pixel Brasil 61\" class=\"b61_pixel\" width=\"0\" height=\"0\"><\/p>\n<div class=\"br61_backlink\">\n<p>\n\t\t\t\tFonte: <a href=\"https:\/\/brasil61.com\/codigo-de-defesa-do-contribuinte-preve-ampliacao-de-transparencia-entre-fisco-e-contribuinte-bras2615538\" title=\"Artigo Original: C\u00f3digo de Defesa do Contribuinte prev\u00ea amplia\u00e7\u00e3o de transpar\u00eancia entre Fisco e contribuinte\" target=\"_blank\" rel=\"noopener\">Brasil 61<\/a>\n\t\t\t<\/p>\n<\/p><\/div>\n<input type=\"hidden\" id=\"baseurl\" value=\"https:\/\/noticiasregionais.com.br\"><input type=\"hidden\" id=\"audio_nonce\" value=\"5c13e0637f\">","protected":false},"excerpt":{"rendered":"<p>Lei complementar sancionada define direitos e deveres para contribuintes e administra\u00e7\u00e3o tribut\u00e1ria em todo o pa\u00eds<\/p>\n","protected":false},"author":1,"featured_media":12167,"comment_status":"","ping_status":"open","sticky":false,"template":"","format":"standard","meta":{"sfsi_plus_gutenberg_text_before_share":"","sfsi_plus_gutenberg_show_text_before_share":"","sfsi_plus_gutenberg_icon_type":"","sfsi_plus_gutenberg_icon_alignemt":"","sfsi_plus_gutenburg_max_per_row":"","footnotes":""},"categories":[8],"tags":[],"class_list":["post-12166","post","type-post","status-publish","format-standard","has-post-thumbnail","hentry","category-brasil"],"_links":{"self":[{"href":"https:\/\/noticiasregionais.com.br\/index.php?rest_route=\/wp\/v2\/posts\/12166","targetHints":{"allow":["GET"]}}],"collection":[{"href":"https:\/\/noticiasregionais.com.br\/index.php?rest_route=\/wp\/v2\/posts"}],"about":[{"href":"https:\/\/noticiasregionais.com.br\/index.php?rest_route=\/wp\/v2\/types\/post"}],"author":[{"embeddable":true,"href":"https:\/\/noticiasregionais.com.br\/index.php?rest_route=\/wp\/v2\/users\/1"}],"replies":[{"embeddable":true,"href":"https:\/\/noticiasregionais.com.br\/index.php?rest_route=%2Fwp%2Fv2%2Fcomments&post=12166"}],"version-history":[{"count":0,"href":"https:\/\/noticiasregionais.com.br\/index.php?rest_route=\/wp\/v2\/posts\/12166\/revisions"}],"wp:featuredmedia":[{"embeddable":true,"href":"https:\/\/noticiasregionais.com.br\/index.php?rest_route=\/wp\/v2\/media\/12167"}],"wp:attachment":[{"href":"https:\/\/noticiasregionais.com.br\/index.php?rest_route=%2Fwp%2Fv2%2Fmedia&parent=12166"}],"wp:term":[{"taxonomy":"category","embeddable":true,"href":"https:\/\/noticiasregionais.com.br\/index.php?rest_route=%2Fwp%2Fv2%2Fcategories&post=12166"},{"taxonomy":"post_tag","embeddable":true,"href":"https:\/\/noticiasregionais.com.br\/index.php?rest_route=%2Fwp%2Fv2%2Ftags&post=12166"}],"curies":[{"name":"wp","href":"https:\/\/api.w.org\/{rel}","templated":true}]}}