{"id":1217,"date":"2023-11-17T19:53:01","date_gmt":"2023-11-17T22:53:01","guid":{"rendered":"https:\/\/noticiasregionais.com.br\/?p=1217"},"modified":"2023-11-17T19:53:13","modified_gmt":"2023-11-17T22:53:13","slug":"associacao-comercial-convida-todos-para-a-black-week-descontos-incriveis-no-comercio-de-ourinhos","status":"publish","type":"post","link":"https:\/\/noticiasregionais.com.br\/?p=1217","title":{"rendered":"Associa\u00e7\u00e3o Comercial convida todos para a Black Week: Descontos Incr\u00edveis no Com\u00e9rcio de Ourinhos"},"content":{"rendered":"\n<p>Prepare-se para uma semana repleta de oportunidades imperd\u00edveis! A t\u00e3o aguardada Black Week do com\u00e9rcio de Ourinhos acontecer\u00e1 de 21 a 25 de novembro trazendo uma infinidade de descontos e promo\u00e7\u00f5es que prometem surpreender e encantar os consumidores.<\/p>\n\n\n\n<p>Durante esta semana especial, in\u00fameras lojas e com\u00e9rcios eletr\u00f4nicos oferecer\u00e3o descontos tentadores em uma ampla gama de produtos, desde eletr\u00f4nicos de \u00faltima gera\u00e7\u00e3o at\u00e9 moda, beleza, artigos para casa e muito mais.<\/p>\n\n\n\n<p>Esta \u00e9 a oportunidade perfeita para adquirir aquele item desejado h\u00e1 tempos ou antecipar as compras de Natal.<\/p>\n\n\n\n<p>\u201cO fen\u00f4meno da Black Week vem crescendo a cada ano, transformando-se em um evento aguardado pelos consumidores. Por isso, incentivamos nossos associados e associadas a participarem, pois h\u00e1 uma expectativa positiva no aumento das vendas. \u00c9 a \u00faltima a\u00e7\u00e3o promocional antes do Natal, por isso, vale a pena o investimento em estrat\u00e9gias exclusivas para esse per\u00edodo\u201d, ressalta o presidente da ACE Ourinhos, Robson Martuchi.<\/p>\n<input type=\"hidden\" id=\"baseurl\" value=\"https:\/\/noticiasregionais.com.br\"><input type=\"hidden\" id=\"audio_nonce\" value=\"9ddf44ba02\">","protected":false},"excerpt":{"rendered":"<p>Prepare-se para uma semana repleta de oportunidades imperd\u00edveis! A t\u00e3o aguardada Black Week do com\u00e9rcio de Ourinhos acontecer\u00e1 de 21&hellip;<\/p>\n","protected":false},"author":1,"featured_media":1218,"comment_status":"closed","ping_status":"open","sticky":false,"template":"","format":"standard","meta":{"sfsi_plus_gutenberg_text_before_share":"","sfsi_plus_gutenberg_show_text_before_share":"","sfsi_plus_gutenberg_icon_type":"","sfsi_plus_gutenberg_icon_alignemt":"","sfsi_plus_gutenburg_max_per_row":"","footnotes":""},"categories":[5,12,1],"tags":[],"class_list":["post-1217","post","type-post","status-publish","format-standard","has-post-thumbnail","hentry","category-ourinhos","category-capa","category-noticias"],"_links":{"self":[{"href":"https:\/\/noticiasregionais.com.br\/index.php?rest_route=\/wp\/v2\/posts\/1217","targetHints":{"allow":["GET"]}}],"collection":[{"href":"https:\/\/noticiasregionais.com.br\/index.php?rest_route=\/wp\/v2\/posts"}],"about":[{"href":"https:\/\/noticiasregionais.com.br\/index.php?rest_route=\/wp\/v2\/types\/post"}],"author":[{"embeddable":true,"href":"https:\/\/noticiasregionais.com.br\/index.php?rest_route=\/wp\/v2\/users\/1"}],"replies":[{"embeddable":true,"href":"https:\/\/noticiasregionais.com.br\/index.php?rest_route=%2Fwp%2Fv2%2Fcomments&post=1217"}],"version-history":[{"count":1,"href":"https:\/\/noticiasregionais.com.br\/index.php?rest_route=\/wp\/v2\/posts\/1217\/revisions"}],"predecessor-version":[{"id":1219,"href":"https:\/\/noticiasregionais.com.br\/index.php?rest_route=\/wp\/v2\/posts\/1217\/revisions\/1219"}],"wp:featuredmedia":[{"embeddable":true,"href":"https:\/\/noticiasregionais.com.br\/index.php?rest_route=\/wp\/v2\/media\/1218"}],"wp:attachment":[{"href":"https:\/\/noticiasregionais.com.br\/index.php?rest_route=%2Fwp%2Fv2%2Fmedia&parent=1217"}],"wp:term":[{"taxonomy":"category","embeddable":true,"href":"https:\/\/noticiasregionais.com.br\/index.php?rest_route=%2Fwp%2Fv2%2Fcategories&post=1217"},{"taxonomy":"post_tag","embeddable":true,"href":"https:\/\/noticiasregionais.com.br\/index.php?rest_route=%2Fwp%2Fv2%2Ftags&post=1217"}],"curies":[{"name":"wp","href":"https:\/\/api.w.org\/{rel}","templated":true}]}}