{"id":12174,"date":"2026-01-12T04:20:00","date_gmt":"2026-01-12T07:20:00","guid":{"rendered":"https:\/\/noticiasregionais.com.br\/?p=12174"},"modified":"2026-01-12T04:20:00","modified_gmt":"2026-01-12T07:20:00","slug":"mapa-atualiza-regra-para-entrada-de-produtos-agropecuarios-no-pais","status":"publish","type":"post","link":"https:\/\/noticiasregionais.com.br\/?p=12174","title":{"rendered":"MAPA atualiza regra para entrada de produtos agropecu\u00e1rios no pa\u00eds"},"content":{"rendered":"<p>\t\t\t\t\t\t\t\t\t\t\t<audio controls class=\"b61_audio_player\" data-noticia=\"86926\" src=\"https:\/\/brasil61.com\/rails\/active_storage\/blobs\/eyJfcmFpbHMiOnsibWVzc2FnZSI6IkJBaHBBOURmQXc9PSIsImV4cCI6bnVsbCwicHVyIjoiYmxvYl9pZCJ9fQ==--09654a3ca5ad93f139166b80a0d3e7a7a85f2f9e\/MAPA260028A\"><\/audio><\/p>\n<p>Uma praga sem medidas de controle ou agentes causadores de doen\u00e7as sem preven\u00e7\u00e3o. O transporte internacional de produtos agropecu\u00e1rios pode colocar em risco a produ\u00e7\u00e3o nacional, o meio ambiente e a sa\u00fade p\u00fablica.<\/p>\n<p>Foi para evitar problemas dessa magnitude que o <a href=\"https:\/\/www.gov.br\/agricultura\/pt-br\" target=\"_blank\" rel=\"noopener\">Minist\u00e9rio da Agricultura e Pecu\u00e1ria (MAPA)<\/a> atualizou as regras para entrada de diversos itens dessa natureza no pa\u00eds. Conforme <a href=\"https:\/\/in.gov.br\/en\/web\/dou\/-\/portaria-mapa-n-872-de-12-de-dezembro-de-2025-679139724\" target=\"_blank\" rel=\"noopener\">portaria publicada no Di\u00e1rio Oficial da Uni\u00e3o<\/a>, a partir do dia 4 de fevereiro, as mercadorias abaixo est\u00e3o sujeitas \u00e0 fiscaliza\u00e7\u00e3o do Sistema de Vigil\u00e2ncia Agropecu\u00e1ria Internacional (<a href=\"https:\/\/www.gov.br\/agricultura\/pt-br\/assuntos\/vigilancia-agropecuaria\" target=\"_blank\" rel=\"noopener\">Vigiagro<\/a>):<\/p>\n<ul>\n<li>animais e vegetais, seus produtos, subprodutos, derivados e partes;<\/li>\n<li>bebidas, os fermentados ac\u00e9ticos, os vinhos e os derivados da uva e do vinho;<\/li>\n<li>materiais gen\u00e9ticos para uso na reprodu\u00e7\u00e3o de animais<\/li>\n<li>animais e vegetais, seus produtos, subprodutos, derivados e partes;<\/li>\n<li>bebidas, os fermentados ac\u00e9ticos, os vinhos e os derivados da uva e do vinho;<\/li>\n<li>materiais gen\u00e9ticos para uso na reprodu\u00e7\u00e3o de animais e propaga\u00e7\u00e3o de vegetais;<\/li>\n<li>produtos de uso veterin\u00e1rio e para uso na alimenta\u00e7\u00e3o animal;<\/li>\n<li>fertilizantes, os corretivos, os inoculantes, os estimulantes e os biofertilizantes;<\/li>\n<li>agrot\u00f3xicos, seus componentes e afins;<\/li>\n<li>solos, os compostos e os substratos;<\/li>\n<li>alimentos pass\u00edveis de veicular pragas vegetais e agentes causadores de doen\u00e7as animais;<\/li>\n<li>forragens, as camas e os despojos de animais ou qualquer outro material presum\u00edvel veiculador de agentes etiol\u00f3gicos de doen\u00e7as contagiosas;<\/li>\n<li>res\u00edduos agropecu\u00e1rios, com ou sem valor econ\u00f4mico;<\/li>\n<li>conjuntos, os reagentes, os meios de cultura, os kits, os materiais de refer\u00eancia e os insumos destinados a diagn\u00f3stico animal e vegetal;<\/li>\n<li>imunobiol\u00f3gicos e suas subst\u00e2ncias ativas, de origem animal;<\/li>\n<li>agentes etiol\u00f3gicos, seus produtos, partes e derivados, de import\u00e2ncia agropecu\u00e1ria, sanit\u00e1ria, fitossanit\u00e1ria ou zoossanit\u00e1ria;<\/li>\n<li>artigos, as pe\u00e7as, os materiais, as embalagens e os suportes de madeira ou de cascas; e<\/li>\n<li>quaisquer outros materiais e produtos que envolvam a possibilidade de risco sanit\u00e1rio, zoossanit\u00e1rio ou fitossanit\u00e1rio.<\/li>\n<\/ul>\n<p>Para o secret\u00e1rio de <a href=\"https:\/\/www.gov.br\/agricultura\/pt-br\/assuntos\/defesa-agropecuaria\" target=\"_blank\" rel=\"noopener\">Defesa Agropecu\u00e1ria<\/a>, Carlos Goulart, a medida fortalece a prote\u00e7\u00e3o do patrim\u00f4nio agropecu\u00e1rio brasileiro ao reduzir o risco de introdu\u00e7\u00e3o de pragas e doen\u00e7as por meio da bagagem de viajantes, al\u00e9m de refor\u00e7ar a atua\u00e7\u00e3o preventiva da Defesa Agropecu\u00e1ria, garantindo maior seguran\u00e7a sanit\u00e1ria, previsibilidade e clareza para quem ingressa no pa\u00eds, em conson\u00e2ncia com os compromissos internacionais assumidos pelo Brasil.<\/p>\n<p>A inspe\u00e7\u00e3o \u00e9 feita em conformidade com as exig\u00eancias internacionais e com os interesses agropecu\u00e1rios do Brasil. O Vigiagro considera os riscos sanit\u00e1rios, fitossanit\u00e1rios e zoossanit\u00e1rios, al\u00e9m do atendimento aos padr\u00f5es de identidade e qualidade pertinentes.<\/p>\n<h2>Permiss\u00f5es e proibi\u00e7\u00f5es<\/h2>\n<p>A lista de produtos agropecu\u00e1rios estabelecida na Portaria poder\u00e1 ser atualizada a qualquer momento, em decorr\u00eancia de eventos sanit\u00e1rios, da produ\u00e7\u00e3o de conhecimento para a gest\u00e3o do risco zoofitossanit\u00e1rio, bem como de altera\u00e7\u00f5es nos procedimentos aduaneiros.<\/p>\n<p>Por ora, a portaria autoriza produtos que sigam as seguintes regras:<\/p>\n<ul>\n<li>estejam na embalagem original;<\/li>\n<li>lacrados;<\/li>\n<li>rotulados;<\/li>\n<li>e sem sinais de viola\u00e7\u00e3o.<\/li>\n<\/ul>\n<p>No entanto, os produtos abaixos est\u00e3o proibidos, mesmo respeitando as regras acima:<\/p>\n<ul>\n<li>mel e pr\u00f3polis;<\/li>\n<li>frutas, verduras e legumes frescos;<\/li>\n<li>carnes e produtos su\u00ednos, exceto enlatados;<\/li>\n<li>queijos e requeij\u00e3o, excluindo produtos l\u00e1cteos feitos com leite de bovinos e bubalinos dos pa\u00edses com notifica\u00e7\u00e3o de dermatose nodular contagiosa;<\/li>\n<li>ovos de aves dom\u00e9sticas e derivados.<\/li>\n<\/ul>\n<p>Para prosseguir viagem com os produtos que necessitem de autoriza\u00e7\u00e3o, o passageiro deve preencher um termo de declara\u00e7\u00e3o. O documento deve constar a identifica\u00e7\u00e3o do viajante, a descri\u00e7\u00e3o dos itens, o pa\u00eds de origem, o de proced\u00eancia, o meio de transporte utilizado e o local de entrada no Brasil. Com todas as informa\u00e7\u00f5es, o arquivo \u00e9 enviado eletronicamente para o Vigiagro.<\/p>\n<p>Mercadorias proibidas tamb\u00e9m devem ser declaradas antes do descarte. O viajante deve depositar esses itens nos locais apropriados e de forma volunt\u00e1ria, antes de se dirigir ao controle aduaneiro.<\/p>\n<p>\t\t\t\t\t\t\t\t\t\t<img decoding=\"async\" src=\"https:\/\/brasil61.com\/api\/v1\/serve_pixel\/22254\/86926\" alt=\"Pixel Brasil 61\" class=\"b61_pixel\" width=\"0\" height=\"0\"><\/p>\n<div class=\"br61_backlink\">\n<p>\n\t\t\t\tFonte: <a href=\"https:\/\/brasil61.com\/mapa-atualiza-regra-para-entrada-de-produtos-agropecuarios-no-pais-mapa260028\" title=\"Artigo Original: MAPA atualiza regra para entrada de produtos agropecu\u00e1rios no pa\u00eds\" target=\"_blank\" rel=\"noopener\">Brasil 61<\/a>\n\t\t\t<\/p>\n<\/p><\/div>\n<input type=\"hidden\" id=\"baseurl\" value=\"https:\/\/noticiasregionais.com.br\"><input type=\"hidden\" id=\"audio_nonce\" value=\"5c13e0637f\">","protected":false},"excerpt":{"rendered":"<p>Iniciativa entra em vigor em fevereiro para impedir a propaga\u00e7\u00e3o de pragas ou agentes causadores de doen\u00e7as de outros ecossistemas no pa\u00eds<\/p>\n","protected":false},"author":1,"featured_media":12175,"comment_status":"","ping_status":"open","sticky":false,"template":"","format":"standard","meta":{"sfsi_plus_gutenberg_text_before_share":"","sfsi_plus_gutenberg_show_text_before_share":"","sfsi_plus_gutenberg_icon_type":"","sfsi_plus_gutenberg_icon_alignemt":"","sfsi_plus_gutenburg_max_per_row":"","footnotes":""},"categories":[8],"tags":[],"class_list":["post-12174","post","type-post","status-publish","format-standard","has-post-thumbnail","hentry","category-brasil"],"_links":{"self":[{"href":"https:\/\/noticiasregionais.com.br\/index.php?rest_route=\/wp\/v2\/posts\/12174","targetHints":{"allow":["GET"]}}],"collection":[{"href":"https:\/\/noticiasregionais.com.br\/index.php?rest_route=\/wp\/v2\/posts"}],"about":[{"href":"https:\/\/noticiasregionais.com.br\/index.php?rest_route=\/wp\/v2\/types\/post"}],"author":[{"embeddable":true,"href":"https:\/\/noticiasregionais.com.br\/index.php?rest_route=\/wp\/v2\/users\/1"}],"replies":[{"embeddable":true,"href":"https:\/\/noticiasregionais.com.br\/index.php?rest_route=%2Fwp%2Fv2%2Fcomments&post=12174"}],"version-history":[{"count":0,"href":"https:\/\/noticiasregionais.com.br\/index.php?rest_route=\/wp\/v2\/posts\/12174\/revisions"}],"wp:featuredmedia":[{"embeddable":true,"href":"https:\/\/noticiasregionais.com.br\/index.php?rest_route=\/wp\/v2\/media\/12175"}],"wp:attachment":[{"href":"https:\/\/noticiasregionais.com.br\/index.php?rest_route=%2Fwp%2Fv2%2Fmedia&parent=12174"}],"wp:term":[{"taxonomy":"category","embeddable":true,"href":"https:\/\/noticiasregionais.com.br\/index.php?rest_route=%2Fwp%2Fv2%2Fcategories&post=12174"},{"taxonomy":"post_tag","embeddable":true,"href":"https:\/\/noticiasregionais.com.br\/index.php?rest_route=%2Fwp%2Fv2%2Ftags&post=12174"}],"curies":[{"name":"wp","href":"https:\/\/api.w.org\/{rel}","templated":true}]}}