{"id":12189,"date":"2026-01-13T04:05:00","date_gmt":"2026-01-13T07:05:00","guid":{"rendered":"https:\/\/noticiasregionais.com.br\/?p=12189"},"modified":"2026-01-13T22:02:19","modified_gmt":"2026-01-14T01:02:19","slug":"boi-gordo-hoje-confira-as-cotacoes-para-terca-feira-13","status":"publish","type":"post","link":"https:\/\/noticiasregionais.com.br\/?p=12189","title":{"rendered":"Boi gordo hoje: confira as cota\u00e7\u00f5es para  ter\u00e7a-feira (13)"},"content":{"rendered":"<p>\t\t\t\t\t\t\t\t\t\t<audio controls class=\"b61_audio_player\" data-noticia=\"86976\" src=\"https:\/\/brasil61.com\/rails\/active_storage\/blobs\/eyJfcmFpbHMiOnsibWVzc2FnZSI6IkJBaHBBNXpnQXc9PSIsImV4cCI6bnVsbCwicHVyIjoiYmxvYl9pZCJ9fQ==--4b53f6df941708734af5659a57dc050d56c3b5d4\/PAGR266036A\"><\/audio><\/p>\n<p>O pre\u00e7o do boi gordo nesta ter\u00e7a-feira (13) apresenta <strong>estabilidade<\/strong>; a arroba est\u00e1 sendo negociada a <strong>R$319,40<\/strong>, no estado de S\u00e3o Paulo.\u00a0<\/p>\n<p>\n<strong>INDICADOR DO BOI GORDO CEPEA\/ESALQ<\/strong><\/p>\n<table>\n<thead>\n<tr>\n<th>Data<\/th>\n<th>Valor R$*<\/th>\n<th>Var.\/Dia<\/th>\n<th>Var.\/M\u00eas<\/th>\n<th>Valor US$*<\/th>\n<\/tr>\n<\/thead>\n<tbody>\n<tr>\n<td>12\/01\/2026<\/td>\n<td>319,40<\/td>\n<td>0,00%<\/td>\n<td>0,06%<\/td>\n<td>59,51<\/td>\n<\/tr>\n<tr>\n<td>09\/01\/2026<\/td>\n<td>319,40<\/td>\n<td>0,03%<\/td>\n<td>0,06%<\/td>\n<td>59,51<\/td>\n<\/tr>\n<tr>\n<td>08\/01\/2026<\/td>\n<td>319,30<\/td>\n<td>0,36%<\/td>\n<td>0,03%<\/td>\n<td>59,23<\/td>\n<\/tr>\n<tr>\n<td>07\/01\/2026<\/td>\n<td>318,15<\/td>\n<td>-0,16%<\/td>\n<td>-0,33%<\/td>\n<td>59,04<\/td>\n<\/tr>\n<tr>\n<td>06\/01\/2026<\/td>\n<td>318,65<\/td>\n<td>0,05%<\/td>\n<td>-0,17%<\/td>\n<td>59,25<\/td>\n<\/tr>\n<\/tbody>\n<\/table>\n<p>Na Grande S\u00e3o Paulo, em S\u00e3o Jos\u00e9 do Rio Preto e em Descalvado, os pre\u00e7os do frango apresentaram<b> alta,<\/b> com<b> eleva\u00e7\u00e3o de 0,27% no produto congelado e de 0,93% no frango resfriado. <\/b>O frango congelado \u00e9 negociado a<b> R$ 7,53,<\/b> enquanto o resfriado est\u00e1 cotado a<b> R$ 7,61.<\/b><\/p>\n<p><strong>VEJA MAIS:<\/strong><\/p>\n<ul>\n<li><a href=\"https:\/\/brasil61.com\/n\/boi-gordo-hoje-confira-as-cotacoes-para-esta-segunda-feira-12-pagr266032\" target=\"_blank\" rel=\"noopener\">Boi gordo hoje: confira as cota\u00e7\u00f5es para esta segunda-feira (12)<\/a><\/li>\n<\/ul>\n<p>\n<b>PRE\u00c7OS DO FRANGO CONGELADO CEPEA\/ESALQ &#8211; ESTADO SP<\/b><\/p>\n<table>\n<thead>\n<tr>\n<th>Data<\/th>\n<th>Valor R$<\/th>\n<th>Var.\/Dia<\/th>\n<th>Var.\/M\u00eas<\/th>\n<\/tr>\n<\/thead>\n<tbody>\n<tr>\n<td>12\/01\/2026<\/td>\n<td>7,53<\/td>\n<td>0,27%<\/td>\n<td>-7,27%<\/td>\n<\/tr>\n<tr>\n<td>09\/01\/2026<\/td>\n<td>7,51<\/td>\n<td>-1,70%<\/td>\n<td>-7,51%<\/td>\n<\/tr>\n<tr>\n<td>08\/01\/2026<\/td>\n<td>7,64<\/td>\n<td>0,00%<\/td>\n<td>-5,91%<\/td>\n<\/tr>\n<tr>\n<td>07\/01\/2026<\/td>\n<td>7,64<\/td>\n<td>-0,91%<\/td>\n<td>-5,91%<\/td>\n<\/tr>\n<tr>\n<td>06\/01\/2026<\/td>\n<td>7,71<\/td>\n<td>0,00%<\/td>\n<td>-5,05%<\/td>\n<\/tr>\n<\/tbody>\n<\/table>\n<p>\u00a0<\/p>\n<p>\u00a0<\/p>\n<\/p>\n<p dir=\"ltr\"><b>PRE\u00c7OS DO FRANGO RESFRIADO CEPEA\/ESALQ &#8211; ESTADO S<\/b><\/p>\n<table>\n<thead>\n<tr>\n<th>Data<\/th>\n<th>Valor R$<\/th>\n<th>Var.\/Dia<\/th>\n<th>Var.\/M\u00eas<\/th>\n<\/tr>\n<\/thead>\n<tbody>\n<tr>\n<td>12\/01\/2026<\/td>\n<td>7,61<\/td>\n<td>0,93%<\/td>\n<td>-6,51%<\/td>\n<\/tr>\n<tr>\n<td>09\/01\/2026<\/td>\n<td>7,54<\/td>\n<td>-1,95%<\/td>\n<td>-7,37%<\/td>\n<\/tr>\n<tr>\n<td>08\/01\/2026<\/td>\n<td>7,69<\/td>\n<td>0,00%<\/td>\n<td>-5,53%<\/td>\n<\/tr>\n<tr>\n<td>07\/01\/2026<\/td>\n<td>7,69<\/td>\n<td>-1,16%<\/td>\n<td>-5,53%<\/td>\n<\/tr>\n<tr>\n<td>06\/01\/2026<\/td>\n<td>7,78<\/td>\n<td>0,00%<\/td>\n<td>-4,42%<\/td>\n<\/tr>\n<\/tbody>\n<\/table>\n<h2>Pre\u00e7o da carca\u00e7a su\u00edna especial e su\u00edno vivo<\/h2>\n<p>A carca\u00e7a su\u00edna especial apresenta<b> desvaloriza\u00e7\u00e3o,<\/b> sendo negociada a <b>R$12,62, <\/b>por quilo, nos atacados da Grande S\u00e3o Paulo<b>.<\/b><\/p>\n<p>O su\u00edno vivo registra<b> queda <\/b>na maior parte dos estados, com destaque para S\u00e3o Paulo, onde o animal \u00e9 comercializado a<b> R$8,80.<\/b><\/p>\n<p>\n<b>PRE\u00c7OS DA CARCA\u00c7A SU\u00cdNA ESPECIAL (R$\/kg)<\/b><\/p>\n<table>\n<thead>\n<tr>\n<th>Data<\/th>\n<th>M\u00e9dia<\/th>\n<th>Var.\/Dia<\/th>\n<th>Var.\/M\u00eas<\/th>\n<\/tr>\n<\/thead>\n<tbody>\n<tr>\n<td>12\/01\/2026<\/td>\n<td>12,62<\/td>\n<td>-1,71%<\/td>\n<td>-1,87%<\/td>\n<\/tr>\n<tr>\n<td>09\/01\/2026<\/td>\n<td>12,84<\/td>\n<td>-0,39%<\/td>\n<td>-0,16%<\/td>\n<\/tr>\n<tr>\n<td>08\/01\/2026<\/td>\n<td>12,89<\/td>\n<td>0,00%<\/td>\n<td>0,23%<\/td>\n<\/tr>\n<tr>\n<td>07\/01\/2026<\/td>\n<td>12,89<\/td>\n<td>0,00%<\/td>\n<td>0,23%<\/td>\n<\/tr>\n<tr>\n<td>06\/01\/2026<\/td>\n<td>12,89<\/td>\n<td>-0,08%<\/td>\n<td>0,23%<\/td>\n<\/tr>\n<\/tbody>\n<\/table>\n<p>\u00a0<\/p>\n<\/p>\n<p dir=\"ltr\"><b>INDICADOR DO SU\u00cdNO VIVO CEPEA\/ESALQ (R$\/kg<\/b><\/p>\n<table>\n<thead>\n<tr>\n<th>Data<\/th>\n<th>Estado<\/th>\n<th>Valor R$*<\/th>\n<th>Var.\/Dia<\/th>\n<th>Var.\/M\u00eas<\/th>\n<\/tr>\n<\/thead>\n<tbody>\n<tr>\n<td>12\/01\/2026<\/td>\n<td>MG &#8211; posto<\/td>\n<td>8,29<\/td>\n<td>-0,72%<\/td>\n<td>-1,66%<\/td>\n<\/tr>\n<tr>\n<td>12\/01\/2026<\/td>\n<td>PR &#8211; a retirar<\/td>\n<td>8,18<\/td>\n<td>-0,85%<\/td>\n<td>-1,09%<\/td>\n<\/tr>\n<tr>\n<td>12\/01\/2026<\/td>\n<td>RS &#8211; a retirar<\/td>\n<td>8,21<\/td>\n<td>-0,61%<\/td>\n<td>-1,08%<\/td>\n<\/tr>\n<tr>\n<td>12\/01\/2026<\/td>\n<td>SC &#8211; a retirar<\/td>\n<td>8,23<\/td>\n<td>-0,96%<\/td>\n<td>-1,44%<\/td>\n<\/tr>\n<tr>\n<td>12\/01\/2026<\/td>\n<td>SP &#8211; posto<\/td>\n<td>8,80<\/td>\n<td>-1,23%<\/td>\n<td>-1,23%<\/td>\n<\/tr>\n<\/tbody>\n<\/table>\n<p>Os valores s\u00e3o do <a href=\"https:\/\/www.cepea.org.br\/br\/indicador\/boi-gordo.aspx\" target=\"_blank\" rel=\"noopener\">Cepea<\/a>.<\/p>\n<h2>O que \u00e9 o boi gordo? Entenda o termo do mercado bovino<\/h2>\n<p>O boi gordo \u00e9 o bovino macho pronto para o abate, com peso m\u00ednimo de 16 arrobas l\u00edquidas de carca\u00e7a (aproximadamente 240 kg) e at\u00e9 42 meses de idade. Atende aos padr\u00f5es do mercado nacional e internacional, incluindo exporta\u00e7\u00f5es para Europa, China e cota Hilton.<\/p>\n<h2>Diferen\u00e7as entre frango congelado e frango resfriado<\/h2>\n<p>O frango congelado passa por congelamento r\u00e1pido, com temperaturas abaixo de -12\u00b0C, garantindo maior vida \u00fatil para armazenamento e transporte a longas dist\u00e2ncias. J\u00e1 o frango resfriado \u00e9 mantido entre 0\u00b0C e 4\u00b0C, com validade de 5 a 7 dias, oferecendo textura e sabor mais pr\u00f3ximos do fresco, ideal para consumidores exigentes e restaurantes.<\/p>\n<p>\u00a0<\/p>\n<\/p>\n<p>\t\t\t\t\t\t\t\t\t<img decoding=\"async\" src=\"https:\/\/brasil61.com\/api\/v1\/serve_pixel\/22254\/86976\" alt=\"Pixel Brasil 61\" class=\"b61_pixel\" width=\"0\" height=\"0\"><\/p>\n<div class=\"br61_backlink\">\n<p>\n\t\t\t\tFonte: <a href=\"https:\/\/brasil61.com\/boi-gordo-hoje-confira-as-cotacoes-para-terca-feira-13-pagr266036\" title=\"Artigo Original: Boi gordo hoje: confira as cota\u00e7\u00f5es para  ter\u00e7a-feira (13)\" target=\"_blank\" rel=\"noopener\">Brasil 61<\/a>\n\t\t\t<\/p>\n<\/p><\/div>\n<input type=\"hidden\" id=\"baseurl\" value=\"https:\/\/noticiasregionais.com.br\"><input type=\"hidden\" id=\"audio_nonce\" value=\"5c13e0637f\">","protected":false},"excerpt":{"rendered":"<p>Os pre\u00e7os do frango congelado e do frango resfriado apresentaram alta no mercado. Em contrapartida, a carca\u00e7a su\u00edna registrou queda nas cota\u00e7\u00f5es<\/p>\n","protected":false},"author":1,"featured_media":12206,"comment_status":"closed","ping_status":"open","sticky":false,"template":"","format":"standard","meta":{"sfsi_plus_gutenberg_text_before_share":"","sfsi_plus_gutenberg_show_text_before_share":"","sfsi_plus_gutenberg_icon_type":"","sfsi_plus_gutenberg_icon_alignemt":"","sfsi_plus_gutenburg_max_per_row":"","footnotes":""},"categories":[8],"tags":[],"class_list":["post-12189","post","type-post","status-publish","format-standard","has-post-thumbnail","hentry","category-brasil"],"_links":{"self":[{"href":"https:\/\/noticiasregionais.com.br\/index.php?rest_route=\/wp\/v2\/posts\/12189","targetHints":{"allow":["GET"]}}],"collection":[{"href":"https:\/\/noticiasregionais.com.br\/index.php?rest_route=\/wp\/v2\/posts"}],"about":[{"href":"https:\/\/noticiasregionais.com.br\/index.php?rest_route=\/wp\/v2\/types\/post"}],"author":[{"embeddable":true,"href":"https:\/\/noticiasregionais.com.br\/index.php?rest_route=\/wp\/v2\/users\/1"}],"replies":[{"embeddable":true,"href":"https:\/\/noticiasregionais.com.br\/index.php?rest_route=%2Fwp%2Fv2%2Fcomments&post=12189"}],"version-history":[{"count":1,"href":"https:\/\/noticiasregionais.com.br\/index.php?rest_route=\/wp\/v2\/posts\/12189\/revisions"}],"predecessor-version":[{"id":12205,"href":"https:\/\/noticiasregionais.com.br\/index.php?rest_route=\/wp\/v2\/posts\/12189\/revisions\/12205"}],"wp:featuredmedia":[{"embeddable":true,"href":"https:\/\/noticiasregionais.com.br\/index.php?rest_route=\/wp\/v2\/media\/12206"}],"wp:attachment":[{"href":"https:\/\/noticiasregionais.com.br\/index.php?rest_route=%2Fwp%2Fv2%2Fmedia&parent=12189"}],"wp:term":[{"taxonomy":"category","embeddable":true,"href":"https:\/\/noticiasregionais.com.br\/index.php?rest_route=%2Fwp%2Fv2%2Fcategories&post=12189"},{"taxonomy":"post_tag","embeddable":true,"href":"https:\/\/noticiasregionais.com.br\/index.php?rest_route=%2Fwp%2Fv2%2Ftags&post=12189"}],"curies":[{"name":"wp","href":"https:\/\/api.w.org\/{rel}","templated":true}]}}