{"id":12191,"date":"2026-01-13T04:10:00","date_gmt":"2026-01-13T07:10:00","guid":{"rendered":"https:\/\/noticiasregionais.com.br\/?p=12191"},"modified":"2026-01-13T04:10:00","modified_gmt":"2026-01-13T07:10:00","slug":"cafe-hoje-confira-as-cotacoes-para-terca-feira-13","status":"publish","type":"post","link":"https:\/\/noticiasregionais.com.br\/?p=12191","title":{"rendered":"Caf\u00e9 hoje: confira as cota\u00e7\u00f5es para ter\u00e7a-feira (13)"},"content":{"rendered":"<p>\t\t\t\t\t\t\t\t\t\t\t<audio controls class=\"b61_audio_player\" data-noticia=\"86975\" src=\"https:\/\/brasil61.com\/rails\/active_storage\/blobs\/eyJfcmFpbHMiOnsibWVzc2FnZSI6IkJBaHBBNTdnQXc9PSIsImV4cCI6bnVsbCwicHVyIjoiYmxvYl9pZCJ9fQ==--657a97c45cc20c7e71d5792f073dc63a6df5f253\/PAGR266035A\"><\/audio><\/p>\n<p>O pre\u00e7o do caf\u00e9 ar\u00e1bica nesta ter\u00e7a-feira (13) registra<b> queda de 0,91% <\/b>e a saca de 60 kg \u00e9 negociada por<b> R$2.205,19<\/b>, na cidade de S\u00e3o Paulo<b>.<\/b><\/p>\n<\/p>\n<p><b>INDICADOR DO CAF\u00c9 AR\u00c1BICA CEPEA\/ESALQ<\/b><\/p>\n<table>\n<thead>\n<tr>\n<th>Data<\/th>\n<th>Valor R$<\/th>\n<th>Var.\/Dia<\/th>\n<th>Var.\/M\u00eas<\/th>\n<th>Valor US$<\/th>\n<\/tr>\n<\/thead>\n<tbody>\n<tr>\n<td>12\/01\/2026<\/td>\n<td>2.205,19<\/td>\n<td>-0,91%<\/td>\n<td>1,40%<\/td>\n<td>410,65<\/td>\n<\/tr>\n<tr>\n<td>09\/01\/2026<\/td>\n<td>2.225,39<\/td>\n<td>-1,80%<\/td>\n<td>2,33%<\/td>\n<td>414,64<\/td>\n<\/tr>\n<tr>\n<td>08\/01\/2026<\/td>\n<td>2.266,21<\/td>\n<td>0,14%<\/td>\n<td>4,21%<\/td>\n<td>420,37<\/td>\n<\/tr>\n<tr>\n<td>07\/01\/2026<\/td>\n<td>2.263,04<\/td>\n<td>1,14%<\/td>\n<td>4,06%<\/td>\n<td>419,94<\/td>\n<\/tr>\n<tr>\n<td>06\/01\/2026<\/td>\n<td>2.237,54<\/td>\n<td>2,08%<\/td>\n<td>2,89%<\/td>\n<td>416,05<\/td>\n<\/tr>\n<\/tbody>\n<\/table>\n<p>O caf\u00e9 robusta apresentou <b>desvaloriza\u00e7\u00e3o de 0,32% <\/b>e est\u00e1 sendo negociado a<b> R$1.278,33.<\/b><\/p>\n<p>\n<b>INDICADOR DO CAF\u00c9 ROBUSTA CEPEA\/ESALQ<\/b><\/p>\n<table>\n<thead>\n<tr>\n<th>Data<\/th>\n<th>Valor R$<\/th>\n<th>Var.\/Dia<\/th>\n<th>Var.\/M\u00eas<\/th>\n<th>Valor US$<\/th>\n<\/tr>\n<\/thead>\n<tbody>\n<tr>\n<td>12\/01\/2026<\/td>\n<td>1.278,33<\/td>\n<td>-0,32%<\/td>\n<td>1,14%<\/td>\n<td>238,05<\/td>\n<\/tr>\n<tr>\n<td>09\/01\/2026<\/td>\n<td>1.282,40<\/td>\n<td>-0,22%<\/td>\n<td>1,46%<\/td>\n<td>238,94<\/td>\n<\/tr>\n<tr>\n<td>08\/01\/2026<\/td>\n<td>1.285,25<\/td>\n<td>0,20%<\/td>\n<td>1,69%<\/td>\n<td>238,41<\/td>\n<\/tr>\n<tr>\n<td>07\/01\/2026<\/td>\n<td>1.282,66<\/td>\n<td>1,32%<\/td>\n<td>1,48%<\/td>\n<td>238,02<\/td>\n<\/tr>\n<tr>\n<td>06\/01\/2026<\/td>\n<td>1.265,99<\/td>\n<td>1,27%<\/td>\n<td>0,16%<\/td>\n<td>235,40<\/td>\n<\/tr>\n<\/tbody>\n<\/table>\n<h2>A\u00e7\u00facar<\/h2>\n<p>O pre\u00e7o do a\u00e7\u00facar cristal apresenta <strong>varia\u00e7\u00e3o <\/strong>nas principais pra\u00e7as do estado de S\u00e3o Paulo. Na capital, a saca de 50 kg registra <strong>estabilidade<\/strong>, cotada a <strong>R$106,65<\/strong>.<\/p>\n<p><b>INDICADOR DO A\u00c7\u00daCAR CRISTAL BRANCO CEPEA\/ESALQ &#8211; S\u00c3O PAULO<\/b><\/p>\n<table>\n<thead>\n<tr>\n<th>Data<\/th>\n<th>Valor R$*<\/th>\n<th>Var.\/Dia<\/th>\n<th>Var.\/M\u00eas<\/th>\n<th>Valor US$*<\/th>\n<\/tr>\n<\/thead>\n<tbody>\n<tr>\n<td>12\/01\/2026<\/td>\n<td>106,65<\/td>\n<td>0,00%<\/td>\n<td>-3,04%<\/td>\n<td>19,87<\/td>\n<\/tr>\n<tr>\n<td>09\/01\/2026<\/td>\n<td>106,65<\/td>\n<td>-0,64%<\/td>\n<td>-3,04%<\/td>\n<td>19,87<\/td>\n<\/tr>\n<tr>\n<td>08\/01\/2026<\/td>\n<td>107,34<\/td>\n<td>-0,53%<\/td>\n<td>-2,41%<\/td>\n<td>19,91<\/td>\n<\/tr>\n<tr>\n<td>07\/01\/2026<\/td>\n<td>107,91<\/td>\n<td>1,08%<\/td>\n<td>-1,89%<\/td>\n<td>20,02<\/td>\n<\/tr>\n<tr>\n<td>06\/01\/2026<\/td>\n<td>106,76<\/td>\n<td>-1,85%<\/td>\n<td>-2,94%<\/td>\n<td>19,85<\/td>\n<\/tr>\n<\/tbody>\n<\/table>\n<p>Em Santos (SP), a mercadoria \u00e9 negociada a <b>R$113,57; <\/b>a cota\u00e7\u00e3o m\u00e9dia apresenta <b>baixa de 1,11%.<\/b><\/p>\n<p><b>INDICADOR A\u00c7\u00daCAR CRISTAL &#8211; SANTOS\u00a0<\/b><\/p>\n<table>\n<thead>\n<tr>\n<th>Data<\/th>\n<th>Valor R$*<\/th>\n<th>Var.\/Dia<\/th>\n<th>Var.\/M\u00eas<\/th>\n<th>Valor US$*<\/th>\n<\/tr>\n<\/thead>\n<tbody>\n<tr>\n<td>12\/01\/2026<\/td>\n<td>113,57<\/td>\n<td>-0,11%<\/td>\n<td>-2,79%<\/td>\n<td>21,12<\/td>\n<\/tr>\n<tr>\n<td>09\/01\/2026<\/td>\n<td>113,70<\/td>\n<td>-0,90%<\/td>\n<td>-2,68%<\/td>\n<td>21,17<\/td>\n<\/tr>\n<tr>\n<td>08\/01\/2026<\/td>\n<td>114,73<\/td>\n<td>0,45%<\/td>\n<td>-1,80%<\/td>\n<td>21,30<\/td>\n<\/tr>\n<tr>\n<td>07\/01\/2026<\/td>\n<td>114,22<\/td>\n<td>1,15%<\/td>\n<td>-2,23%<\/td>\n<td>21,20<\/td>\n<\/tr>\n<tr>\n<td>06\/01\/2026<\/td>\n<td>112,92<\/td>\n<td>-1,24%<\/td>\n<td>-3,35%<\/td>\n<td>20,99<\/td>\n<\/tr>\n<\/tbody>\n<\/table>\n<h2>Milho<\/h2>\n<p>A saca de 60 kg do milho \u00e9 negociada a<b> R$68,84, com baixa de 0,26%.<\/b><\/p>\n<p><b>INDICADOR DO MILHO ESALQ\/BM&amp;FBOVESPA<\/b><\/p>\n<table>\n<thead>\n<tr>\n<th>Data<\/th>\n<th>Valor R$*<\/th>\n<th>Var.\/Dia<\/th>\n<th>Var.\/M\u00eas<\/th>\n<th>Valor US$*<\/th>\n<\/tr>\n<\/thead>\n<tbody>\n<tr>\n<td>12\/01\/2026<\/td>\n<td>68,84<\/td>\n<td>-0,26%<\/td>\n<td>-0,95%<\/td>\n<td>12,82<\/td>\n<\/tr>\n<tr>\n<td>09\/01\/2026<\/td>\n<td>69,02<\/td>\n<td>0,12%<\/td>\n<td>-0,69%<\/td>\n<td>12,86<\/td>\n<\/tr>\n<tr>\n<td>08\/01\/2026<\/td>\n<td>68,94<\/td>\n<td>-0,09%<\/td>\n<td>-0,81%<\/td>\n<td>12,79<\/td>\n<\/tr>\n<tr>\n<td>07\/01\/2026<\/td>\n<td>69,00<\/td>\n<td>-0,19%<\/td>\n<td>-0,72%<\/td>\n<td>12,80<\/td>\n<\/tr>\n<tr>\n<td>06\/01\/2026<\/td>\n<td>69,13<\/td>\n<td>-0,36%<\/td>\n<td>-0,53%<\/td>\n<td>12,85<\/td>\n<\/tr>\n<\/tbody>\n<\/table>\n<p>Os dados s\u00e3o do <a href=\"https:\/\/www.cepea.org.br\/br\/indicador\/milho.aspx\" target=\"_blank\" rel=\"noopener\">Cepea<\/a>.<\/p>\n<h2>Diferen\u00e7a entre caf\u00e9 ar\u00e1bica e caf\u00e9 robusta: caracter\u00edsticas, uso e regi\u00f5es produtoras<\/h2>\n<p>Caf\u00e9 ar\u00e1bica e caf\u00e9 robusta s\u00e3o as duas principais variedades cultivadas e comercializadas no Brasil, ambas medidas em sacas de 60 kg.<\/p>\n<ul>\n<li>O caf\u00e9 ar\u00e1bica (conhecido tamb\u00e9m como caf\u00e9 Conilon, em algumas regi\u00f5es) tem sabor mais suave, menor teor de cafe\u00edna e alta qualidade sensorial, sendo preferido em cafeterias especializadas e nas exporta\u00e7\u00f5es de caf\u00e9s premium. Representa cerca de 70% da produ\u00e7\u00e3o brasileira, com destaque para estados como Minas Gerais e S\u00e3o Paulo.<\/li>\n<li>O caf\u00e9 robusta, por sua vez, possui sabor mais amargo, maior concentra\u00e7\u00e3o de cafe\u00edna e corpo mais intenso. \u00c9 amplamente utilizado na produ\u00e7\u00e3o de caf\u00e9 sol\u00favel e blends comerciais. Seus principais polos produtores s\u00e3o o Esp\u00edrito Santo e Rond\u00f4nia, e seu pre\u00e7o costuma ser mais baixo em compara\u00e7\u00e3o ao ar\u00e1bica, por conta do perfil mais industrial.<\/li>\n<\/ul>\n<h2>Como \u00e9 calculada a saca de a\u00e7\u00facar cristal?<\/h2>\n<p>A saca de a\u00e7\u00facar cristal no Brasil \u00e9 padronizada em 50 quilos, especialmente para comercializa\u00e7\u00e3o no mercado atacadista e para uso na ind\u00fastria aliment\u00edcia. Essa unidade de medida \u00e9 adotada pelo <a href=\"https:\/\/www.cepea.org.br\/br\/indicador\/milho.aspx\" target=\"_blank\" rel=\"noopener\">Cepea\/Esalq-USP<\/a>, principal fonte de cota\u00e7\u00f5es di\u00e1rias do a\u00e7\u00facar cristal no pa\u00eds.<\/p>\n<h2>Qual o peso da saca de milho no Brasil?<\/h2>\n<p>A saca de milho equivale a 60 kg de gr\u00e3os, mesmo padr\u00e3o utilizado para soja e trigo. Essa medida \u00e9 oficializada por institui\u00e7\u00f5es como a <strong>Companhia Nacional de Abastecimento<\/strong> (<a href=\"https:\/\/www.gov.br\/conab\/pt-br\" target=\"_blank\" rel=\"noopener\">Conab<\/a>), o <strong>Minist\u00e9rio da Agricultura<\/strong> (<a href=\"https:\/\/www.gov.br\/agricultura\/pt-br\" target=\"_blank\" rel=\"noopener\">MAPA<\/a>) e o <a href=\"https:\/\/www.cepea.org.br\/br\/indicador\/milho.aspx\" target=\"_blank\" rel=\"noopener\">Cepea<\/a>, sendo amplamente usada em negocia\u00e7\u00f5es e relat\u00f3rios de pre\u00e7o do milho.<br \/>\n\u00a0<\/p>\n<p>\t\t\t\t\t\t\t\t\t\t<img decoding=\"async\" src=\"https:\/\/brasil61.com\/api\/v1\/serve_pixel\/22254\/86975\" alt=\"Pixel Brasil 61\" class=\"b61_pixel\" width=\"0\" height=\"0\"><\/p>\n<div class=\"br61_backlink\">\n<p>\n\t\t\t\tFonte: <a href=\"https:\/\/brasil61.com\/cafe-hoje-confira-as-cotacoes-para-terca-feira-13-pagr266035\" title=\"Artigo Original: Caf\u00e9 hoje: confira as cota\u00e7\u00f5es para ter\u00e7a-feira (13)\" target=\"_blank\" rel=\"noopener\">Brasil 61<\/a>\n\t\t\t<\/p>\n<\/p><\/div>\n<input type=\"hidden\" id=\"baseurl\" value=\"https:\/\/noticiasregionais.com.br\"><input type=\"hidden\" id=\"audio_nonce\" value=\"5c13e0637f\">","protected":false},"excerpt":{"rendered":"<p>Veja os valores do caf\u00e9 ar\u00e1bica, caf\u00e9 robusta, a\u00e7\u00facar cristal e do milho no mercado<\/p>\n","protected":false},"author":1,"featured_media":12192,"comment_status":"","ping_status":"open","sticky":false,"template":"","format":"standard","meta":{"sfsi_plus_gutenberg_text_before_share":"","sfsi_plus_gutenberg_show_text_before_share":"","sfsi_plus_gutenberg_icon_type":"","sfsi_plus_gutenberg_icon_alignemt":"","sfsi_plus_gutenburg_max_per_row":"","footnotes":""},"categories":[8],"tags":[],"class_list":["post-12191","post","type-post","status-publish","format-standard","has-post-thumbnail","hentry","category-brasil"],"_links":{"self":[{"href":"https:\/\/noticiasregionais.com.br\/index.php?rest_route=\/wp\/v2\/posts\/12191","targetHints":{"allow":["GET"]}}],"collection":[{"href":"https:\/\/noticiasregionais.com.br\/index.php?rest_route=\/wp\/v2\/posts"}],"about":[{"href":"https:\/\/noticiasregionais.com.br\/index.php?rest_route=\/wp\/v2\/types\/post"}],"author":[{"embeddable":true,"href":"https:\/\/noticiasregionais.com.br\/index.php?rest_route=\/wp\/v2\/users\/1"}],"replies":[{"embeddable":true,"href":"https:\/\/noticiasregionais.com.br\/index.php?rest_route=%2Fwp%2Fv2%2Fcomments&post=12191"}],"version-history":[{"count":0,"href":"https:\/\/noticiasregionais.com.br\/index.php?rest_route=\/wp\/v2\/posts\/12191\/revisions"}],"wp:featuredmedia":[{"embeddable":true,"href":"https:\/\/noticiasregionais.com.br\/index.php?rest_route=\/wp\/v2\/media\/12192"}],"wp:attachment":[{"href":"https:\/\/noticiasregionais.com.br\/index.php?rest_route=%2Fwp%2Fv2%2Fmedia&parent=12191"}],"wp:term":[{"taxonomy":"category","embeddable":true,"href":"https:\/\/noticiasregionais.com.br\/index.php?rest_route=%2Fwp%2Fv2%2Fcategories&post=12191"},{"taxonomy":"post_tag","embeddable":true,"href":"https:\/\/noticiasregionais.com.br\/index.php?rest_route=%2Fwp%2Fv2%2Ftags&post=12191"}],"curies":[{"name":"wp","href":"https:\/\/api.w.org\/{rel}","templated":true}]}}