{"id":12193,"date":"2026-01-13T04:15:00","date_gmt":"2026-01-13T07:15:00","guid":{"rendered":"https:\/\/noticiasregionais.com.br\/?p=12193"},"modified":"2026-01-13T22:02:27","modified_gmt":"2026-01-14T01:02:27","slug":"o-que-produtores-devem-esperar-do-clima-nos-proximos-meses-nas-diferentes-regioes-do-brasil","status":"publish","type":"post","link":"https:\/\/noticiasregionais.com.br\/?p=12193","title":{"rendered":"O que produtores devem esperar do clima nos pr\u00f3ximos meses nas diferentes regi\u00f5es do Brasil?"},"content":{"rendered":"<p>\t\t\t\t\t\t\t\t\t\t<audio controls class=\"b61_audio_player\" data-noticia=\"86983\" src=\"https:\/\/brasil61.com\/rails\/active_storage\/blobs\/eyJfcmFpbHMiOnsibWVzc2FnZSI6IkJBaHBBNWJnQXc9PSIsImV4cCI6bnVsbCwicHVyIjoiYmxvYl9pZCJ9fQ==--a86e78b36a9dfcc7ff5cadb27d60af2ff950b024\/BRAS2615553A\"><\/audio><\/p>\n<p>De altos volumes de chuva mais ao sul do pa\u00eds, com direito a tornado no Paran\u00e1, passando por calor de 40\u00baC no Rio de Janeiro, a seca intensa no Nordeste. As primeiras semanas de ver\u00e3o v\u00eam confirmando a previs\u00e3o de precipita\u00e7\u00e3o e temperaturas acima das m\u00e9dias dos \u00faltimos anos.<\/p>\n<p>A previs\u00e3o do clima para o trimestre de janeiro a mar\u00e7o de 2026 \u00e9 baseada na expectativa de um epis\u00f3dio fraco do fen\u00f4meno La Ni\u00f1a, nas anomalias observadas na temperatura da superf\u00edcie do mar no Oceano Atl\u00e2ntico e nas proje\u00e7\u00f5es dos modelos do <a href=\"https:\/\/www.gov.br\/inpe\/pt-br\" target=\"_blank\" rel=\"noopener\">Instituto Nacional de Pesquisas Espaciais (Inpe)<\/a>, do <a href=\"https:\/\/portal.inmet.gov.br\/\" target=\"_blank\" rel=\"noopener\">Instituto Nacional de Meteorologia (INMET)<\/a> e da <a href=\"http:\/\/www.funceme.br\/\" target=\"_blank\" rel=\"noopener\">Funda\u00e7\u00e3o Cearense de Meteorologia e Recursos H\u00eddricos (Funceme)<\/a>.<\/p>\n<p>Em cada regi\u00e3o do pa\u00eds, as consequ\u00eancias e impactos dessas condi\u00e7\u00f5es clim\u00e1ticas s\u00e3o diferentes para a popula\u00e7\u00e3o e para os diversos setores produtivos que dependem do clima, como o turismo e o agroneg\u00f3cio.<\/p>\n<p>Para os produtores rurais, saber lidar com esse cen\u00e1rio pode ser a diferen\u00e7a entre uma boa colheita e o preju\u00edzo.<\/p>\n<h2><a href=\"https:\/\/brasil61.com\/noticias\/tag\/regiaonorte\" target=\"_blank\" rel=\"noopener\">Norte<\/a><\/h2>\n<p>A previs\u00e3o clim\u00e1tica para a Regi\u00e3o Norte indica condi\u00e7\u00f5es favor\u00e1veis para o predom\u00ednio de chuvas acima da m\u00e9dia hist\u00f3rica em grande parte do territ\u00f3rio. Nessas \u00e1reas, deve haver melhor reposi\u00e7\u00e3o de umidade do solo, o que favorece o refor\u00e7o da semeadura e o desenvolvimento das culturas de primeira safra, al\u00e9m de recuperar as pastagens.<\/p>\n<p>A temperatura m\u00e9dia do ar prevista indica valores acima da m\u00e9dia climatol\u00f3gica no Amazonas, no centro-sul do Par\u00e1, no Acre e em Rond\u00f4nia, com valores cerca de 0,5\u00b0C acima da m\u00e9dia hist\u00f3rica do per\u00edodo. J\u00e1 nos estados mais ao norte da regi\u00e3o, como Amap\u00e1 e Roraima, al\u00e9m do norte do Par\u00e1, as temperaturas devem ficar pr\u00f3ximas ao habitual para o per\u00edodo.<\/p>\n<p>A tend\u00eancia, no entanto, \u00e9 que as por\u00e7\u00f5es sudeste do Par\u00e1 e todo o estado do Tocantins registrem volumes de chuva abaixo do padr\u00e3o e temperaturas mais elevadas. Isso pode intensificar a evapotranspira\u00e7\u00e3o, o estresse t\u00e9rmico e a restri\u00e7\u00e3o h\u00eddrica.<\/p>\n<h2><a href=\"https:\/\/brasil61.com\/noticias\/tag\/nordeste\" target=\"_blank\" rel=\"noopener\">Nordeste<\/a><\/h2>\n<p>A previs\u00e3o clim\u00e1tica indica predom\u00ednio de chuva abaixo da m\u00e9dia em praticamente toda a regi\u00e3o, principalmente na Bahia, centro-sul do Piau\u00ed, e na maior parte dos estados do Sergipe, Alagoas e Pernambuco, onde s\u00e3o previstos volumes at\u00e9 100 mm abaixo da m\u00e9dia hist\u00f3rica do trimestre. Essa combina\u00e7\u00e3o de d\u00e9ficit h\u00eddrico e temperaturas acima da m\u00e9dia pode travar semeadura e desenvolvimento de lavouras sem irriga\u00e7\u00e3o mecanizada, como milho e feij\u00e3o, com maior sensibilidade nas fases reprodutivas.<\/p>\n<p>Por outro lado, s\u00e3o previstos volumes de chuva pr\u00f3ximos ou acima da m\u00e9dia no centro-norte do Maranh\u00e3o, norte do Piau\u00ed e noroeste do Cear\u00e1. Aqui, o ambiente tende a ser mais favor\u00e1vel ao desenvolvimento das culturas e da fruticultura irrigada.<\/p>\n<p>Para a temperatura, s\u00e3o esperados valores acima da m\u00e9dia hist\u00f3rica em toda a regi\u00e3o nos pr\u00f3ximos meses, principalmente na Bahia e no sul do Maranh\u00e3o e do Piau\u00ed, onde os valores podem superar 1\u00b0C acima da climatologia. Nos demais estados, as temperaturas devem ficar at\u00e9 0,5\u00b0C acima da m\u00e9dia.<\/p>\n<h2><a href=\"https:\/\/brasil61.com\/noticias\/tag\/centro-oeste\" target=\"_blank\" rel=\"noopener\">Centro-Oeste<\/a><\/h2>\n<p>As condi\u00e7\u00f5es apontam para volumes de chuvas acima da m\u00e9dia hist\u00f3rica no oeste de Mato Grosso, favorecendo cultivos de primeira safra em desenvolvimento vegetativo, flora\u00e7\u00e3o e enchimento de gr\u00e3os. \u00c9 o caso da soja, principal commodity agr\u00edcola brasileira da qual o estado \u00e9 o maior estado produtor.<\/p>\n<p>Para o Distrito Federal e o Mato Grosso do Sul, s\u00e3o previstos volumes pr\u00f3ximos \u00e0 m\u00e9dia hist\u00f3rica. J\u00e1 para o estado de Goi\u00e1s, predominam volumes abaixo da m\u00e9dia do per\u00edodo, prejudicando o desenvolvimento das lavouras.<\/p>\n<p>A previs\u00e3o indica temperaturas predominantemente acima do padr\u00e3o nos pr\u00f3ximos meses, com desvios de at\u00e9 1\u00b0C acima da climatologia na faixa central da regi\u00e3o.<\/p>\n<h2><a href=\"https:\/\/brasil61.com\/noticias\/tag\/regiao-sudeste\" target=\"_blank\" rel=\"noopener\">Sudeste<\/a><\/h2>\n<p>Espera-se predom\u00ednio de chuvas abaixo da m\u00e9dia, com volumes at\u00e9 100 mm abaixo do normal para o trimestre. Os d\u00e9ficits mais expressivos s\u00e3o previstos para as mesorregi\u00f5es de Minas Gerais, que incluem o centro do estado, a Zona da Mata, o Vale do Rio Doce e a Regi\u00e3o Metropolitana de Belo Horizonte.\u00a0<\/p>\n<p>As previs\u00f5es indicam temperatura acima da m\u00e9dia em at\u00e9 1\u00b0C . Essa combina\u00e7\u00e3o de menos chuva e mais calor deve atrasar o desenvolvimento das lavouras onde n\u00e3o h\u00e1 irriga\u00e7\u00e3o mecanizada.<\/p>\n<p>S\u00e3o Paulo aparece como exce\u00e7\u00e3o a esse panorama. As chuvas devem ser acima da m\u00e9dia, o que pode repor a umidade do solo, que ajuda o andamento de lavouras de gr\u00e3os, cana-de-a\u00e7\u00facar, laranja e caf\u00e9.<\/p>\n<h2><a href=\"https:\/\/brasil61.com\/noticias\/tag\/regiao-sul\" target=\"_blank\" rel=\"noopener\">Sul<\/a><\/h2>\n<p>A previs\u00e3o indica condi\u00e7\u00f5es favor\u00e1veis de chuvas acima da m\u00e9dia hist\u00f3rica em todos os estados da Regi\u00e3o Sul, com os maiores volumes previstos para as mesorregi\u00f5es do sudeste e sudoeste do Rio Grande do Sul, com acumulados at\u00e9 50 mm acima da m\u00e9dia hist\u00f3rica do trimestre.<\/p>\n<p>Para a temperatura, as previs\u00f5es indicam valores predominantemente acima da m\u00e9dia, principalmente no oeste do Rio Grande do Sul, chegando at\u00e9 1\u00b0C acima da climatologia.<\/p>\n<p>Mais sol com menos chuva favorece a recupera\u00e7\u00e3o das pastagens e as culturas de ver\u00e3o, como o arroz irrigado, facilitando opera\u00e7\u00f5es no campo e o crescimento da produ\u00e7\u00e3o.<\/p>\n<p>\t\t\t\t\t\t\t\t\t<img decoding=\"async\" src=\"https:\/\/brasil61.com\/api\/v1\/serve_pixel\/22254\/86983\" alt=\"Pixel Brasil 61\" class=\"b61_pixel\" width=\"0\" height=\"0\"><\/p>\n<div class=\"br61_backlink\">\n<p>\n\t\t\t\tFonte: <a href=\"https:\/\/brasil61.com\/o-que-produtores-devem-esperar-do-clima-nos-proximos-meses-nas-diferentes-regioes-do-brasil-bras2615553\" title=\"Artigo Original: O que produtores devem esperar do clima nos pr\u00f3ximos meses nas diferentes regi\u00f5es do Brasil?\" target=\"_blank\" rel=\"noopener\">Brasil 61<\/a>\n\t\t\t<\/p>\n<\/p><\/div>\n<input type=\"hidden\" id=\"baseurl\" value=\"https:\/\/noticiasregionais.com.br\"><input type=\"hidden\" id=\"audio_nonce\" value=\"5c13e0637f\">","protected":false},"excerpt":{"rendered":"<p>La Ni\u00f1a, anomalias do Oceano Atl\u00e2ntico e proje\u00e7\u00f5es dos \u00f3rg\u00e3os meteorol\u00f3gicos impactam no planejamento agr\u00edcola<\/p>\n","protected":false},"author":1,"featured_media":12208,"comment_status":"closed","ping_status":"open","sticky":false,"template":"","format":"standard","meta":{"sfsi_plus_gutenberg_text_before_share":"","sfsi_plus_gutenberg_show_text_before_share":"","sfsi_plus_gutenberg_icon_type":"","sfsi_plus_gutenberg_icon_alignemt":"","sfsi_plus_gutenburg_max_per_row":"","footnotes":""},"categories":[8],"tags":[],"class_list":["post-12193","post","type-post","status-publish","format-standard","has-post-thumbnail","hentry","category-brasil"],"_links":{"self":[{"href":"https:\/\/noticiasregionais.com.br\/index.php?rest_route=\/wp\/v2\/posts\/12193","targetHints":{"allow":["GET"]}}],"collection":[{"href":"https:\/\/noticiasregionais.com.br\/index.php?rest_route=\/wp\/v2\/posts"}],"about":[{"href":"https:\/\/noticiasregionais.com.br\/index.php?rest_route=\/wp\/v2\/types\/post"}],"author":[{"embeddable":true,"href":"https:\/\/noticiasregionais.com.br\/index.php?rest_route=\/wp\/v2\/users\/1"}],"replies":[{"embeddable":true,"href":"https:\/\/noticiasregionais.com.br\/index.php?rest_route=%2Fwp%2Fv2%2Fcomments&post=12193"}],"version-history":[{"count":1,"href":"https:\/\/noticiasregionais.com.br\/index.php?rest_route=\/wp\/v2\/posts\/12193\/revisions"}],"predecessor-version":[{"id":12207,"href":"https:\/\/noticiasregionais.com.br\/index.php?rest_route=\/wp\/v2\/posts\/12193\/revisions\/12207"}],"wp:featuredmedia":[{"embeddable":true,"href":"https:\/\/noticiasregionais.com.br\/index.php?rest_route=\/wp\/v2\/media\/12208"}],"wp:attachment":[{"href":"https:\/\/noticiasregionais.com.br\/index.php?rest_route=%2Fwp%2Fv2%2Fmedia&parent=12193"}],"wp:term":[{"taxonomy":"category","embeddable":true,"href":"https:\/\/noticiasregionais.com.br\/index.php?rest_route=%2Fwp%2Fv2%2Fcategories&post=12193"},{"taxonomy":"post_tag","embeddable":true,"href":"https:\/\/noticiasregionais.com.br\/index.php?rest_route=%2Fwp%2Fv2%2Ftags&post=12193"}],"curies":[{"name":"wp","href":"https:\/\/api.w.org\/{rel}","templated":true}]}}