{"id":12195,"date":"2026-01-13T04:30:00","date_gmt":"2026-01-13T07:30:00","guid":{"rendered":"https:\/\/noticiasregionais.com.br\/?p=12195"},"modified":"2026-01-13T04:30:00","modified_gmt":"2026-01-13T07:30:00","slug":"sp-intensifica-vacinacao-contra-sarampo-e-febre-amarela-na-capital","status":"publish","type":"post","link":"https:\/\/noticiasregionais.com.br\/?p=12195","title":{"rendered":"SP intensifica vacina\u00e7\u00e3o contra sarampo e febre amarela na capital"},"content":{"rendered":"<p>\t\t\t\t\t\t\t\t\t\t\t<audio controls class=\"b61_audio_player\" data-noticia=\"86972\" src=\"https:\/\/brasil61.com\/rails\/active_storage\/blobs\/eyJfcmFpbHMiOnsibWVzc2FnZSI6IkJBaHBBNDNnQXc9PSIsImV4cCI6bnVsbCwicHVyIjoiYmxvYl9pZCJ9fQ==--c53b751ac76ef7c48b5b3998b90215331dc0cb0d\/BRAS2615548A\"><\/audio><\/p>\n<p>O Minist\u00e9rio da Sa\u00fade (<a href=\"https:\/\/www.gov.br\/saude\/pt-br\" target=\"_blank\" rel=\"noopener\">MS<\/a>), em parceria com a Secretaria de Estado da Sa\u00fade de <strong>S\u00e3o Paulo<\/strong> (<a href=\"https:\/\/www.saude.sp.gov.br\/\" target=\"_blank\" rel=\"noopener\">SES-SP<\/a>), deu in\u00edcio nesta segunda-feira (12) a uma nova etapa da campanha de vacina\u00e7\u00e3o, com foco no <strong>refor\u00e7o dos imunizantes contra o <a href=\"https:\/\/www.gov.br\/saude\/pt-br\/assuntos\/saude-de-a-a-z\/s\/sarampo\" target=\"_blank\" rel=\"noopener\">sarampo<\/a> e a <a href=\"https:\/\/www.gov.br\/saude\/pt-br\/assuntos\/saude-de-a-a-z\/f\/febre-amarela\" target=\"_blank\" rel=\"noopener\">febre amarela<\/a> na capital<\/strong>. O <strong><a href=\"https:\/\/www.instagram.com\/p\/DJeH-I8R8_h\/?utm_source=ig_web_copy_link\" target=\"_blank\" rel=\"noopener\">Dia D<\/a> de mobiliza\u00e7\u00e3o<\/strong>, destinado para a popula\u00e7\u00e3o em geral, est\u00e1 <strong>marcado para 24 de janeiro<\/strong>.\u00a0<\/p>\n<p>Embora o sarampo esteja erradicado no Brasil, com reconhecimento da Organiza\u00e7\u00e3o Pan-Americana da Sa\u00fade e pela Organiza\u00e7\u00e3o Mundial da Sa\u00fade (<a href=\"https:\/\/www.paho.org\/pt\/brasil\" target=\"_blank\" rel=\"noopener\">OPAS\/OMS<\/a>), a <strong>iniciativa ocorre ap\u00f3s a confirma\u00e7\u00e3o de dois casos importados no ano passado<\/strong>.<\/p>\n<p>A estrat\u00e9gia tem como objetivo <strong>ampliar a cobertura vacinal, atualizar cadernetas <\/strong>e, consequentemente,<strong> reduzir o n\u00famero de pessoas suscet\u00edveis \u00e0s doen\u00e7as<\/strong>. Com esses prop\u00f3sitos, a <strong>a\u00e7\u00e3o prioriza locais de grande circula\u00e7\u00e3o<\/strong> de pessoas, como:<\/p>\n<ul>\n<li>terminais rodovi\u00e1rios,\u00a0<\/li>\n<li>esta\u00e7\u00f5es de metr\u00f4,\u00a0<\/li>\n<li>shoppings; e\u00a0<\/li>\n<li>aeroportos.<\/li>\n<\/ul>\n<p>Al\u00e9m de <strong>a\u00e7\u00f5es direcionadas a p\u00fablicos espec\u00edficos entre os dias 19 e 23 de janeiro<\/strong>, como profissionais da seguran\u00e7a p\u00fablica, taxistas e trabalhadores do setor hoteleiro.<\/p>\n<p>Segundo o diretor do Programa Nacional de Imuniza\u00e7\u00f5es (<a href=\"https:\/\/www.gov.br\/saude\/pt-br\/composicao\/svsa\/pni\" target=\"_blank\" rel=\"noopener\">PNI<\/a>), do Minist\u00e9rio da Sa\u00fade, Eder Gatti, \u201ca vacina\u00e7\u00e3o \u00e9 a principal ferramenta de prote\u00e7\u00e3o. Ao refor\u00e7ar as a\u00e7\u00f5es em grandes centros urbanos, conseguimos interromper cadeias de transmiss\u00e3o e proteger a popula\u00e7\u00e3o de forma coletiva\u201d.<\/p>\n<h2>Quem deve se vacinar?<\/h2>\n<p>A vacina contra o <strong>sarampo<\/strong> \u00e9 destinada a pessoas de <strong>12 meses a 59 anos<\/strong>. J\u00e1 a imuniza\u00e7\u00e3o contra a <strong>febre amarela<\/strong> \u00e9 indicada para quem tem entre <strong>9 meses e 59 anos<\/strong>.<\/p>\n<p>Para se vacinar, a popula\u00e7\u00e3o deve procurar uma Unidade B\u00e1sica de Sa\u00fade (<a href=\"https:\/\/www.gov.br\/saude\/pt-br\/assuntos\/novo-pac-saude\/unidades-basicas-de-saude\" target=\"_blank\" rel=\"noopener\">UBS<\/a>) ou um dos pontos instalados em locais de grande circula\u00e7\u00e3o no munic\u00edpio. As vacinas s\u00e3o oferecidas gratuitamente pelo Sistema \u00danico de Sa\u00fade (<a href=\"https:\/\/www.gov.br\/saude\/pt-br\/sus\" target=\"_blank\" rel=\"noopener\">SUS<\/a>).<\/p>\n<h2>Cen\u00e1rio epidemiol\u00f3gico<\/h2>\n<p>Em 2025, o Brasil confirmou <strong>38 casos importados de sarampo<\/strong>, de acordo com o <a href=\"https:\/\/www.gov.br\/saude\/pt-br\/assuntos\/noticias\/2026\/janeiro\/vacinacao-contra-sarampo-e-febre-amarela-e-intensificada-em-locais-de-grande-circulacao-na-capital-paulista\" target=\"_blank\" rel=\"noopener\">MS<\/a>. A maioria associada a viagens internacionais ou ao contato com regi\u00f5es de baixa cobertura vacinal. No estado de S\u00e3o Paulo, at\u00e9 dezembro, foram registradas 1,4 mil notifica\u00e7\u00f5es da doen\u00e7a, sendo 359 no munic\u00edpio.<\/p>\n<p>Em rela\u00e7\u00e3o \u00e0 <strong>febre amarela<\/strong>, entre julho de 2024 e junho de 2025, foram confirmados <strong>123 casos no pa\u00eds<\/strong>, dos quais 63 no estado de S\u00e3o Paulo. <strong>No per\u00edodo atual de monitoramento (2025\/2026), n\u00e3o h\u00e1 registros da doen\u00e7a<\/strong>.<\/p>\n<p><strong>VEJA MAIS:<\/strong><\/p>\n<ul>\n<li><a href=\"https:\/\/brasil61.com\/n\/vigilancia-contra-sarampo-e-intensificada-em-sp-ms-e-pr-para-evitar-reintroducao-do-virus-bras2615486\" target=\"_blank\" rel=\"noopener\">Vigil\u00e2ncia contra sarampo \u00e9 intensificada em SP, MS e PR para evitar reintrodu\u00e7\u00e3o do v\u00edrus<\/a><\/li>\n<li><a href=\"https:\/\/brasil61.com\/n\/temporada-de-cruzeiros-acende-alerta-para-vacinacao-contra-o-sarampo-bras2515448\" target=\"_blank\" rel=\"noopener\">Temporada de cruzeiros acende alerta para vacina\u00e7\u00e3o contra o sarampo<\/a><\/li>\n<\/ul>\n<p>\t\t\t\t\t\t\t\t\t\t<img decoding=\"async\" src=\"https:\/\/brasil61.com\/api\/v1\/serve_pixel\/22254\/86972\" alt=\"Pixel Brasil 61\" class=\"b61_pixel\" width=\"0\" height=\"0\"><\/p>\n<div class=\"br61_backlink\">\n<p>\n\t\t\t\tFonte: <a href=\"https:\/\/brasil61.com\/sp-intensifica-vacinacao-contra-sarampo-e-febre-amarela-na-capital-bras2615548\" title=\"Artigo Original: SP intensifica vacina\u00e7\u00e3o contra sarampo e febre amarela na capital\" target=\"_blank\" rel=\"noopener\">Brasil 61<\/a>\n\t\t\t<\/p>\n<\/p><\/div>\n<input type=\"hidden\" id=\"baseurl\" value=\"https:\/\/noticiasregionais.com.br\"><input type=\"hidden\" id=\"audio_nonce\" value=\"5c13e0637f\">","protected":false},"excerpt":{"rendered":"<p>Dia D de mobiliza\u00e7\u00e3o, destinado para a popula\u00e7\u00e3o em geral, est\u00e1 marcado para 24 de janeiro; a\u00e7\u00e3o prioriza locais de grande circula\u00e7\u00e3o de pessoas<\/p>\n","protected":false},"author":1,"featured_media":12196,"comment_status":"","ping_status":"open","sticky":false,"template":"","format":"standard","meta":{"sfsi_plus_gutenberg_text_before_share":"","sfsi_plus_gutenberg_show_text_before_share":"","sfsi_plus_gutenberg_icon_type":"","sfsi_plus_gutenberg_icon_alignemt":"","sfsi_plus_gutenburg_max_per_row":"","footnotes":""},"categories":[8],"tags":[],"class_list":["post-12195","post","type-post","status-publish","format-standard","has-post-thumbnail","hentry","category-brasil"],"_links":{"self":[{"href":"https:\/\/noticiasregionais.com.br\/index.php?rest_route=\/wp\/v2\/posts\/12195","targetHints":{"allow":["GET"]}}],"collection":[{"href":"https:\/\/noticiasregionais.com.br\/index.php?rest_route=\/wp\/v2\/posts"}],"about":[{"href":"https:\/\/noticiasregionais.com.br\/index.php?rest_route=\/wp\/v2\/types\/post"}],"author":[{"embeddable":true,"href":"https:\/\/noticiasregionais.com.br\/index.php?rest_route=\/wp\/v2\/users\/1"}],"replies":[{"embeddable":true,"href":"https:\/\/noticiasregionais.com.br\/index.php?rest_route=%2Fwp%2Fv2%2Fcomments&post=12195"}],"version-history":[{"count":0,"href":"https:\/\/noticiasregionais.com.br\/index.php?rest_route=\/wp\/v2\/posts\/12195\/revisions"}],"wp:featuredmedia":[{"embeddable":true,"href":"https:\/\/noticiasregionais.com.br\/index.php?rest_route=\/wp\/v2\/media\/12196"}],"wp:attachment":[{"href":"https:\/\/noticiasregionais.com.br\/index.php?rest_route=%2Fwp%2Fv2%2Fmedia&parent=12195"}],"wp:term":[{"taxonomy":"category","embeddable":true,"href":"https:\/\/noticiasregionais.com.br\/index.php?rest_route=%2Fwp%2Fv2%2Fcategories&post=12195"},{"taxonomy":"post_tag","embeddable":true,"href":"https:\/\/noticiasregionais.com.br\/index.php?rest_route=%2Fwp%2Fv2%2Ftags&post=12195"}],"curies":[{"name":"wp","href":"https:\/\/api.w.org\/{rel}","templated":true}]}}