{"id":12199,"date":"2026-01-13T04:55:00","date_gmt":"2026-01-13T07:55:00","guid":{"rendered":"https:\/\/noticiasregionais.com.br\/?p=12199"},"modified":"2026-01-13T04:55:00","modified_gmt":"2026-01-13T07:55:00","slug":"funttel-injeta-r375-milhoes-em-tecnologia-e-telecomunicacoes","status":"publish","type":"post","link":"https:\/\/noticiasregionais.com.br\/?p=12199","title":{"rendered":"Funttel injeta R$375 milh\u00f5es em Tecnologia e Telecomunica\u00e7\u00f5es"},"content":{"rendered":"<p>\t\t\t\t\t\t\t\t\t\t\t<audio controls class=\"b61_audio_player\" data-noticia=\"86979\" src=\"https:\/\/brasil61.com\/rails\/active_storage\/blobs\/eyJfcmFpbHMiOnsibWVzc2FnZSI6IkJBaHBBNFBnQXc9PSIsImV4cCI6bnVsbCwicHVyIjoiYmxvYl9pZCJ9fQ==--ad9fd5ae0c91bfa15a43418c4e26c00d1a2fdb95\/MCOM260207A\"><\/audio><\/p>\n<p>O <a href=\"https:\/\/www.gov.br\/mcom\/pt-br\/acesso-a-informacao\/acoes-e-programas\/programas-projetos-acoes-obras-e-atividades\/funttel\" target=\"_blank\" rel=\"noopener\">Fundo para o Desenvolvimento Tecnol\u00f3gico das Telecomunica\u00e7\u00f5es (Funttel)<\/a> forneceu, em 2025, mais de R$362 milh\u00f5es em financiamentos para empresas do setor. Os recursos foram destinados ao apoio de projetos de tecnologia e \u00e0 venda de equipamentos pela ind\u00fastria brasileira de telecomunica\u00e7\u00f5es. As informa\u00e7\u00f5es s\u00e3o do <a href=\"https:\/\/www.gov.br\/mcom\/pt-br\" target=\"_blank\" rel=\"noopener\">Minist\u00e9rio das Comunica\u00e7\u00f5es<\/a>, gestor do fundo.\u00a0<\/p>\n<p>Do valor total, R$171,8 milh\u00f5es foram contratados junto aos agentes financeiros do Funttel (<a href=\"https:\/\/www.bndes.gov.br\/wps\/portal\/site\/home\" target=\"_blank\" rel=\"noopener\">BNDES<\/a> e <a href=\"http:\/\/www.finep.gov.br\/\" target=\"_blank\" rel=\"noopener\">Finep<\/a>) para opera\u00e7\u00f5es de cr\u00e9dito de apoio \u00e0 inova\u00e7\u00e3o e R$190,2 milh\u00f5es foram para financiar a aquisi\u00e7\u00e3o de equipamentos de telecomunica\u00e7\u00f5es. \u00a0<\/p>\n<p>Consideradas pelo governo federal como estrat\u00e9gicas para o pa\u00eds, as aplica\u00e7\u00f5es do Funttel apoiam, por exemplo, o desenvolvimento de ferramentas como Internet das Coisas, 5G na \u00e1rea da sa\u00fade e Intelig\u00eancia Artificial destinada ao setor de telecomunica\u00e7\u00f5es.<\/p>\n<p>Al\u00e9m das opera\u00e7\u00f5es de cr\u00e9dito, o fundo repassou R$13 milh\u00f5es para apoiar projetos da <a href=\"https:\/\/www.cpqd.com.br\/\" target=\"_blank\" rel=\"noopener\">Funda\u00e7\u00e3o CPQD &#8211; Centro de Pesquisa e Desenvolvimento em Telecomunica\u00e7\u00f5es<\/a>, em \u00e1reas como seguran\u00e7a da informa\u00e7\u00e3o, telemedicina, redes futuras e transmiss\u00e3o de dados em altas velocidades.<\/p>\n<p><strong>Educa\u00e7\u00e3o<\/strong><\/p>\n<p>O fundo tamb\u00e9m atua como um catalisador para o desenvolvimento educacional no campo das telecomunica\u00e7\u00f5es, seja formando novos profissionais, financiando pesquisas ou contribuindo para a infraestrutura digital das escolas p\u00fablicas.\u00a0<\/p>\n<p>Para o ministro das Comunica\u00e7\u00f5es, Frederico de Siqueira Filho, o car\u00e1ter educacional \u00e9 aspecto indispens\u00e1vel do Funttel. \u201cO Brasil \u00e9 um pa\u00eds continental que necessita de muito investimento para chegar nos cantos e recantos. Vamos continuar avan\u00e7ando, dialogando com estados, munic\u00edpios, operadoras e sociedade civil. Porque s\u00f3 com a uni\u00e3o de todos vamos conseguir transformar, de fato, a educa\u00e7\u00e3o brasileira\u201d, afirmou o ministro.<\/p>\n<p>Junto com o <a href=\"https:\/\/www.gov.br\/anatel\/pt-br\/regulado\/arrecadacao\/fust\" target=\"_blank\" rel=\"noopener\">Fundo de Universaliza\u00e7\u00e3o dos Servi\u00e7os de Telecomunica\u00e7\u00f5es (Fust)<\/a>, o Funtell \u00e9 fonte de recursos para a Pol\u00edtica Nacional de Educa\u00e7\u00e3o Digital. Al\u00e9m disso, j\u00e1 destinou recursos para a concess\u00e3o de bolsas de inicia\u00e7\u00e3o cient\u00edfica para estudantes de gradua\u00e7\u00e3o em telecomunica\u00e7\u00f5es, em parceria com o Conselho Nacional de Desenvolvimento Cient\u00edfico e Tecnol\u00f3gico (CNPq).<br \/>\n\u00a0<\/p>\n<p>\t\t\t\t\t\t\t\t\t\t<img decoding=\"async\" src=\"https:\/\/brasil61.com\/api\/v1\/serve_pixel\/22254\/86979\" alt=\"Pixel Brasil 61\" class=\"b61_pixel\" width=\"0\" height=\"0\"><\/p>\n<div class=\"br61_backlink\">\n<p>\n\t\t\t\tFonte: <a href=\"https:\/\/brasil61.com\/funttel-injeta-r-375-milhoes-em-tecnologia-e-telecomunicacoes-mcom260207\" title=\"Artigo Original: Funttel injeta R$375 milh\u00f5es em Tecnologia e Telecomunica\u00e7\u00f5es\" target=\"_blank\" rel=\"noopener\">Brasil 61<\/a>\n\t\t\t<\/p>\n<\/p><\/div>\n<input type=\"hidden\" id=\"baseurl\" value=\"https:\/\/noticiasregionais.com.br\"><input type=\"hidden\" id=\"audio_nonce\" value=\"5c13e0637f\">","protected":false},"excerpt":{"rendered":"<p>Opera\u00e7\u00f5es de cr\u00e9dito e fomento tecnol\u00f3gico tiveram alta de 8% em 2025<\/p>\n","protected":false},"author":1,"featured_media":12200,"comment_status":"","ping_status":"open","sticky":false,"template":"","format":"standard","meta":{"sfsi_plus_gutenberg_text_before_share":"","sfsi_plus_gutenberg_show_text_before_share":"","sfsi_plus_gutenberg_icon_type":"","sfsi_plus_gutenberg_icon_alignemt":"","sfsi_plus_gutenburg_max_per_row":"","footnotes":""},"categories":[8],"tags":[],"class_list":["post-12199","post","type-post","status-publish","format-standard","has-post-thumbnail","hentry","category-brasil"],"_links":{"self":[{"href":"https:\/\/noticiasregionais.com.br\/index.php?rest_route=\/wp\/v2\/posts\/12199","targetHints":{"allow":["GET"]}}],"collection":[{"href":"https:\/\/noticiasregionais.com.br\/index.php?rest_route=\/wp\/v2\/posts"}],"about":[{"href":"https:\/\/noticiasregionais.com.br\/index.php?rest_route=\/wp\/v2\/types\/post"}],"author":[{"embeddable":true,"href":"https:\/\/noticiasregionais.com.br\/index.php?rest_route=\/wp\/v2\/users\/1"}],"replies":[{"embeddable":true,"href":"https:\/\/noticiasregionais.com.br\/index.php?rest_route=%2Fwp%2Fv2%2Fcomments&post=12199"}],"version-history":[{"count":0,"href":"https:\/\/noticiasregionais.com.br\/index.php?rest_route=\/wp\/v2\/posts\/12199\/revisions"}],"wp:featuredmedia":[{"embeddable":true,"href":"https:\/\/noticiasregionais.com.br\/index.php?rest_route=\/wp\/v2\/media\/12200"}],"wp:attachment":[{"href":"https:\/\/noticiasregionais.com.br\/index.php?rest_route=%2Fwp%2Fv2%2Fmedia&parent=12199"}],"wp:term":[{"taxonomy":"category","embeddable":true,"href":"https:\/\/noticiasregionais.com.br\/index.php?rest_route=%2Fwp%2Fv2%2Fcategories&post=12199"},{"taxonomy":"post_tag","embeddable":true,"href":"https:\/\/noticiasregionais.com.br\/index.php?rest_route=%2Fwp%2Fv2%2Ftags&post=12199"}],"curies":[{"name":"wp","href":"https:\/\/api.w.org\/{rel}","templated":true}]}}