{"id":1220,"date":"2023-11-17T19:55:35","date_gmt":"2023-11-17T22:55:35","guid":{"rendered":"https:\/\/noticiasregionais.com.br\/?p=1220"},"modified":"2023-11-17T19:55:49","modified_gmt":"2023-11-17T22:55:49","slug":"feriado-prolongado-movimenta-acoes-de-seguranca-no-transito-da-prf-na-br-153","status":"publish","type":"post","link":"https:\/\/noticiasregionais.com.br\/?p=1220","title":{"rendered":"Feriado prolongado movimenta a\u00e7\u00f5es de seguran\u00e7a no tr\u00e2nsito da PRF na BR 153"},"content":{"rendered":"\n<p>A intensifica\u00e7\u00e3o nas a\u00e7\u00f5es de seguran\u00e7a vi\u00e1ria da PRF come\u00e7ou \u00e0 meia-noite desta sexta-feira (17), e segue at\u00e9 23h59min de segunda-feira (20).<br>Por conta do feriado prolongado do Dia da Consci\u00eancia Negra, decretado como feriado no estado de S\u00e3o Paulo por meio da Lei estadual n\u00ba Lei 17.746\/2023, estima-se que as fam\u00edlias aproveitem o per\u00edodo maior de descanso para viajar.<br>Para que a imprud\u00eancia n\u00e3o coloque em risco a vida das pessoas na BR 153, a PRF intensifica a fiscaliza\u00e7\u00e3o acerca do excesso de velocidade, embriaguez ao volante, uso do celular na dire\u00e7\u00e3o e falta do cinto de seguran\u00e7a para motoristas e passageiros.<br>As a\u00e7\u00f5es de fiscaliza\u00e7\u00e3o implicam em atua\u00e7\u00e3o com maior incid\u00eancia nos locais e hor\u00e1rios com maior risco de acidentes provocados pela irresponsabilidade do condutor.<br>Para que tenha uma viagem segura, o motorista deve atentar-se para a manuten\u00e7\u00e3o preventiva do ve\u00edculo, substituindo pneus &#8220;carecas&#8221; e revisando freios e suspens\u00e3o.<br>Planejar a viagem \u00e9 essencial para evitar aborrecimentos. Evite dirigir por muitas horas sem parar. Quando sentir-se cansado, pare em um ponto de apoio para lavar o rosto e tomar um caf\u00e9. Dirigir cansado pode provocar a &#8220;hipnose do sono&#8221;, que \u00e9 quando o motorista perde a consci\u00eancia por alguns segundos, mesmo com os olhos abertos.<br>Respeite os limites de velocidade. A pressa \u00e9 inimiga da seguran\u00e7a nas rodovias.<br>Jamais dirija depois de beber.<br>E se precisar, pode contar com a PRF.<\/p>\n<input type=\"hidden\" id=\"baseurl\" value=\"https:\/\/noticiasregionais.com.br\"><input type=\"hidden\" id=\"audio_nonce\" value=\"533fbb67b1\">","protected":false},"excerpt":{"rendered":"<p>A intensifica\u00e7\u00e3o nas a\u00e7\u00f5es de seguran\u00e7a vi\u00e1ria da PRF come\u00e7ou \u00e0 meia-noite desta sexta-feira (17), e segue at\u00e9 23h59min de&hellip;<\/p>\n","protected":false},"author":1,"featured_media":1221,"comment_status":"closed","ping_status":"open","sticky":false,"template":"","format":"standard","meta":{"sfsi_plus_gutenberg_text_before_share":"","sfsi_plus_gutenberg_show_text_before_share":"","sfsi_plus_gutenberg_icon_type":"","sfsi_plus_gutenberg_icon_alignemt":"","sfsi_plus_gutenburg_max_per_row":"","footnotes":""},"categories":[6,10,1],"tags":[],"class_list":["post-1220","post","type-post","status-publish","format-standard","has-post-thumbnail","hentry","category-sao_paulo","category-destaques","category-noticias"],"_links":{"self":[{"href":"https:\/\/noticiasregionais.com.br\/index.php?rest_route=\/wp\/v2\/posts\/1220","targetHints":{"allow":["GET"]}}],"collection":[{"href":"https:\/\/noticiasregionais.com.br\/index.php?rest_route=\/wp\/v2\/posts"}],"about":[{"href":"https:\/\/noticiasregionais.com.br\/index.php?rest_route=\/wp\/v2\/types\/post"}],"author":[{"embeddable":true,"href":"https:\/\/noticiasregionais.com.br\/index.php?rest_route=\/wp\/v2\/users\/1"}],"replies":[{"embeddable":true,"href":"https:\/\/noticiasregionais.com.br\/index.php?rest_route=%2Fwp%2Fv2%2Fcomments&post=1220"}],"version-history":[{"count":1,"href":"https:\/\/noticiasregionais.com.br\/index.php?rest_route=\/wp\/v2\/posts\/1220\/revisions"}],"predecessor-version":[{"id":1222,"href":"https:\/\/noticiasregionais.com.br\/index.php?rest_route=\/wp\/v2\/posts\/1220\/revisions\/1222"}],"wp:featuredmedia":[{"embeddable":true,"href":"https:\/\/noticiasregionais.com.br\/index.php?rest_route=\/wp\/v2\/media\/1221"}],"wp:attachment":[{"href":"https:\/\/noticiasregionais.com.br\/index.php?rest_route=%2Fwp%2Fv2%2Fmedia&parent=1220"}],"wp:term":[{"taxonomy":"category","embeddable":true,"href":"https:\/\/noticiasregionais.com.br\/index.php?rest_route=%2Fwp%2Fv2%2Fcategories&post=1220"},{"taxonomy":"post_tag","embeddable":true,"href":"https:\/\/noticiasregionais.com.br\/index.php?rest_route=%2Fwp%2Fv2%2Ftags&post=1220"}],"curies":[{"name":"wp","href":"https:\/\/api.w.org\/{rel}","templated":true}]}}