{"id":12211,"date":"2026-01-14T04:05:00","date_gmt":"2026-01-14T07:05:00","guid":{"rendered":"https:\/\/noticiasregionais.com.br\/?p=12211"},"modified":"2026-01-14T04:05:00","modified_gmt":"2026-01-14T07:05:00","slug":"cafe-hoje-confira-as-cotacoes-para-esta-quarta-feira-14","status":"publish","type":"post","link":"https:\/\/noticiasregionais.com.br\/?p=12211","title":{"rendered":"Caf\u00e9 hoje: confira as cota\u00e7\u00f5es para esta quarta-feira (14)"},"content":{"rendered":"<p>\t\t\t\t\t\t\t\t\t\t\t<audio controls class=\"b61_audio_player\" data-noticia=\"87001\" src=\"https:\/\/brasil61.com\/rails\/active_storage\/blobs\/eyJfcmFpbHMiOnsibWVzc2FnZSI6IkJBaHBBM3JoQXc9PSIsImV4cCI6bnVsbCwicHVyIjoiYmxvYl9pZCJ9fQ==--7b419e41fbe58d25389d4d7f2c0328c04c44d0cd\/PAGR266039A\"><\/audio><\/p>\n<p>O pre\u00e7o do <strong>caf\u00e9 ar\u00e1bica<\/strong>\u00a0abre\u00a0esta <strong>quarta-feira (14)<\/strong> em\u00a0<strong>alta de 0,50%<\/strong>, com a saca de 60 kg negociada a <strong>R$ 2.216,15\u00a0<\/strong>na cidade de S\u00e3o Paulo.<\/p>\n<p><strong>INDICADOR DO CAF\u00c9 AR\u00c1BICA CEPEA\/ESALQ<\/strong><\/p>\n<\/p>\n<\/p>\n<\/p>\n<\/p>\n<\/p>\n<\/p>\n<\/p>\n<\/p>\n<\/p>\n<table id=\"imagenet-indicador1\">\n<thead>\n<tr>\n<th>DATA<\/th>\n<th>VALOR R$<\/th>\n<th>VAR.\/DIA<\/th>\n<th>VAR.\/M\u00caS<\/th>\n<th>VALOR US$<\/th>\n<\/tr>\n<\/thead>\n<tbody>\n<tr>\n<td>13\/01\/2026<\/td>\n<td>2.216,15<\/td>\n<td>0,50%<\/td>\n<td>1,90%<\/td>\n<td>411,92<\/td>\n<\/tr>\n<tr>\n<td>12\/01\/2026<\/td>\n<td>2.205,19<\/td>\n<td>-0,91%<\/td>\n<td>1,40%<\/td>\n<td>410,65<\/td>\n<\/tr>\n<tr>\n<td>09\/01\/2026<\/td>\n<td>2.225,39<\/td>\n<td>-1,80%<\/td>\n<td>2,33%<\/td>\n<td>414,64<\/td>\n<\/tr>\n<tr>\n<td>08\/01\/2026<\/td>\n<td>2.266,21<\/td>\n<td>0,14%<\/td>\n<td>4,21%<\/td>\n<td>420,37<\/td>\n<\/tr>\n<tr>\n<td>07\/01\/2026<\/td>\n<td>2.263,04<\/td>\n<td>1,14%<\/td>\n<td>4,06%<\/td>\n<td>419,94<\/td>\n<\/tr>\n<\/tbody>\n<\/table>\n<p>O <strong>caf\u00e9 robusta<\/strong> teve\u00a0<strong>alta de 0,18%<\/strong> no pre\u00e7o, sendo comercializado a <strong>R$ 1.280,59<\/strong>.<\/p>\n<p><strong>INDICADOR DO CAF\u00c9 ROBUSTA CEPEA\/ESALQ<\/strong><\/p>\n<\/p>\n<\/p>\n<\/p>\n<\/p>\n<\/p>\n<\/p>\n<\/p>\n<\/p>\n<\/p>\n<table id=\"imagenet-indicador2\">\n<thead>\n<tr>\n<th>DATA<\/th>\n<th>VALOR R$<\/th>\n<th>VAR.\/DIA<\/th>\n<th>VAR.\/M\u00caS<\/th>\n<th>VALOR US$<\/th>\n<\/tr>\n<\/thead>\n<tbody>\n<tr>\n<td>13\/01\/2026<\/td>\n<td>1.280,59<\/td>\n<td>0,18%<\/td>\n<td>1,32%<\/td>\n<td>238,03<\/td>\n<\/tr>\n<tr>\n<td>12\/01\/2026<\/td>\n<td>1.278,33<\/td>\n<td>-0,32%<\/td>\n<td>1,14%<\/td>\n<td>238,05<\/td>\n<\/tr>\n<tr>\n<td>09\/01\/2026<\/td>\n<td>1.282,40<\/td>\n<td>-0,22%<\/td>\n<td>1,46%<\/td>\n<td>238,94<\/td>\n<\/tr>\n<tr>\n<td>08\/01\/2026<\/td>\n<td>1.285,25<\/td>\n<td>0,20%<\/td>\n<td>1,69%<\/td>\n<td>238,41<\/td>\n<\/tr>\n<tr>\n<td>07\/01\/2026<\/td>\n<td>1.282,66<\/td>\n<td>1,32%<\/td>\n<td>1,48%<\/td>\n<td>238,02<\/td>\n<\/tr>\n<\/tbody>\n<\/table>\n<h2>A\u00e7\u00facar<\/h2>\n<p>J\u00e1 o pre\u00e7o do <strong>a\u00e7\u00facar cristal<\/strong> apresenta <strong>varia\u00e7\u00e3o nas principais pra\u00e7as do estado de S\u00e3o Paulo<\/strong>. Na <strong>capital<\/strong>, a saca de 50 kg teve <strong>desvaloriza\u00e7\u00e3o<\/strong> de <strong>1,17%<\/strong>\u00a0e \u00e9\u00a0cotada a <strong>R$ 105,40<\/strong>.<\/p>\n<p><strong>INDICADOR DO A\u00c7\u00daCAR CRISTAL BRANCO CEPEA\/ESALQ &#8211; S\u00c3O PAULO<\/strong><\/p>\n<\/p>\n<\/p>\n<\/p>\n<\/p>\n<\/p>\n<\/p>\n<\/p>\n<\/p>\n<\/p>\n<table id=\"imagenet-indicador1\">\n<thead>\n<tr>\n<th>DATA<\/th>\n<th>VALOR R$*<\/th>\n<th>VAR.\/DIA<\/th>\n<th>VAR.\/M\u00caS<\/th>\n<th>VALOR US$*<\/th>\n<\/tr>\n<\/thead>\n<tbody>\n<tr>\n<td>13\/01\/2026<\/td>\n<td>105,40<\/td>\n<td>-1,17%<\/td>\n<td>-4,17%<\/td>\n<td>19,59<\/td>\n<\/tr>\n<tr>\n<td>12\/01\/2026<\/td>\n<td>106,65<\/td>\n<td>0,00%<\/td>\n<td>-3,04%<\/td>\n<td>19,87<\/td>\n<\/tr>\n<tr>\n<td>09\/01\/2026<\/td>\n<td>106,65<\/td>\n<td>-0,64%<\/td>\n<td>-3,04%<\/td>\n<td>19,87<\/td>\n<\/tr>\n<tr>\n<td>08\/01\/2026<\/td>\n<td>107,34<\/td>\n<td>-0,53%<\/td>\n<td>-2,41%<\/td>\n<td>19,91<\/td>\n<\/tr>\n<tr>\n<td>07\/01\/2026<\/td>\n<td>107,91<\/td>\n<td>1,08%<\/td>\n<td>-1,89%<\/td>\n<td>20,02<\/td>\n<\/tr>\n<\/tbody>\n<\/table>\n<p>\u00a0<\/p>\n<p>Em <strong>Santos (SP)<\/strong>, a mercadoria teve <strong>valoriza\u00e7\u00e3o<\/strong> de <strong>0,31%<\/strong>, sendo negociada a <strong>R$ 113,92<\/strong>\u00a0na m\u00e9dia de pre\u00e7os sem impostos.<\/p>\n<p><strong>INDICADOR A\u00c7\u00daCAR CRISTAL &#8211; SANTOS (FOB)<\/strong><\/p>\n<\/p>\n<\/p>\n<\/p>\n<\/p>\n<\/p>\n<\/p>\n<\/p>\n<\/p>\n<\/p>\n<table id=\"imagenet-indicador2\">\n<thead>\n<tr>\n<th>DATA<\/th>\n<th>VALOR R$*<\/th>\n<th>VAR.\/DIA<\/th>\n<th>VAR.\/M\u00caS<\/th>\n<th>VALOR US$*<\/th>\n<\/tr>\n<\/thead>\n<tbody>\n<tr>\n<td>13\/01\/2026<\/td>\n<td>113,92<\/td>\n<td>0,31%<\/td>\n<td>-2,49%<\/td>\n<td>21,19<\/td>\n<\/tr>\n<tr>\n<td>12\/01\/2026<\/td>\n<td>113,57<\/td>\n<td>-0,11%<\/td>\n<td>-2,79%<\/td>\n<td>21,12<\/td>\n<\/tr>\n<tr>\n<td>09\/01\/2026<\/td>\n<td>113,70<\/td>\n<td>-0,90%<\/td>\n<td>-2,68%<\/td>\n<td>21,17<\/td>\n<\/tr>\n<tr>\n<td>08\/01\/2026<\/td>\n<td>114,73<\/td>\n<td>0,45%<\/td>\n<td>-1,80%<\/td>\n<td>21,30<\/td>\n<\/tr>\n<tr>\n<td>07\/01\/2026<\/td>\n<td>114,22<\/td>\n<td>1,15%<\/td>\n<td>-2,23%<\/td>\n<td>21,20<\/td>\n<\/tr>\n<\/tbody>\n<\/table>\n<p>\u00a0<\/p>\n<h2>Milho<\/h2>\n<p>A saca de 60 kg do <strong>milho<\/strong>, por sua vez, \u00e9 vendida a <strong>R$ 68,79<\/strong>, ap\u00f3s<strong>\u00a0baixa de 0,07%<\/strong>.<\/p>\n<p><strong>INDICADOR DO MILHO ESALQ\/BM&amp;FBOVESPA<\/strong><\/p>\n<\/p>\n<\/p>\n<\/p>\n<\/p>\n<\/p>\n<\/p>\n<\/p>\n<\/p>\n<\/p>\n<table id=\"imagenet-indicador1\">\n<thead>\n<tr>\n<th>DATA<\/th>\n<th>VALOR R$*<\/th>\n<th>VAR.\/DIA<\/th>\n<th>VAR.\/M\u00caS<\/th>\n<th>VALOR US$*<\/th>\n<\/tr>\n<\/thead>\n<tbody>\n<tr>\n<td>13\/01\/2026<\/td>\n<td>68,79<\/td>\n<td>-0,07%<\/td>\n<td>-1,02%<\/td>\n<td>12,79<\/td>\n<\/tr>\n<tr>\n<td>12\/01\/2026<\/td>\n<td>68,84<\/td>\n<td>-0,26%<\/td>\n<td>-0,95%<\/td>\n<td>12,82<\/td>\n<\/tr>\n<tr>\n<td>09\/01\/2026<\/td>\n<td>69,02<\/td>\n<td>0,12%<\/td>\n<td>-0,69%<\/td>\n<td>12,86<\/td>\n<\/tr>\n<tr>\n<td>08\/01\/2026<\/td>\n<td>68,94<\/td>\n<td>-0,09%<\/td>\n<td>-0,81%<\/td>\n<td>12,79<\/td>\n<\/tr>\n<tr>\n<td>07\/01\/2026<\/td>\n<td>69,00<\/td>\n<td>-0,19%<\/td>\n<td>-0,72%<\/td>\n<td>12,80<\/td>\n<\/tr>\n<\/tbody>\n<\/table>\n<p>Os valores s\u00e3o do\u00a0<a href=\"http:\/\/www.cepea.org.br\" target=\"_blank\" rel=\"noopener\"><strong>Cepea<\/strong><\/a>.<\/p>\n<p>\u00a0<\/p>\n<h2>Diferen\u00e7a entre caf\u00e9 ar\u00e1bica e caf\u00e9 robusta: caracter\u00edsticas, uso e regi\u00f5es produtoras<\/h2>\n<p><strong>Caf\u00e9 ar\u00e1bica e caf\u00e9 robusta<\/strong> s\u00e3o as duas principais variedades cultivadas e comercializadas no Brasil, ambas medidas em sacas de 60 kg.<\/p>\n<ul>\n<li>O<strong> caf\u00e9 ar\u00e1bica <\/strong>(conhecido tamb\u00e9m como<strong> caf\u00e9 Conilon<\/strong>, em algumas regi\u00f5es) tem <strong>sabor mais suave, menor teor de cafe\u00edna e alta qualidade sensorial<\/strong>, sendo preferido em cafeterias especializadas e nas exporta\u00e7\u00f5es de caf\u00e9s premium. Representa cerca de 70% da produ\u00e7\u00e3o brasileira, com destaque para estados como Minas Gerais e S\u00e3o Paulo.<\/li>\n<li>O<strong> caf\u00e9 robusta<\/strong>, por sua vez, possui<strong> sabor mais amargo, maior concentra\u00e7\u00e3o de cafe\u00edna e corpo mais intenso<\/strong>. \u00c9 amplamente utilizado na produ\u00e7\u00e3o de caf\u00e9 sol\u00favel e blends comerciais. Seus principais polos produtores s\u00e3o o Esp\u00edrito Santo e Rond\u00f4nia, e seu pre\u00e7o costuma ser mais baixo em compara\u00e7\u00e3o ao ar\u00e1bica, por conta do perfil mais industrial.\u00a0<\/li>\n<\/ul>\n<h2>Como \u00e9 calculada a saca de a\u00e7\u00facar cristal?<\/h2>\n<p>A<strong> saca de a\u00e7\u00facar cristal no Brasil \u00e9 padronizada em 50 quilos<\/strong>, especialmente para comercializa\u00e7\u00e3o no mercado atacadista e para uso na ind\u00fastria aliment\u00edcia. Essa unidade de medida \u00e9 adotada pelo <strong><a href=\"https:\/\/www.cepea.org.br\/br\/indicador\/cafe.aspx\" target=\"_blank\" rel=\"noopener\">Cepea\/Esalq-USP<\/a><\/strong>, principal fonte de cota\u00e7\u00f5es di\u00e1rias do a\u00e7\u00facar cristal no pa\u00eds.<\/p>\n<h2>Qual o peso da saca de milho no Brasil?<\/h2>\n<p>A saca de milho equivale a 60 kg de gr\u00e3os, mesmo padr\u00e3o utilizado para soja e trigo. Essa medida \u00e9 oficializada por institui\u00e7\u00f5es como a<strong> Companhia Nacional de Abastecimento <a href=\"https:\/\/www.gov.br\/conab\/pt-br\" target=\"_blank\" rel=\"noopener\">(Conab)<\/a><\/strong>, o <strong>Minist\u00e9rio da Agricultura <a href=\"https:\/\/www.gov.br\/agricultura\/pt-br\" target=\"_blank\" rel=\"noopener\">(MAPA)<\/a><\/strong> e o <a href=\"http:\/\/www.cepea.org.br\" target=\"_blank\" rel=\"noopener\"><strong>Cepea<\/strong><\/a>, sendo amplamente usada em negocia\u00e7\u00f5es e relat\u00f3rios de pre\u00e7o do milho.<\/p>\n<p>\t\t\t\t\t\t\t\t\t\t<img decoding=\"async\" src=\"https:\/\/brasil61.com\/api\/v1\/serve_pixel\/22254\/87001\" alt=\"Pixel Brasil 61\" class=\"b61_pixel\" width=\"0\" height=\"0\"><\/p>\n<div class=\"br61_backlink\">\n<p>\n\t\t\t\tFonte: <a href=\"https:\/\/brasil61.com\/cafe-hoje-confira-as-cotacoes-para-esta-quarta-feira-14-pagr266039\" title=\"Artigo Original: Caf\u00e9 hoje: confira as cota\u00e7\u00f5es para esta quarta-feira (14)\" target=\"_blank\" rel=\"noopener\">Brasil 61<\/a>\n\t\t\t<\/p>\n<\/p><\/div>\n<input type=\"hidden\" id=\"baseurl\" value=\"https:\/\/noticiasregionais.com.br\"><input type=\"hidden\" id=\"audio_nonce\" value=\"5c13e0637f\">","protected":false},"excerpt":{"rendered":"<p>O pre\u00e7o do caf\u00e9 ar\u00e1bica volta a subir, enquanto o a\u00e7\u00facar apresenta reajustes<\/p>\n","protected":false},"author":1,"featured_media":12212,"comment_status":"","ping_status":"open","sticky":false,"template":"","format":"standard","meta":{"sfsi_plus_gutenberg_text_before_share":"","sfsi_plus_gutenberg_show_text_before_share":"","sfsi_plus_gutenberg_icon_type":"","sfsi_plus_gutenberg_icon_alignemt":"","sfsi_plus_gutenburg_max_per_row":"","footnotes":""},"categories":[8],"tags":[],"class_list":["post-12211","post","type-post","status-publish","format-standard","has-post-thumbnail","hentry","category-brasil"],"_links":{"self":[{"href":"https:\/\/noticiasregionais.com.br\/index.php?rest_route=\/wp\/v2\/posts\/12211","targetHints":{"allow":["GET"]}}],"collection":[{"href":"https:\/\/noticiasregionais.com.br\/index.php?rest_route=\/wp\/v2\/posts"}],"about":[{"href":"https:\/\/noticiasregionais.com.br\/index.php?rest_route=\/wp\/v2\/types\/post"}],"author":[{"embeddable":true,"href":"https:\/\/noticiasregionais.com.br\/index.php?rest_route=\/wp\/v2\/users\/1"}],"replies":[{"embeddable":true,"href":"https:\/\/noticiasregionais.com.br\/index.php?rest_route=%2Fwp%2Fv2%2Fcomments&post=12211"}],"version-history":[{"count":0,"href":"https:\/\/noticiasregionais.com.br\/index.php?rest_route=\/wp\/v2\/posts\/12211\/revisions"}],"wp:featuredmedia":[{"embeddable":true,"href":"https:\/\/noticiasregionais.com.br\/index.php?rest_route=\/wp\/v2\/media\/12212"}],"wp:attachment":[{"href":"https:\/\/noticiasregionais.com.br\/index.php?rest_route=%2Fwp%2Fv2%2Fmedia&parent=12211"}],"wp:term":[{"taxonomy":"category","embeddable":true,"href":"https:\/\/noticiasregionais.com.br\/index.php?rest_route=%2Fwp%2Fv2%2Fcategories&post=12211"},{"taxonomy":"post_tag","embeddable":true,"href":"https:\/\/noticiasregionais.com.br\/index.php?rest_route=%2Fwp%2Fv2%2Ftags&post=12211"}],"curies":[{"name":"wp","href":"https:\/\/api.w.org\/{rel}","templated":true}]}}