{"id":12213,"date":"2026-01-14T04:25:00","date_gmt":"2026-01-14T07:25:00","guid":{"rendered":"https:\/\/noticiasregionais.com.br\/?p=12213"},"modified":"2026-01-14T04:25:00","modified_gmt":"2026-01-14T07:25:00","slug":"lavouras-de-soja-progridem-como-esperado-e-brasil-deve-bater-recorde-em-2026","status":"publish","type":"post","link":"https:\/\/noticiasregionais.com.br\/?p=12213","title":{"rendered":"Lavouras de soja progridem como esperado e Brasil deve bater recorde em 2026"},"content":{"rendered":"<p>\t\t\t\t\t\t\t\t\t\t\t<audio controls class=\"b61_audio_player\" data-noticia=\"87033\" src=\"https:\/\/brasil61.com\/rails\/active_storage\/blobs\/eyJfcmFpbHMiOnsibWVzc2FnZSI6IkJBaHBBMFhoQXc9PSIsImV4cCI6bnVsbCwicHVyIjoiYmxvYl9pZCJ9fQ==--726d903c8071aec3486ea170c135c9692bdb09d8\/BRAS2615564A\"><\/audio><\/p>\n<p>O plantio de <a href=\"https:\/\/brasil61.com\/noticias\/tag\/soja\" target=\"_blank\" rel=\"noopener\">soja<\/a> no Brasil j\u00e1 est\u00e1 quase completo para a primeira safra da cultura no pa\u00eds. Mais de 98% da \u00e1rea de cultivo j\u00e1 est\u00e1 semeada, dentro do padr\u00e3o para a primeira semana de janeiro nos \u00faltimos 5 anos.<\/p>\n<p>A expectativa \u00e9 de boa produtividade. Em algumas regi\u00f5es, como o norte de <a href=\"https:\/\/brasil61.com\/noticias\/tag\/mato-grosso\" target=\"_blank\" rel=\"noopener\">Mato Grosso<\/a>, estado respons\u00e1vel por um ter\u00e7o da produ\u00e7\u00e3o nacional, a colheita j\u00e1 foi iniciada. Segundo pesquisadores do <a href=\"https:\/\/www.cepea.org.br\/\" target=\"_blank\" rel=\"noopener\">Centro de Estudos Avan\u00e7ados em Economia Aplicada (Cepea-Esalq\/USP)<\/a>, as condi\u00e7\u00f5es clim\u00e1ticas seguem predominantemente favor\u00e1veis nas principais regi\u00f5es produtoras do Brasil, favorecendo a expectativa de mais uma safra recorde do gr\u00e3o.<\/p>\n<p>De acordo com o acompanhamento da safra realizado pela <a href=\"https:\/\/www.gov.br\/conab\/pt-br\" target=\"_blank\" rel=\"noopener\">Companhia Nacional de Abastecimento (Conab)<\/a>, a safra de soja deve somar 177,1 milh\u00f5es de toneladas. O valor equivale \u00e0 metade de toda a produ\u00e7\u00e3o estimada para o ano agr\u00edcola 2025-2026, de 354,4 milh\u00f5es de toneladas de gr\u00e3os.<\/p>\n<p>Como a colheita ainda est\u00e1 engatinhando, a liquidez do mercado est\u00e1 longe do melhor momento. Produtores t\u00eam esperado condi\u00e7\u00f5es mais favor\u00e1veis para venderem, e com a escassez de demanda no mercado, os pre\u00e7os t\u00eam ca\u00eddo nas \u00faltimas semanas.<\/p>\n<h2>Exporta\u00e7\u00e3o<\/h2>\n<p>Dados da <a href=\"https:\/\/www.gov.br\/mdic\/pt-br\/assuntos\/comercio-exterior\" target=\"_blank\" rel=\"noopener\">Secretaria de Com\u00e9rcio Exterior (Secex-MDIC)<\/a> indicam que o Brasil embarcou 3,38 milh\u00f5es de toneladas de soja em dezembro de 2025, volume 59,3% superior ao escoado no mesmo m\u00eas de 2024. Esse avan\u00e7o est\u00e1 atrelado, sobretudo, ao maior apetite chin\u00eas: apenas no \u00faltimo m\u00eas, foram destinadas \u00e0 China 2,6 milh\u00f5es de toneladas de soja, 83,8% a mais do que no mesmo per\u00edodo de 2024.<\/p>\n<p>No acumulado de 2025, os embarques brasileiros somaram um volume recorde de 108,18 milh\u00f5es de toneladas, superando as 106,97 milh\u00f5es de toneladas estimadas pela Conab no relat\u00f3rio de dezembro \u00faltimo.<\/p>\n<p>\t\t\t\t\t\t\t\t\t\t<img decoding=\"async\" src=\"https:\/\/brasil61.com\/api\/v1\/serve_pixel\/22254\/87033\" alt=\"Pixel Brasil 61\" class=\"b61_pixel\" width=\"0\" height=\"0\"><\/p>\n<div class=\"br61_backlink\">\n<p>\n\t\t\t\tFonte: <a href=\"https:\/\/brasil61.com\/lavouras-de-soja-progridem-como-esperado-e-brasil-deve-bater-recorde-em-2026-bras2615564\" title=\"Artigo Original: Lavouras de soja progridem como esperado e Brasil deve bater recorde em 2026\" target=\"_blank\" rel=\"noopener\">Brasil 61<\/a>\n\t\t\t<\/p>\n<\/p><\/div>\n<input type=\"hidden\" id=\"baseurl\" value=\"https:\/\/noticiasregionais.com.br\"><input type=\"hidden\" id=\"audio_nonce\" value=\"5c13e0637f\">","protected":false},"excerpt":{"rendered":"<p>Mais de 98% da \u00e1rea de cultivo do gr\u00e3o j\u00e1 est\u00e1 finalizada e regi\u00f5es j\u00e1 come\u00e7aram a colher<\/p>\n","protected":false},"author":1,"featured_media":12214,"comment_status":"","ping_status":"open","sticky":false,"template":"","format":"standard","meta":{"sfsi_plus_gutenberg_text_before_share":"","sfsi_plus_gutenberg_show_text_before_share":"","sfsi_plus_gutenberg_icon_type":"","sfsi_plus_gutenberg_icon_alignemt":"","sfsi_plus_gutenburg_max_per_row":"","footnotes":""},"categories":[8],"tags":[],"class_list":["post-12213","post","type-post","status-publish","format-standard","has-post-thumbnail","hentry","category-brasil"],"_links":{"self":[{"href":"https:\/\/noticiasregionais.com.br\/index.php?rest_route=\/wp\/v2\/posts\/12213","targetHints":{"allow":["GET"]}}],"collection":[{"href":"https:\/\/noticiasregionais.com.br\/index.php?rest_route=\/wp\/v2\/posts"}],"about":[{"href":"https:\/\/noticiasregionais.com.br\/index.php?rest_route=\/wp\/v2\/types\/post"}],"author":[{"embeddable":true,"href":"https:\/\/noticiasregionais.com.br\/index.php?rest_route=\/wp\/v2\/users\/1"}],"replies":[{"embeddable":true,"href":"https:\/\/noticiasregionais.com.br\/index.php?rest_route=%2Fwp%2Fv2%2Fcomments&post=12213"}],"version-history":[{"count":0,"href":"https:\/\/noticiasregionais.com.br\/index.php?rest_route=\/wp\/v2\/posts\/12213\/revisions"}],"wp:featuredmedia":[{"embeddable":true,"href":"https:\/\/noticiasregionais.com.br\/index.php?rest_route=\/wp\/v2\/media\/12214"}],"wp:attachment":[{"href":"https:\/\/noticiasregionais.com.br\/index.php?rest_route=%2Fwp%2Fv2%2Fmedia&parent=12213"}],"wp:term":[{"taxonomy":"category","embeddable":true,"href":"https:\/\/noticiasregionais.com.br\/index.php?rest_route=%2Fwp%2Fv2%2Fcategories&post=12213"},{"taxonomy":"post_tag","embeddable":true,"href":"https:\/\/noticiasregionais.com.br\/index.php?rest_route=%2Fwp%2Fv2%2Ftags&post=12213"}],"curies":[{"name":"wp","href":"https:\/\/api.w.org\/{rel}","templated":true}]}}