{"id":12215,"date":"2026-01-14T04:20:00","date_gmt":"2026-01-14T07:20:00","guid":{"rendered":"https:\/\/noticiasregionais.com.br\/?p=12215"},"modified":"2026-01-14T04:20:00","modified_gmt":"2026-01-14T07:20:00","slug":"enem-2025-resultado-sai-nesta-sexta-feira-16-saiba-como-consultar-e-aplicar-a-nota","status":"publish","type":"post","link":"https:\/\/noticiasregionais.com.br\/?p=12215","title":{"rendered":"Enem 2025: resultado sai nesta sexta-feira (16); saiba como consultar e aplicar a nota"},"content":{"rendered":"<p>\t\t\t\t\t\t\t\t\t\t\t<audio controls class=\"b61_audio_player\" data-noticia=\"87021\" src=\"https:\/\/brasil61.com\/rails\/active_storage\/blobs\/eyJfcmFpbHMiOnsibWVzc2FnZSI6IkJBaHBBMnZoQXc9PSIsImV4cCI6bnVsbCwicHVyIjoiYmxvYl9pZCJ9fQ==--556cd6ae0a8c2b074f07be9f225f6d5e62b52e9b\/BRAS2615560A\"><\/audio><\/p>\n<p>Os <strong>resultados<\/strong> do Exame Nacional do Ensino M\u00e9dio <strong>(<a href=\"https:\/\/www.gov.br\/inep\/pt-br\/areas-de-atuacao\/avaliacao-e-exames-educacionais\/enem\" target=\"_blank\" rel=\"noopener\">Enem<\/a>) 2025<\/strong> ser\u00e3o <strong>divulgados <\/strong>pelo Instituto Nacional de Estudos e Pesquisas Educacionais An\u00edsio Teixeira (<a href=\"https:\/\/www.gov.br\/inep\/pt-br\" target=\"_blank\" rel=\"noopener\">Inep<\/a>) <strong>nesta sexta-feira (16)<\/strong>, segundo o ministro da Educa\u00e7\u00e3o, Camilo Santana.<\/p>\n<p>As notas individuais estar\u00e3o <strong>dispon\u00edveis na <a href=\"https:\/\/enem.inep.gov.br\/participante\/#!\/\" target=\"_blank\" rel=\"noopener\">P\u00e1gina do Participante<\/a>, com login via CPF e senha cadastrados no <a href=\"https:\/\/www.gov.br\/pt-br\" target=\"_blank\" rel=\"noopener\">gov.br<\/a><\/strong>. Os candidatos ter\u00e3o <strong>acesso ao desempenho das \u00e1reas avaliadas<\/strong>:\u00a0<\/p>\n<ul>\n<li>reda\u00e7\u00e3o;<\/li>\n<li>linguagens;<\/li>\n<li>ci\u00eancias humanas;<\/li>\n<li>matem\u00e1tica; e\u00a0<\/li>\n<li>ci\u00eancias da natureza.<\/li>\n<\/ul>\n<p><img decoding=\"async\" style=\"width:100%\" alt=\"\" src=\"\/\/s3-sa-east-1.amazonaws.com\/agencia-radio-arb\/6621\/content_Captura_de_tela_2026-01-13_164139.png\" \/><\/p>\n<p><a href=\"https:\/\/enem.inep.gov.br\/participante\/#!\/\" target=\"_blank\" rel=\"noopener\"><span style=\"font-size:10px\"><em>Imagem: Reprodu\u00e7\u00e3o\/Inep<\/em><\/span><\/a><\/p>\n<p>O <strong>boletim dos treineiros<\/strong>, estudantes que ainda n\u00e3o conclu\u00edram o ensino m\u00e9dio e realizam a prova para autoavalia\u00e7\u00e3o e familiariza\u00e7\u00e3o, <strong>ser\u00e1 publicado posteriormente<\/strong>.<\/p>\n<p>De acordo com dados do Inep e do Minist\u00e9rio da Educa\u00e7\u00e3o (<a href=\"https:\/\/www.gov.br\/mec\/pt-br\" target=\"_blank\" rel=\"noopener\">MEC<\/a>), o exame contou com mais de <strong>4,81 milh\u00f5es de inscritos<\/strong>, com presen\u00e7a de cerca de 70% nos dois domingos de provas, realizados em 9 e 16 de novembro.<\/p>\n<h2>Acesso \u00e0s universidades<\/h2>\n<p>Com o resultado em m\u00e3os, os estudantes poder\u00e3o disputar <strong>vagas em universidades p\u00fablicas e privadas por meio de diferentes programas<\/strong>:<\/p>\n<table>\n<tbody>\n<tr>\n<th>Programa<\/th>\n<th>Quem pode participar?<\/th>\n<th>Benef\u00edcio<\/th>\n<th>Inscri\u00e7\u00f5es<\/th>\n<th>Resultado<\/th>\n<\/tr>\n<tr>\n<td>Sisu (Sistema de Sele\u00e7\u00e3o Unificada)<\/td>\n<td>Estudantes que fizeram Enem 2023, 2024 e 2025<\/td>\n<td>Vagas em universidades p\u00fablicas<\/td>\n<td>19 a 23 de janeiro de 2026<\/td>\n<td>29 de janeiro de 2026<\/td>\n<\/tr>\n<tr>\n<td>ProUni (Programa Universidade para Todos)<\/td>\n<td>Estudantes de baixa renda com nota do Enem<\/td>\n<td>Bolsas integrais\/parciais em faculdades privadas<\/td>\n<td>26 a 29 de janeiro de 2026<\/td>\n<td>3 de fevereiro de 2026<\/td>\n<\/tr>\n<tr>\n<td>Fies (Fundo de Financiamento Estudantil)<\/td>\n<td>Estudantes de baixa renda que desejam financiamento<\/td>\n<td>Cr\u00e9dito estudantil com juros baixos<\/td>\n<td>Edital ainda n\u00e3o foi divulgado<\/td>\n<td>\u2014<\/td>\n<\/tr>\n<\/tbody>\n<\/table>\n<p>Al\u00e9m dos programas nacionais, <strong>universidades portuguesas conveniadas tamb\u00e9m aceitam a nota do Enem<\/strong> como forma de ingresso.<\/p>\n<p><strong>VEJA MAIS:<\/strong><\/p>\n<ul>\n<li><a href=\"https:\/\/brasil61.com\/n\/sisu-2026-edital-ja-esta-disponivel-com-recorde-de-vagas-bras2515419\" target=\"_blank\" rel=\"noopener\">Sisu 2026: edital j\u00e1 est\u00e1 dispon\u00edvel com recorde de vagas<\/a><\/li>\n<li><a href=\"https:\/\/brasil61.com\/n\/pe-de-meia-licenciaturas-sisu-oferta-73-6-mil-vagas-em-2026-bras2615526\" target=\"_blank\" rel=\"noopener\">P\u00e9-de-Meia Licenciaturas: Sisu oferta 73,6 mil vagas em 2026<\/a><\/li>\n<\/ul>\n<p>\t\t\t\t\t\t\t\t\t\t<img decoding=\"async\" src=\"https:\/\/brasil61.com\/api\/v1\/serve_pixel\/22254\/87021\" alt=\"Pixel Brasil 61\" class=\"b61_pixel\" width=\"0\" height=\"0\"><\/p>\n<div class=\"br61_backlink\">\n<p>\n\t\t\t\tFonte: <a href=\"https:\/\/brasil61.com\/enem-2025-resultado-sai-nesta-sexta-feira-16-saiba-como-consultar-e-aplicar-a-nota-bras2615560\" title=\"Artigo Original: Enem 2025: resultado sai nesta sexta-feira (16); saiba como consultar e aplicar a nota\" target=\"_blank\" rel=\"noopener\">Brasil 61<\/a>\n\t\t\t<\/p>\n<\/p><\/div>\n<input type=\"hidden\" id=\"baseurl\" value=\"https:\/\/noticiasregionais.com.br\"><input type=\"hidden\" id=\"audio_nonce\" value=\"5c13e0637f\">","protected":false},"excerpt":{"rendered":"<p>Boletim estar\u00e1 dispon\u00edvel na P\u00e1gina do Participante, com login via gov.br; desempenho pode ser utilizado no Sisu, ProUni e Fies<\/p>\n","protected":false},"author":1,"featured_media":12216,"comment_status":"","ping_status":"open","sticky":false,"template":"","format":"standard","meta":{"sfsi_plus_gutenberg_text_before_share":"","sfsi_plus_gutenberg_show_text_before_share":"","sfsi_plus_gutenberg_icon_type":"","sfsi_plus_gutenberg_icon_alignemt":"","sfsi_plus_gutenburg_max_per_row":"","footnotes":""},"categories":[8],"tags":[],"class_list":["post-12215","post","type-post","status-publish","format-standard","has-post-thumbnail","hentry","category-brasil"],"_links":{"self":[{"href":"https:\/\/noticiasregionais.com.br\/index.php?rest_route=\/wp\/v2\/posts\/12215","targetHints":{"allow":["GET"]}}],"collection":[{"href":"https:\/\/noticiasregionais.com.br\/index.php?rest_route=\/wp\/v2\/posts"}],"about":[{"href":"https:\/\/noticiasregionais.com.br\/index.php?rest_route=\/wp\/v2\/types\/post"}],"author":[{"embeddable":true,"href":"https:\/\/noticiasregionais.com.br\/index.php?rest_route=\/wp\/v2\/users\/1"}],"replies":[{"embeddable":true,"href":"https:\/\/noticiasregionais.com.br\/index.php?rest_route=%2Fwp%2Fv2%2Fcomments&post=12215"}],"version-history":[{"count":0,"href":"https:\/\/noticiasregionais.com.br\/index.php?rest_route=\/wp\/v2\/posts\/12215\/revisions"}],"wp:featuredmedia":[{"embeddable":true,"href":"https:\/\/noticiasregionais.com.br\/index.php?rest_route=\/wp\/v2\/media\/12216"}],"wp:attachment":[{"href":"https:\/\/noticiasregionais.com.br\/index.php?rest_route=%2Fwp%2Fv2%2Fmedia&parent=12215"}],"wp:term":[{"taxonomy":"category","embeddable":true,"href":"https:\/\/noticiasregionais.com.br\/index.php?rest_route=%2Fwp%2Fv2%2Fcategories&post=12215"},{"taxonomy":"post_tag","embeddable":true,"href":"https:\/\/noticiasregionais.com.br\/index.php?rest_route=%2Fwp%2Fv2%2Ftags&post=12215"}],"curies":[{"name":"wp","href":"https:\/\/api.w.org\/{rel}","templated":true}]}}