{"id":12217,"date":"2026-01-14T04:30:00","date_gmt":"2026-01-14T07:30:00","guid":{"rendered":"https:\/\/noticiasregionais.com.br\/?p=12217"},"modified":"2026-01-14T04:30:00","modified_gmt":"2026-01-14T07:30:00","slug":"soja-e-trigo-hoje-confira-as-cotacoes-para-esta-quarta-feira-14","status":"publish","type":"post","link":"https:\/\/noticiasregionais.com.br\/?p=12217","title":{"rendered":"Soja e trigo hoje: confira as cota\u00e7\u00f5es para esta\u00a0quarta-feira (14)"},"content":{"rendered":"<p>\t\t\t\t\t\t\t\t\t\t\t<audio controls class=\"b61_audio_player\" data-noticia=\"87002\" src=\"https:\/\/brasil61.com\/rails\/active_storage\/blobs\/eyJfcmFpbHMiOnsibWVzc2FnZSI6IkJBaHBBM25oQXc9PSIsImV4cCI6bnVsbCwicHVyIjoiYmxvYl9pZCJ9fQ==--f80c7106498ef6bf39fbf42eb70f66e75e2ba5d9\/PAGR266040A\"><\/audio><\/p>\n<p>O valor da saca de 60 kg da <strong>soja <\/strong>abre esta\u00a0<strong>quarta-feira (14)\u00a0<\/strong>em <b>baixa<\/b>, tanto no interior do Paran\u00e1 quanto no litoral do estado, em Paranagu\u00e1.\u00a0<\/p>\n<p>Na primeira regi\u00e3o, o gr\u00e3o teve <strong>desvaloriza\u00e7\u00e3o de 1,71%<\/strong> e \u00e9 negociado a <strong>R$ 124,94<\/strong>; na segunda, a mercadoria teve <strong>desvaloriza\u00e7\u00e3o<\/strong> <strong>de 0,12%<\/strong> e \u00e9 cotada a <strong>R$ 130,90<\/strong>.<\/p>\n<p><strong>INDICADOR DA SOJA CEPEA\/ESALQ &#8211; PARAN\u00c1<\/strong><\/p>\n<\/p>\n<\/p>\n<\/p>\n<\/p>\n<\/p>\n<\/p>\n<\/p>\n<\/p>\n<\/p>\n<\/p>\n<table id=\"imagenet-indicador2\">\n<thead>\n<tr>\n<th>DATA<\/th>\n<th>VALOR R$*<\/th>\n<th>VAR.\/DIA<\/th>\n<th>VAR.\/M\u00caS<\/th>\n<th>VALOR US$*<\/th>\n<\/tr>\n<\/thead>\n<tbody>\n<tr>\n<td>13\/01\/2026<\/td>\n<td>124,94<\/td>\n<td>-1,71%<\/td>\n<td>-7,86%<\/td>\n<td>23,22<\/td>\n<\/tr>\n<tr>\n<td>12\/01\/2026<\/td>\n<td>127,12<\/td>\n<td>-1,45%<\/td>\n<td>-6,25%<\/td>\n<td>23,67<\/td>\n<\/tr>\n<tr>\n<td>09\/01\/2026<\/td>\n<td>128,99<\/td>\n<td>0,77%<\/td>\n<td>-4,87%<\/td>\n<td>24,03<\/td>\n<\/tr>\n<tr>\n<td>08\/01\/2026<\/td>\n<td>128,00<\/td>\n<td>-1,36%<\/td>\n<td>-5,60%<\/td>\n<td>23,74<\/td>\n<\/tr>\n<tr>\n<td>07\/01\/2026<\/td>\n<td>129,76<\/td>\n<td>-0,65%<\/td>\n<td>-4,31%<\/td>\n<td>24,08<\/td>\n<\/tr>\n<\/tbody>\n<\/table>\n<p>\u00a0<\/p>\n<p><strong>INDICADOR DA SOJA CEPEA\/ESALQ &#8211; PARANAGU\u00c1<\/strong><\/p>\n<\/p>\n<\/p>\n<\/p>\n<\/p>\n<\/p>\n<\/p>\n<\/p>\n<\/p>\n<\/p>\n<\/p>\n<table id=\"imagenet-indicador1\">\n<thead>\n<tr>\n<th>DATA<\/th>\n<th>VALOR R$*<\/th>\n<th>VAR.\/DIA<\/th>\n<th>VAR.\/M\u00caS<\/th>\n<th>VALOR US$*<\/th>\n<\/tr>\n<\/thead>\n<tbody>\n<tr>\n<td>13\/01\/2026<\/td>\n<td>130,90<\/td>\n<td>-0,12%<\/td>\n<td>-7,17%<\/td>\n<td>24,33<\/td>\n<\/tr>\n<tr>\n<td>12\/01\/2026<\/td>\n<td>131,06<\/td>\n<td>-2,08%<\/td>\n<td>-7,06%<\/td>\n<td>24,41<\/td>\n<\/tr>\n<tr>\n<td>09\/01\/2026<\/td>\n<td>133,85<\/td>\n<td>-0,56%<\/td>\n<td>-5,08%<\/td>\n<td>24,94<\/td>\n<\/tr>\n<tr>\n<td>08\/01\/2026<\/td>\n<td>134,61<\/td>\n<td>-0,02%<\/td>\n<td>-4,54%<\/td>\n<td>24,97<\/td>\n<\/tr>\n<tr>\n<td>07\/01\/2026<\/td>\n<td>134,64<\/td>\n<td>-0,05%<\/td>\n<td>-4,52%<\/td>\n<td>24,98<\/td>\n<\/tr>\n<\/tbody>\n<\/table>\n<p>\u00a0<\/p>\n<h2>Trigo<\/h2>\n<p>O pre\u00e7o do <strong>trigo<\/strong>, por sua vez, registra <strong>valoriza\u00e7\u00e3o de 0,30% no Paran\u00e1 <\/strong>e <strong>valoriza\u00e7\u00e3o de 0,35% no Rio Grande do Sul<\/strong>.<strong>\u00a0<\/strong>No primeiro estado, a tonelada\u00a0\u00e9 vendida a<strong> R$ 1.178,25<\/strong>, enquanto no segundo\u00a0\u00e9 comercializada a<strong> R$ 1.054,04<\/strong>.<\/p>\n<p><strong>PRE\u00c7O M\u00c9DIO DO TRIGO CEPEA\/ESALQ &#8211; PARAN\u00c1<\/strong><\/p>\n<\/p>\n<\/p>\n<\/p>\n<\/p>\n<\/p>\n<\/p>\n<\/p>\n<\/p>\n<\/p>\n<\/p>\n<table id=\"imagenet-indicador1\">\n<thead>\n<tr>\n<th>DATA<\/th>\n<th>VALOR R$\/T*<\/th>\n<th>VAR.\/DIA<\/th>\n<th>VAR.\/M\u00caS<\/th>\n<th>VALOR US$\/T*<\/th>\n<\/tr>\n<\/thead>\n<tbody>\n<tr>\n<td>13\/01\/2026<\/td>\n<td>1.178,25<\/td>\n<td>0,30%<\/td>\n<td>-0,33%<\/td>\n<td>219,01<\/td>\n<\/tr>\n<tr>\n<td>12\/01\/2026<\/td>\n<td>1.174,75<\/td>\n<td>-0,35%<\/td>\n<td>-0,63%<\/td>\n<td>218,76<\/td>\n<\/tr>\n<tr>\n<td>09\/01\/2026<\/td>\n<td>1.178,92<\/td>\n<td>-0,03%<\/td>\n<td>-0,28%<\/td>\n<td>219,66<\/td>\n<\/tr>\n<tr>\n<td>08\/01\/2026<\/td>\n<td>1.179,26<\/td>\n<td>-0,13%<\/td>\n<td>-0,25%<\/td>\n<td>218,75<\/td>\n<\/tr>\n<tr>\n<td>07\/01\/2026<\/td>\n<td>1.180,84<\/td>\n<td>-0,33%<\/td>\n<td>-0,11%<\/td>\n<td>219,12<\/td>\n<\/tr>\n<\/tbody>\n<\/table>\n<p><strong>PRE\u00c7O M\u00c9DIO DO TRIGO CEPEA\/ESALQ &#8211; RIO GRANDE DO SUL<\/strong><\/p>\n<\/p>\n<\/p>\n<\/p>\n<\/p>\n<\/p>\n<\/p>\n<\/p>\n<\/p>\n<\/p>\n<\/p>\n<table id=\"imagenet-indicador2\">\n<thead>\n<tr>\n<th>DATA<\/th>\n<th>VALOR R$\/T*<\/th>\n<th>VAR.\/DIA<\/th>\n<th>VAR.\/M\u00caS<\/th>\n<th>VALOR US$\/T*<\/th>\n<\/tr>\n<\/thead>\n<tbody>\n<tr>\n<td>13\/01\/2026<\/td>\n<td>1.054,04<\/td>\n<td>0,35%<\/td>\n<td>0,77%<\/td>\n<td>195,92<\/td>\n<\/tr>\n<tr>\n<td>12\/01\/2026<\/td>\n<td>1.050,37<\/td>\n<td>0,09%<\/td>\n<td>0,42%<\/td>\n<td>195,60<\/td>\n<\/tr>\n<tr>\n<td>09\/01\/2026<\/td>\n<td>1.049,40<\/td>\n<td>0,45%<\/td>\n<td>0,32%<\/td>\n<td>195,53<\/td>\n<\/tr>\n<tr>\n<td>08\/01\/2026<\/td>\n<td>1.044,72<\/td>\n<td>0,33%<\/td>\n<td>-0,12%<\/td>\n<td>193,79<\/td>\n<\/tr>\n<tr>\n<td>07\/01\/2026<\/td>\n<td>1.041,32<\/td>\n<td>-0,12%<\/td>\n<td>-0,45%<\/td>\n<td>193,23<\/td>\n<\/tr>\n<\/tbody>\n<\/table>\n<p>Os valores s\u00e3o do <a href=\"http:\/\/www.cepea.org.br\" target=\"_blank\" rel=\"noopener\">Cepea<\/a>.<\/p>\n<p>\u00a0<\/p>\n<h2>O que \u00e9 uma saca de soja ou de trigo? Entenda a unidade de medida no mercado de gr\u00e3os<\/h2>\n<p>A saca de soja e a saca de trigo s\u00e3o as principais unidades de comercializa\u00e7\u00e3o de gr\u00e3os no Brasil. Cada saca equivale a 60 quilos, padr\u00e3o adotado por \u00f3rg\u00e3os oficiais como a <strong>Companhia Nacional de Abastecimento (<a href=\"https:\/\/www.gov.br\/conab\/pt-br\" target=\"_blank\" rel=\"noopener\">Conab<\/a>)<\/strong>, o<strong> Minist\u00e9rio da Agricultura (<a href=\"http:\/\/www.gov.br\/agricultura\/pt-br\" target=\"_blank\" rel=\"noopener\">MAPA<\/a>)<\/strong> e o<strong> Centro de Estudos Avan\u00e7ados em Economia Aplicada (<a href=\"http:\/\/www.cepea.org.br\" target=\"_blank\" rel=\"noopener\">Cepea<\/a>)<\/strong>.<\/p>\n<p>Esse formato padronizado facilita o com\u00e9rcio da soja e do trigo, al\u00e9m de permitir um acompanhamento mais preciso das cota\u00e7\u00f5es e varia\u00e7\u00f5es de pre\u00e7os no mercado nacional.<\/p>\n<p>\t\t\t\t\t\t\t\t\t\t<img decoding=\"async\" src=\"https:\/\/brasil61.com\/api\/v1\/serve_pixel\/22254\/87002\" alt=\"Pixel Brasil 61\" class=\"b61_pixel\" width=\"0\" height=\"0\"><\/p>\n<div class=\"br61_backlink\">\n<p>\n\t\t\t\tFonte: <a href=\"https:\/\/brasil61.com\/soja-e-trigo-hoje-confira-as-cotacoes-para-esta-quarta-feira-14-pagr266040\" title=\"Artigo Original: Soja e trigo hoje: confira as cota\u00e7\u00f5es para esta\u00a0quarta-feira (14)\" target=\"_blank\" rel=\"noopener\">Brasil 61<\/a>\n\t\t\t<\/p>\n<\/p><\/div>\n<input type=\"hidden\" id=\"baseurl\" value=\"https:\/\/noticiasregionais.com.br\"><input type=\"hidden\" id=\"audio_nonce\" value=\"5c13e0637f\">","protected":false},"excerpt":{"rendered":"<p>A soja apresenta baixa no Paran\u00e1 e em Paranagu\u00e1; o trigo sofre reajustes<\/p>\n","protected":false},"author":1,"featured_media":12218,"comment_status":"","ping_status":"open","sticky":false,"template":"","format":"standard","meta":{"sfsi_plus_gutenberg_text_before_share":"","sfsi_plus_gutenberg_show_text_before_share":"","sfsi_plus_gutenberg_icon_type":"","sfsi_plus_gutenberg_icon_alignemt":"","sfsi_plus_gutenburg_max_per_row":"","footnotes":""},"categories":[8],"tags":[],"class_list":["post-12217","post","type-post","status-publish","format-standard","has-post-thumbnail","hentry","category-brasil"],"_links":{"self":[{"href":"https:\/\/noticiasregionais.com.br\/index.php?rest_route=\/wp\/v2\/posts\/12217","targetHints":{"allow":["GET"]}}],"collection":[{"href":"https:\/\/noticiasregionais.com.br\/index.php?rest_route=\/wp\/v2\/posts"}],"about":[{"href":"https:\/\/noticiasregionais.com.br\/index.php?rest_route=\/wp\/v2\/types\/post"}],"author":[{"embeddable":true,"href":"https:\/\/noticiasregionais.com.br\/index.php?rest_route=\/wp\/v2\/users\/1"}],"replies":[{"embeddable":true,"href":"https:\/\/noticiasregionais.com.br\/index.php?rest_route=%2Fwp%2Fv2%2Fcomments&post=12217"}],"version-history":[{"count":0,"href":"https:\/\/noticiasregionais.com.br\/index.php?rest_route=\/wp\/v2\/posts\/12217\/revisions"}],"wp:featuredmedia":[{"embeddable":true,"href":"https:\/\/noticiasregionais.com.br\/index.php?rest_route=\/wp\/v2\/media\/12218"}],"wp:attachment":[{"href":"https:\/\/noticiasregionais.com.br\/index.php?rest_route=%2Fwp%2Fv2%2Fmedia&parent=12217"}],"wp:term":[{"taxonomy":"category","embeddable":true,"href":"https:\/\/noticiasregionais.com.br\/index.php?rest_route=%2Fwp%2Fv2%2Fcategories&post=12217"},{"taxonomy":"post_tag","embeddable":true,"href":"https:\/\/noticiasregionais.com.br\/index.php?rest_route=%2Fwp%2Fv2%2Ftags&post=12217"}],"curies":[{"name":"wp","href":"https:\/\/api.w.org\/{rel}","templated":true}]}}