{"id":12219,"date":"2026-01-14T04:55:00","date_gmt":"2026-01-14T07:55:00","guid":{"rendered":"https:\/\/noticiasregionais.com.br\/?p=12219"},"modified":"2026-01-14T04:55:00","modified_gmt":"2026-01-14T07:55:00","slug":"brasil-amplia-exportacao-de-carne-bovina-ao-vietna","status":"publish","type":"post","link":"https:\/\/noticiasregionais.com.br\/?p=12219","title":{"rendered":"Brasil amplia exporta\u00e7\u00e3o de carne bovina ao Vietn\u00e3"},"content":{"rendered":"<p>\t\t\t\t\t\t\t\t\t\t\t<audio controls class=\"b61_audio_player\" data-noticia=\"87031\" src=\"https:\/\/brasil61.com\/rails\/active_storage\/blobs\/eyJfcmFpbHMiOnsibWVzc2FnZSI6IkJBaHBBMjdoQXc9PSIsImV4cCI6bnVsbCwicHVyIjoiYmxvYl9pZCJ9fQ==--a791bf711a13a482fbad99412ab78c893bdc0bd6\/MAPA260030B\"><\/audio><\/p>\n<p>O <strong>Vietn\u00e3 ampliou a lista de frigor\u00edficos brasileiros autorizados a exportar carne bovina<\/strong> com osso e desossada, ap\u00f3s avalia\u00e7\u00e3o t\u00e9cnica das autoridades sanit\u00e1rias. Foram habilitados <strong>quatro novos estabelecimentos<\/strong> em:<\/p>\n<ul>\n<li>Rond\u00f4nia (2);\u00a0<\/li>\n<li>Mato Grosso do Sul (1); e\u00a0<\/li>\n<li>Tocantins (1).<\/li>\n<\/ul>\n<p>A autoriza\u00e7\u00e3o foi concedida com base nos dossi\u00eas t\u00e9cnicos apresentados pelo Minist\u00e9rio da Agricultura e Pecu\u00e1ria (<a href=\"https:\/\/www.gov.br\/agricultura\/pt-br\" target=\"_blank\" rel=\"noopener\">Mapa<\/a>), que comprovaram o <strong>cumprimento dos requisitos sanit\u00e1rios e de qualidade<\/strong> exigidos pelo Vietn\u00e3.<\/p>\n<p>Com a nova habilita\u00e7\u00e3o, o <strong>Brasil soma oito plantas credenciadas para exportar ao pa\u00eds asi\u00e1tico<\/strong>. Al\u00e9m das quatro rec\u00e9m-inclu\u00eddas, j\u00e1 estavam autorizadas tr\u00eas em <strong>Goi\u00e1s<\/strong> e uma em <strong>Mato Grosso<\/strong>.<\/p>\n<h2>Abertura de mercado<\/h2>\n<p>Ap\u00f3s d\u00e9cadas de negocia\u00e7\u00e3o, o <strong>mercado vietnamita para carne bovina brasileira foi aberto em 2025<\/strong>, durante a <a href=\"https:\/\/www.gov.br\/planalto\/pt-br\/agenda-internacional\/missoes-internacionais\/missao-ao-vietna\/missao-ao-vietna\" target=\"_blank\" rel=\"noopener\">miss\u00e3o oficial<\/a> do Presidente da Rep\u00fablica a Han\u00f3i. A visita fortaleceu o di\u00e1logo bilateral e ampliou as oportunidades de inser\u00e7\u00e3o de novos produtos nacionais.<\/p>\n<p><strong>VEJA MAIS:<\/strong><\/p>\n<ul>\n<li><a href=\"https:\/\/brasil61.com\/n\/restricao-da-china-a-carne-bovina-pode-causar-impacto-de-us-3-bilhoes-ao-brasil-bras2615480\" target=\"_blank\" rel=\"noopener\">Restri\u00e7\u00e3o da China \u00e0 carne bovina pode causar impacto de US$ 3 bilh\u00f5es ao Brasil<\/a><\/li>\n<li><a href=\"https:\/\/brasil61.com\/n\/governo-federal-celebra-abertura-de-mais-de-500-novos-mercados-para-o-agro-brasileiro-mapa250027\" target=\"_blank\" rel=\"noopener\">Governo Federal celebra abertura de mais de 500 novos mercados para o agro brasileiro<\/a><\/li>\n<\/ul>\n<p>\t\t\t\t\t\t\t\t\t\t<img decoding=\"async\" src=\"https:\/\/brasil61.com\/api\/v1\/serve_pixel\/22254\/87031\" alt=\"Pixel Brasil 61\" class=\"b61_pixel\" width=\"0\" height=\"0\"><\/p>\n<div class=\"br61_backlink\">\n<p>\n\t\t\t\tFonte: <a href=\"https:\/\/brasil61.com\/brasil-amplia-exportacao-de-carne-bovina-ao-vietna-mapa260030\" title=\"Artigo Original: Brasil amplia exporta\u00e7\u00e3o de carne bovina ao Vietn\u00e3\" target=\"_blank\" rel=\"noopener\">Brasil 61<\/a>\n\t\t\t<\/p>\n<\/p><\/div>\n<input type=\"hidden\" id=\"baseurl\" value=\"https:\/\/noticiasregionais.com.br\"><input type=\"hidden\" id=\"audio_nonce\" value=\"5c13e0637f\">","protected":false},"excerpt":{"rendered":"<p>Quatro novos estabelecimentos foram habilitados, com base nos dossi\u00eas t\u00e9cnicos apresentados pelo Mapa<\/p>\n","protected":false},"author":1,"featured_media":12220,"comment_status":"","ping_status":"open","sticky":false,"template":"","format":"standard","meta":{"sfsi_plus_gutenberg_text_before_share":"","sfsi_plus_gutenberg_show_text_before_share":"","sfsi_plus_gutenberg_icon_type":"","sfsi_plus_gutenberg_icon_alignemt":"","sfsi_plus_gutenburg_max_per_row":"","footnotes":""},"categories":[8],"tags":[],"class_list":["post-12219","post","type-post","status-publish","format-standard","has-post-thumbnail","hentry","category-brasil"],"_links":{"self":[{"href":"https:\/\/noticiasregionais.com.br\/index.php?rest_route=\/wp\/v2\/posts\/12219","targetHints":{"allow":["GET"]}}],"collection":[{"href":"https:\/\/noticiasregionais.com.br\/index.php?rest_route=\/wp\/v2\/posts"}],"about":[{"href":"https:\/\/noticiasregionais.com.br\/index.php?rest_route=\/wp\/v2\/types\/post"}],"author":[{"embeddable":true,"href":"https:\/\/noticiasregionais.com.br\/index.php?rest_route=\/wp\/v2\/users\/1"}],"replies":[{"embeddable":true,"href":"https:\/\/noticiasregionais.com.br\/index.php?rest_route=%2Fwp%2Fv2%2Fcomments&post=12219"}],"version-history":[{"count":0,"href":"https:\/\/noticiasregionais.com.br\/index.php?rest_route=\/wp\/v2\/posts\/12219\/revisions"}],"wp:featuredmedia":[{"embeddable":true,"href":"https:\/\/noticiasregionais.com.br\/index.php?rest_route=\/wp\/v2\/media\/12220"}],"wp:attachment":[{"href":"https:\/\/noticiasregionais.com.br\/index.php?rest_route=%2Fwp%2Fv2%2Fmedia&parent=12219"}],"wp:term":[{"taxonomy":"category","embeddable":true,"href":"https:\/\/noticiasregionais.com.br\/index.php?rest_route=%2Fwp%2Fv2%2Fcategories&post=12219"},{"taxonomy":"post_tag","embeddable":true,"href":"https:\/\/noticiasregionais.com.br\/index.php?rest_route=%2Fwp%2Fv2%2Ftags&post=12219"}],"curies":[{"name":"wp","href":"https:\/\/api.w.org\/{rel}","templated":true}]}}