{"id":12221,"date":"2026-01-14T04:45:00","date_gmt":"2026-01-14T07:45:00","guid":{"rendered":"https:\/\/noticiasregionais.com.br\/?p=12221"},"modified":"2026-01-14T04:45:00","modified_gmt":"2026-01-14T07:45:00","slug":"macrorregiao-leste-ma-presidente-dutra-e-mais-60-municipios-da-macrorregiao-mantem-mobilizacao-pela-vacinacao-de-criancas-e-adolescentes","status":"publish","type":"post","link":"https:\/\/noticiasregionais.com.br\/?p=12221","title":{"rendered":"Macrorregi\u00e3o Leste (MA): Presidente Dutra e mais 60 munic\u00edpios da macrorregi\u00e3o mant\u00eam mobiliza\u00e7\u00e3o pela vacina\u00e7\u00e3o de crian\u00e7as e adolescentes"},"content":{"rendered":"<p>\t\t\t\t\t\t\t\t\t\t\t<audio controls class=\"b61_audio_player\" data-noticia=\"86997\" src=\"https:\/\/brasil61.com\/rails\/active_storage\/blobs\/eyJfcmFpbHMiOnsibWVzc2FnZSI6IkJBaHBBMm5oQXc9PSIsImV4cCI6bnVsbCwicHVyIjoiYmxvYl9pZCJ9fQ==--d408f4a1583a0eac7fd2eece9db02fd89e4fff35\/VACI260332A\"><\/audio><\/p>\n<p><strong>Os 61 munic\u00edpios da Macrorregi\u00e3o Leste de sa\u00fade do Maranh\u00e3o \u2013 entre eles Cod\u00f3, Colinas, Presidente Dutra, Santo Ant\u00f4nio dos Lopes \u2013 seguem mobilizados na vacina\u00e7\u00e3o de crian\u00e7as e adolescentes.<\/strong><\/p>\n<p>As coberturas vacinais na macrorregi\u00e3o preocupam. <strong>Vacinas como a de poliomielite e a tr\u00edplice viral, que protege contra o sarampo, est\u00e3o abaixo da meta estabelecida pelo <a href=\"https:\/\/www.gov.br\/saude\/pt-br\" target=\"_blank\" rel=\"noopener\">Minist\u00e9rio da Sa\u00fade<\/a><\/strong>.\u00a0<\/p>\n<p>Para enfrentar esse cen\u00e1rio e ampliar a prote\u00e7\u00e3o da popula\u00e7\u00e3o, a Secretaria de Estado da Sa\u00fade tem intensificado as a\u00e7\u00f5es em todo o territ\u00f3rio. A chefe do Departamento de Doen\u00e7as Imunopreven\u00edveis da SES, Halice Figueiredo, destaca as principais estrat\u00e9gias previstas para os pr\u00f3ximos meses.<\/p>\n<p>\u201cAs prioridades nos pr\u00f3ximos meses s\u00e3o manter e ampliar as coberturas vacinais. Intensificar a vacina\u00e7\u00e3o nas escolas. Orientar os munic\u00edpios sobre a comunica\u00e7\u00e3o e amplia\u00e7\u00e3o dos pontos de vacina\u00e7\u00e3o. Fortalecer os comit\u00eas municipais de microplanejamento e refor\u00e7ar a vigil\u00e2ncia epidemiol\u00f3gica para evitar o retorno de doen\u00e7as j\u00e1 controladas.\u201d\u00a0<\/p>\n<p><strong>As vacinas fazem parte do Calend\u00e1rio Nacional de Vacina\u00e7\u00e3o e est\u00e3o dispon\u00edveis durante todo o ano nas Unidades B\u00e1sicas de Sa\u00fade. <\/strong>N\u00e3o deixe de se proteger e proteger aqueles que voc\u00ea ama!<\/p>\n<p>As vacinas para as crian\u00e7as garantem prote\u00e7\u00e3o contra doen\u00e7as como sarampo, poliomielite, tuberculose, hepatite B, meningites, difteria, t\u00e9tano, coqueluche, HPV, febre amarela e covid-19.<\/p>\n<p>Para os adolescentes menores de 15 anos, o foco \u00e9 atualizar a situa\u00e7\u00e3o vacinal, completando os esquemas em atraso de suas vacinas. \u00c9 importante lembrar que a vacina de HPV est\u00e1 dispon\u00edvel para jovens de 15 a 19 anos. N\u00e3o perca a oportunidade de mais essa prote\u00e7\u00e3o!<\/p>\n<p>O diretor do Programa Nacional de Imuniza\u00e7\u00f5es, Eder Gatti, ressalta que <strong>a vacina\u00e7\u00e3o \u00e9 a melhor medida para manter o pa\u00eds livre das doen\u00e7as j\u00e1 controladas, como poliomielite e sarampo. <\/strong>Fa\u00e7a sua parte!<\/p>\n<p>\u201cTivemos grande \u00eaxito, mas n\u00e3o podemos deixar que essas doen\u00e7as retornem. Ent\u00e3o, \u00e9 muito importante que a popula\u00e7\u00e3o se vacine. As vacinas do SUS [Sistema \u00danico de Sa\u00fade] s\u00e3o seguras e protegem, o que \u00e9 mais importante. Ent\u00e3o, vacinar \u00e9 uma prote\u00e7\u00e3o individual, mas tamb\u00e9m prote\u00e7\u00e3o de toda a comunidade.\u201d<\/p>\n<p>Aten\u00e7\u00e3o pais e respons\u00e1veis do Maranh\u00e3o! Atualizem a caderneta de vacina\u00e7\u00e3o de crian\u00e7as e adolescentes menores de 15 anos. Procurem uma Unidade B\u00e1sica de Sa\u00fade e mantenham a prote\u00e7\u00e3o em dia.<\/p>\n<p><strong>Saiba mais em <a href=\"http:\/\/gov.br\/vacinacao\" target=\"_blank\" rel=\"noopener\">gov.br\/vacinacao<\/a>.<\/strong><\/p>\n<p>\t\t\t\t\t\t\t\t\t\t<img decoding=\"async\" src=\"https:\/\/brasil61.com\/api\/v1\/serve_pixel\/22254\/86997\" alt=\"Pixel Brasil 61\" class=\"b61_pixel\" width=\"0\" height=\"0\"><\/p>\n<div class=\"br61_backlink\">\n<p>\n\t\t\t\tFonte: <a href=\"https:\/\/brasil61.com\/macrorregiao-leste-ma-presidente-dutra-e-mais-60-municipios-da-macrorregiao-mantem-mobilizacao-pela-vacinacao-de-criancas-e-adolescentes-vaci260332\" title=\"Artigo Original: Macrorregi\u00e3o Leste (MA): Presidente Dutra e mais 60 munic\u00edpios da macrorregi\u00e3o mant\u00eam mobiliza\u00e7\u00e3o pela vacina\u00e7\u00e3o de crian\u00e7as e adolescentes\" target=\"_blank\" rel=\"noopener\">Brasil 61<\/a>\n\t\t\t<\/p>\n<\/p><\/div>\n<input type=\"hidden\" id=\"baseurl\" value=\"https:\/\/noticiasregionais.com.br\"><input type=\"hidden\" id=\"audio_nonce\" value=\"533fbb67b1\">","protected":false},"excerpt":{"rendered":"<p>As coberturas vacinais na macrorregi\u00e3o preocupam. Vacinas como a de poliomielite e a tr\u00edplice viral, que protege contra o sarampo, est\u00e3o abaixo da meta estabelecida pelo Minist\u00e9rio da Sa\u00fade. <\/p>\n","protected":false},"author":1,"featured_media":12222,"comment_status":"","ping_status":"open","sticky":false,"template":"","format":"standard","meta":{"sfsi_plus_gutenberg_text_before_share":"","sfsi_plus_gutenberg_show_text_before_share":"","sfsi_plus_gutenberg_icon_type":"","sfsi_plus_gutenberg_icon_alignemt":"","sfsi_plus_gutenburg_max_per_row":"","footnotes":""},"categories":[8],"tags":[],"class_list":["post-12221","post","type-post","status-publish","format-standard","has-post-thumbnail","hentry","category-brasil"],"_links":{"self":[{"href":"https:\/\/noticiasregionais.com.br\/index.php?rest_route=\/wp\/v2\/posts\/12221","targetHints":{"allow":["GET"]}}],"collection":[{"href":"https:\/\/noticiasregionais.com.br\/index.php?rest_route=\/wp\/v2\/posts"}],"about":[{"href":"https:\/\/noticiasregionais.com.br\/index.php?rest_route=\/wp\/v2\/types\/post"}],"author":[{"embeddable":true,"href":"https:\/\/noticiasregionais.com.br\/index.php?rest_route=\/wp\/v2\/users\/1"}],"replies":[{"embeddable":true,"href":"https:\/\/noticiasregionais.com.br\/index.php?rest_route=%2Fwp%2Fv2%2Fcomments&post=12221"}],"version-history":[{"count":0,"href":"https:\/\/noticiasregionais.com.br\/index.php?rest_route=\/wp\/v2\/posts\/12221\/revisions"}],"wp:featuredmedia":[{"embeddable":true,"href":"https:\/\/noticiasregionais.com.br\/index.php?rest_route=\/wp\/v2\/media\/12222"}],"wp:attachment":[{"href":"https:\/\/noticiasregionais.com.br\/index.php?rest_route=%2Fwp%2Fv2%2Fmedia&parent=12221"}],"wp:term":[{"taxonomy":"category","embeddable":true,"href":"https:\/\/noticiasregionais.com.br\/index.php?rest_route=%2Fwp%2Fv2%2Fcategories&post=12221"},{"taxonomy":"post_tag","embeddable":true,"href":"https:\/\/noticiasregionais.com.br\/index.php?rest_route=%2Fwp%2Fv2%2Ftags&post=12221"}],"curies":[{"name":"wp","href":"https:\/\/api.w.org\/{rel}","templated":true}]}}