{"id":12231,"date":"2026-01-14T16:15:00","date_gmt":"2026-01-14T19:15:00","guid":{"rendered":"https:\/\/noticiasregionais.com.br\/?p=12231"},"modified":"2026-01-14T16:15:00","modified_gmt":"2026-01-14T19:15:00","slug":"escolas-conectadas-leva-internet-a-68-das-escolas-publicas-e-avanca-na-universalizacao-do-acesso","status":"publish","type":"post","link":"https:\/\/noticiasregionais.com.br\/?p=12231","title":{"rendered":"Escolas Conectadas leva internet a 68% das escolas p\u00fablicas e avan\u00e7a na universaliza\u00e7\u00e3o do acesso"},"content":{"rendered":"<p>\t\t\t\t\t\t\t\t\t\t\t<audio controls class=\"b61_audio_player\" data-noticia=\"87025\" src=\"https:\/\/brasil61.com\/rails\/active_storage\/blobs\/eyJfcmFpbHMiOnsibWVzc2FnZSI6IkJBaHBBMXJoQXc9PSIsImV4cCI6bnVsbCwicHVyIjoiYmxvYl9pZCJ9fQ==--1604eb72a316376098dd1ed411f7479cef65729d\/MCOM260231A\"><\/audio><\/p>\n<p>O programa <strong>Escolas Conectadas<\/strong>, desenvolvido pelos minist\u00e9rios das Comunica\u00e7\u00f5es (<a href=\"https:\/\/www.gov.br\/mcom\/pt-br\" target=\"_blank\" rel=\"noopener\">MCom<\/a>) e da Educa\u00e7\u00e3o (<a href=\"https:\/\/www.gov.br\/mec\/pt-br\" target=\"_blank\" rel=\"noopener\">MEC<\/a>), encerrou 2025 com um resultado significativo para a universaliza\u00e7\u00e3o da internet na educa\u00e7\u00e3o b\u00e1sica. Atualmente, <strong>68,4% das institui\u00e7\u00f5es previstas<\/strong> j\u00e1 contam com acesso \u00e0 internet, equivalente a um total de <strong>94.221 unidades<\/strong>, de um universo de 138 mil escolas brasileiras.<\/p>\n<p>Somente em 2025, <strong>22,8 mil escolas<\/strong> passaram a ter conectividade garantida por pol\u00edticas como o <a href=\"https:\/\/www.bndes.gov.br\/wps\/portal\/site\/home\/transparencia\/fundos-governamentais\/fust\/!ut\/p\/z1\/04_iUlDg4tKPAFJABpSA0fpReYllmemJJZn5eYk5-hH6kVFm8eaB7s4ejiaGPu6hjuYGZi6mxsZufsFGBj6m-l76UfgVFGQHKgIAjGoCFg!!\/\" target=\"_blank\" rel=\"noopener\">Fust<\/a> e a <a href=\"https:\/\/eace.org.br\/\" target=\"_blank\" rel=\"noopener\">Eace<\/a>, ampliando o alcance das redes e favorecendo regi\u00f5es antes desconectadas.<\/p>\n<p>\u201cVamos seguir com o esfor\u00e7o de levar conectividade \u00e0s escolas p\u00fablicas da educa\u00e7\u00e3o b\u00e1sica, garantindo que a tecnologia esteja a servi\u00e7o do ensino, da equidade e da transforma\u00e7\u00e3o. Essa \u00e9 uma agenda que n\u00e3o \u00e9 s\u00f3 tecnol\u00f3gica, mas que \u00e9 fundamentalmente social, porque tem impacto direto na vida de cada pessoa. Internet \u00e9 hoje uma condi\u00e7\u00e3o de infraestrutura b\u00e1sica de desenvolvimento do pa\u00eds, para acesso \u00e0 educa\u00e7\u00e3o, \u00e0 sa\u00fade, ao trabalho e para o pleno exerc\u00edcio da cidadania\u201d, afirma o ministro das Comunica\u00e7\u00f5es, Frederico de Siqueira Filho.<\/p>\n<p>O programa n\u00e3o se limita ao acesso \u00e0 internet: ele cria condi\u00e7\u00f5es para que professores e estudantes utilizem recursos digitais de forma significativa, com foco em aprendizagem, forma\u00e7\u00e3o docente e uso pedag\u00f3gico da tecnologia.<br \/>\n\u00a0<br \/>\nPara Jonathas Wesley, estudante de 13 anos, a mudan\u00e7a fez toda diferen\u00e7a para o seu aprendizado. Ele, que n\u00e3o tem computador em casa, aproveita ao m\u00e1ximo quando est\u00e1 na escola:<br \/>\n\u00a0<br \/>\n\u201cEra dif\u00edcil, t\u00ednhamos que copiar um bocado com a m\u00e3o. Eu fiquei feliz, gostei desse computador e todos esses equipamentos para n\u00f3s estudarmos, pesquisar as coisas das mat\u00e9rias\u201d, relata Jonathas.<\/p>\n<h2>Investimentos<\/h2>\n<p>O programa prev\u00ea um investimento de quase R$ 9 bilh\u00f5es, dos quais R$ 6,5 bilh\u00f5es v\u00eam do Novo PAC, com complementa\u00e7\u00e3o de outras fontes. Desde setembro de 2023, mais de R$ 3 bilh\u00f5es j\u00e1 foram destinados a escolas estaduais e municipais em todas as regi\u00f5es do pa\u00eds.<br \/>\n\u00a0<br \/>\nEsses valores contemplam:<br \/>\n\u00a0<br \/>\n\u25cf instala\u00e7\u00e3o de infraestrutura de conectividade de alta velocidade<br \/>\n\u25cf fortalecimento da rede escolar em zonas urbanas e rurais<br \/>\n\u25cf projetos de inclus\u00e3o e forma\u00e7\u00e3o digital de professores<br \/>\n\u25cf conex\u00e3o via fibra \u00f3ptica e solu\u00e7\u00f5es via sat\u00e9lite onde necess\u00e1rio<\/p>\n<h2>Estados mais avan\u00e7ados na conectividade escolar<\/h2>\n<p>Para al\u00e9m da m\u00e9dia nacional, alguns estados j\u00e1 ultrapassaram 80% de escolas conectadas:<\/p>\n<table>\n<tbody>\n<tr>\n<th>Estado<\/th>\n<th>Percentual de escolas conectadas<\/th>\n<\/tr>\n<tr>\n<td>Paran\u00e1<\/td>\n<td>83,6%<\/td>\n<\/tr>\n<tr>\n<td>Piau\u00ed<\/td>\n<td>81,4%<\/td>\n<\/tr>\n<tr>\n<td>Goi\u00e1s<\/td>\n<td>81,3%<\/td>\n<\/tr>\n<\/tbody>\n<\/table>\n<p>Fonte: MCom<\/p>\n<h2>Segunda Sele\u00e7\u00e3o P\u00fablica<\/h2>\n<p>E, com o objetivo de impulsionar o avan\u00e7o da conectividade, MEC e Minist\u00e9rio das Comunica\u00e7\u00f5es lan\u00e7aram, em dezembro de 2025, a segunda sele\u00e7\u00e3o p\u00fablica do programa BNDES Fust Escolas Conectadas, em parceria com o BNDES. A etapa prev\u00ea R$ 53,3 milh\u00f5es em recursos n\u00e3o reembols\u00e1veis para levar internet a 1.258 escolas do Norte e Nordeste, beneficiando aproximadamente 410 mil estudantes.<\/p>\n<p>\u00a0<\/p>\n<p>\t\t\t\t\t\t\t\t\t\t<img decoding=\"async\" src=\"https:\/\/brasil61.com\/api\/v1\/serve_pixel\/22254\/87025\" alt=\"Pixel Brasil 61\" class=\"b61_pixel\" width=\"0\" height=\"0\"><\/p>\n<div class=\"br61_backlink\">\n<p>\n\t\t\t\tFonte: <a href=\"https:\/\/brasil61.com\/escolas-conectadas-leva-internet-a-68-das-escolas-publicas-e-avanca-na-universalizacao-do-acesso-mcom260231\" title=\"Artigo Original: Escolas Conectadas leva internet a 68% das escolas p\u00fablicas e avan\u00e7a na universaliza\u00e7\u00e3o do acesso\" target=\"_blank\" rel=\"noopener\">Brasil 61<\/a>\n\t\t\t<\/p>\n<\/p><\/div>\n<input type=\"hidden\" id=\"baseurl\" value=\"https:\/\/noticiasregionais.com.br\"><input type=\"hidden\" id=\"audio_nonce\" value=\"5c13e0637f\">","protected":false},"excerpt":{"rendered":"<p>Iniciativa j\u00e1 levou conex\u00e3o a mais de 94 mil escolas e avan\u00e7a para garantir internet em todas as 138 mil unidades de educa\u00e7\u00e3o b\u00e1sica do pa\u00eds<\/p>\n","protected":false},"author":1,"featured_media":12232,"comment_status":"","ping_status":"open","sticky":false,"template":"","format":"standard","meta":{"sfsi_plus_gutenberg_text_before_share":"","sfsi_plus_gutenberg_show_text_before_share":"","sfsi_plus_gutenberg_icon_type":"","sfsi_plus_gutenberg_icon_alignemt":"","sfsi_plus_gutenburg_max_per_row":"","footnotes":""},"categories":[8],"tags":[],"class_list":["post-12231","post","type-post","status-publish","format-standard","has-post-thumbnail","hentry","category-brasil"],"_links":{"self":[{"href":"https:\/\/noticiasregionais.com.br\/index.php?rest_route=\/wp\/v2\/posts\/12231","targetHints":{"allow":["GET"]}}],"collection":[{"href":"https:\/\/noticiasregionais.com.br\/index.php?rest_route=\/wp\/v2\/posts"}],"about":[{"href":"https:\/\/noticiasregionais.com.br\/index.php?rest_route=\/wp\/v2\/types\/post"}],"author":[{"embeddable":true,"href":"https:\/\/noticiasregionais.com.br\/index.php?rest_route=\/wp\/v2\/users\/1"}],"replies":[{"embeddable":true,"href":"https:\/\/noticiasregionais.com.br\/index.php?rest_route=%2Fwp%2Fv2%2Fcomments&post=12231"}],"version-history":[{"count":0,"href":"https:\/\/noticiasregionais.com.br\/index.php?rest_route=\/wp\/v2\/posts\/12231\/revisions"}],"wp:featuredmedia":[{"embeddable":true,"href":"https:\/\/noticiasregionais.com.br\/index.php?rest_route=\/wp\/v2\/media\/12232"}],"wp:attachment":[{"href":"https:\/\/noticiasregionais.com.br\/index.php?rest_route=%2Fwp%2Fv2%2Fmedia&parent=12231"}],"wp:term":[{"taxonomy":"category","embeddable":true,"href":"https:\/\/noticiasregionais.com.br\/index.php?rest_route=%2Fwp%2Fv2%2Fcategories&post=12231"},{"taxonomy":"post_tag","embeddable":true,"href":"https:\/\/noticiasregionais.com.br\/index.php?rest_route=%2Fwp%2Fv2%2Ftags&post=12231"}],"curies":[{"name":"wp","href":"https:\/\/api.w.org\/{rel}","templated":true}]}}