{"id":12235,"date":"2026-01-15T04:05:00","date_gmt":"2026-01-15T07:05:00","guid":{"rendered":"https:\/\/noticiasregionais.com.br\/?p=12235"},"modified":"2026-01-15T04:05:00","modified_gmt":"2026-01-15T07:05:00","slug":"boi-gordo-hoje-confira-as-cotacoes-para-quinta-feira-15","status":"publish","type":"post","link":"https:\/\/noticiasregionais.com.br\/?p=12235","title":{"rendered":"Boi gordo hoje: confira as cota\u00e7\u00f5es para quinta-feira (15)"},"content":{"rendered":"<p>\t\t\t\t\t\t\t\t\t\t\t<audio controls class=\"b61_audio_player\" data-noticia=\"87053\" src=\"https:\/\/brasil61.com\/rails\/active_storage\/blobs\/eyJfcmFpbHMiOnsibWVzc2FnZSI6IkJBaHBBeVBpQXc9PSIsImV4cCI6bnVsbCwicHVyIjoiYmxvYl9pZCJ9fQ==--c427d565e790b43188db6ca73a75a0fc3d03dc6e\/PAGR266043A\"><\/audio><\/p>\n<p>O pre\u00e7o do <strong>boi gordo<\/strong> nesta quinta-feira (15) apresenta <strong>queda<\/strong>; a arroba est\u00e1 sendo negociada a<strong> R$318,55<\/strong>, no estado de S\u00e3o Paulo.\u00a0<\/p>\n<\/p>\n<p>\n<b>INDICADOR DO BOI GORDO CEPEA\/ESALQ<\/b><\/p>\n<table id=\"imagenet-indicador1\">\n<thead>\n<tr>\n<th>Data<\/th>\n<th>Valor R$*<\/th>\n<th>Var.\/Dia<\/th>\n<th>Var.\/M\u00eas<\/th>\n<th>Valor US$*<\/th>\n<\/tr>\n<\/thead>\n<tbody>\n<tr>\n<td>14\/01\/2026<\/td>\n<td>318,55<\/td>\n<td>-0,03%<\/td>\n<td>-0,20%<\/td>\n<td>59,00<\/td>\n<\/tr>\n<tr>\n<td>13\/01\/2026<\/td>\n<td>318,65<\/td>\n<td>-0,23%<\/td>\n<td>-0,17%<\/td>\n<td>59,23<\/td>\n<\/tr>\n<tr>\n<td>12\/01\/2026<\/td>\n<td>319,40<\/td>\n<td>0,00%<\/td>\n<td>0,06%<\/td>\n<td>59,51<\/td>\n<\/tr>\n<tr>\n<td>09\/01\/2026<\/td>\n<td>319,40<\/td>\n<td>0,03%<\/td>\n<td>0,06%<\/td>\n<td>59,51<\/td>\n<\/tr>\n<tr>\n<td>08\/01\/2026<\/td>\n<td>319,30<\/td>\n<td>0,36%<\/td>\n<td>0,03%<\/td>\n<td>59,23<\/td>\n<\/tr>\n<\/tbody>\n<\/table>\n<p>Na Grande S\u00e3o Paulo, em S\u00e3o Jos\u00e9 do Rio Preto e em Descalvado, os pre\u00e7os do frango apresentaram<b> queda, <\/b>com baixa\u00a0de 2% no produto congelado e de 1,98% no frango resfriado. O frango congelado \u00e9 negociado a R$7,34, enquanto o resfriado est\u00e1 cotado a R$7,41<b>.<\/b><\/p>\n<p>\n<b>PRE\u00c7OS DO FRANGO CONGELADO CEPEA\/ESALQ &#8211; ESTADO SP<\/b><\/p>\n<table id=\"imagenet-indicador1-b\">\n<thead>\n<tr>\n<th>Data<\/th>\n<th>Valor R$<\/th>\n<th>Var.\/Dia<\/th>\n<th>Var.\/M\u00eas<\/th>\n<\/tr>\n<\/thead>\n<tbody>\n<tr>\n<td>14\/01\/2026<\/td>\n<td>7,34<\/td>\n<td>-2,00%<\/td>\n<td>-9,61%<\/td>\n<\/tr>\n<tr>\n<td>13\/01\/2026<\/td>\n<td>7,49<\/td>\n<td>-0,53%<\/td>\n<td>-7,76%<\/td>\n<\/tr>\n<tr>\n<td>12\/01\/2026<\/td>\n<td>7,53<\/td>\n<td>0,27%<\/td>\n<td>-7,27%<\/td>\n<\/tr>\n<tr>\n<td>09\/01\/2026<\/td>\n<td>7,51<\/td>\n<td>-1,70%<\/td>\n<td>-7,51%<\/td>\n<\/tr>\n<tr>\n<td>08\/01\/2026<\/td>\n<td>7,64<\/td>\n<td>0,00%<\/td>\n<td>-5,91%<\/td>\n<\/tr>\n<\/tbody>\n<\/table>\n<p><strong>PRE\u00c7OS DO FRANGO RESFRIADO CEPEA\/ESALQ &#8211; ESTADO SP<\/strong><\/p>\n<table id=\"imagenet-indicador2\">\n<thead>\n<tr>\n<th>Data<\/th>\n<th>Valor R$<\/th>\n<th>Var.\/Dia<\/th>\n<th>Var.\/M\u00eas<\/th>\n<\/tr>\n<\/thead>\n<tbody>\n<tr>\n<td>14\/01\/2026<\/td>\n<td>7,41<\/td>\n<td>-1,98%<\/td>\n<td>-8,97%<\/td>\n<\/tr>\n<tr>\n<td>13\/01\/2026<\/td>\n<td>7,56<\/td>\n<td>-0,66%<\/td>\n<td>-7,13%<\/td>\n<\/tr>\n<tr>\n<td>12\/01\/2026<\/td>\n<td>7,61<\/td>\n<td>0,93%<\/td>\n<td>-6,51%<\/td>\n<\/tr>\n<tr>\n<td>09\/01\/2026<\/td>\n<td>7,54<\/td>\n<td>-1,95%<\/td>\n<td>-7,37%<\/td>\n<\/tr>\n<tr>\n<td>08\/01\/2026<\/td>\n<td>7,69<\/td>\n<td>0,00%<\/td>\n<td>-5,53%<\/td>\n<\/tr>\n<\/tbody>\n<\/table>\n<h2>Pre\u00e7o da carca\u00e7a su\u00edna especial e su\u00edno vivo<\/h2>\n<p>A carca\u00e7a su\u00edna especial apresenta <strong>desvaloriza\u00e7\u00e3o<\/strong>, sendo negociada a R$12,45, por quilo nos atacados da Grande S\u00e3o Paulo.<\/p>\n<p>O su\u00edno vivo registra <strong>queda <\/strong>na maior parte dos estados, com destaque para S\u00e3o Paulo, onde o animal \u00e9 comercializado a R$8,76.<\/p>\n<p><strong>PRE\u00c7OS DA CARCA\u00c7A SU\u00cdNA ESPECIAL (R$\/kg)<\/strong><\/p>\n<table id=\"imagenet-indicador3\">\n<thead>\n<tr>\n<th>Data<\/th>\n<th>M\u00e9dia<\/th>\n<th>Var.\/Dia<\/th>\n<th>Var.\/M\u00eas<\/th>\n<\/tr>\n<\/thead>\n<tbody>\n<tr>\n<td>14\/01\/2026<\/td>\n<td>12,45<\/td>\n<td>-0,64%<\/td>\n<td>-3,19%<\/td>\n<\/tr>\n<tr>\n<td>13\/01\/2026<\/td>\n<td>12,53<\/td>\n<td>-0,71%<\/td>\n<td>-2,57%<\/td>\n<\/tr>\n<tr>\n<td>12\/01\/2026<\/td>\n<td>12,62<\/td>\n<td>-1,71%<\/td>\n<td>-1,87%<\/td>\n<\/tr>\n<tr>\n<td>09\/01\/2026<\/td>\n<td>12,84<\/td>\n<td>-0,39%<\/td>\n<td>-0,16%<\/td>\n<\/tr>\n<tr>\n<td>08\/01\/2026<\/td>\n<td>12,89<\/td>\n<td>0,00%<\/td>\n<td>0,23%<\/td>\n<\/tr>\n<\/tbody>\n<\/table>\n<p>\u00a0<\/p>\n<\/p>\n<p dir=\"ltr\"><b>INDICADOR DO SU\u00cdNO VIVO CEPEA\/ESALQ (R$\/kg<\/b><\/p>\n<table id=\"imagenet-indicador2-b\">\n<thead>\n<tr>\n<th>Data<\/th>\n<th>Estado<\/th>\n<th>Valor R$*<\/th>\n<th>Var.\/Dia<\/th>\n<th>Var.\/M\u00eas<\/th>\n<\/tr>\n<\/thead>\n<tbody>\n<tr>\n<td>14\/01\/2026<\/td>\n<td>MG &#8211; posto<\/td>\n<td>8,25<\/td>\n<td>0,12%<\/td>\n<td>-2,14%<\/td>\n<\/tr>\n<tr>\n<td>14\/01\/2026<\/td>\n<td>PR &#8211; a retirar<\/td>\n<td>8,15<\/td>\n<td>-0,49%<\/td>\n<td>-1,45%<\/td>\n<\/tr>\n<tr>\n<td>14\/01\/2026<\/td>\n<td>RS &#8211; a retirar<\/td>\n<td>8,16<\/td>\n<td>-0,73%<\/td>\n<td>-1,69%<\/td>\n<\/tr>\n<tr>\n<td>14\/01\/2026<\/td>\n<td>SC &#8211; a retirar<\/td>\n<td>8,14<\/td>\n<td>-1,21%<\/td>\n<td>-2,51%<\/td>\n<\/tr>\n<tr>\n<td>14\/01\/2026<\/td>\n<td>SP &#8211; posto<\/td>\n<td>8,76<\/td>\n<td>-0,23%<\/td>\n<td>-1,68%<\/td>\n<\/tr>\n<\/tbody>\n<\/table>\n<p>Os valores s\u00e3o do <a href=\"https:\/\/www.cepea.org.br\/br\/indicador\/boi-gordo.aspx\" target=\"_blank\" rel=\"noopener\">Cepea<\/a>.<\/p>\n<h2>O que \u00e9 o boi gordo? Entenda o termo do mercado bovino<\/h2>\n<p>O boi gordo \u00e9 o bovino macho pronto para o abate, com peso m\u00ednimo de 16 arrobas l\u00edquidas de carca\u00e7a (aproximadamente 240 kg) e at\u00e9 42 meses de idade. Atende aos padr\u00f5es do mercado nacional e internacional, incluindo exporta\u00e7\u00f5es para Europa, China e cota Hilton.<\/p>\n<h2>Diferen\u00e7as entre frango congelado e frango resfriado<\/h2>\n<p>O frango congelado passa por congelamento r\u00e1pido, com temperaturas abaixo de -12\u00b0C, garantindo maior vida \u00fatil para armazenamento e transporte a longas dist\u00e2ncias. J\u00e1 o frango resfriado \u00e9 mantido entre 0\u00b0C e 4\u00b0C, com validade de 5 a 7 dias, oferecendo textura e sabor mais pr\u00f3ximos do fresco, ideal para consumidores exigentes e restaurantes.<\/p>\n<p>\t\t\t\t\t\t\t\t\t\t<img decoding=\"async\" src=\"https:\/\/brasil61.com\/api\/v1\/serve_pixel\/22254\/87053\" alt=\"Pixel Brasil 61\" class=\"b61_pixel\" width=\"0\" height=\"0\"><\/p>\n<div class=\"br61_backlink\">\n<p>\n\t\t\t\tFonte: <a href=\"https:\/\/brasil61.com\/boi-gordo-hoje-confira-as-cotacoes-para-quinta-feira-15-pagr266043\" title=\"Artigo Original: Boi gordo hoje: confira as cota\u00e7\u00f5es para quinta-feira (15)\" target=\"_blank\" rel=\"noopener\">Brasil 61<\/a>\n\t\t\t<\/p>\n<\/p><\/div>\n<input type=\"hidden\" id=\"baseurl\" value=\"https:\/\/noticiasregionais.com.br\"><input type=\"hidden\" id=\"audio_nonce\" value=\"5c13e0637f\">","protected":false},"excerpt":{"rendered":"<p>As cota\u00e7\u00f5es do frango congelado e do frango resfriado apresentaram recuo, movimento acompanhado pela desvaloriza\u00e7\u00e3o da carca\u00e7a su\u00edna<\/p>\n","protected":false},"author":1,"featured_media":12236,"comment_status":"","ping_status":"open","sticky":false,"template":"","format":"standard","meta":{"sfsi_plus_gutenberg_text_before_share":"","sfsi_plus_gutenberg_show_text_before_share":"","sfsi_plus_gutenberg_icon_type":"","sfsi_plus_gutenberg_icon_alignemt":"","sfsi_plus_gutenburg_max_per_row":"","footnotes":""},"categories":[8],"tags":[],"class_list":["post-12235","post","type-post","status-publish","format-standard","has-post-thumbnail","hentry","category-brasil"],"_links":{"self":[{"href":"https:\/\/noticiasregionais.com.br\/index.php?rest_route=\/wp\/v2\/posts\/12235","targetHints":{"allow":["GET"]}}],"collection":[{"href":"https:\/\/noticiasregionais.com.br\/index.php?rest_route=\/wp\/v2\/posts"}],"about":[{"href":"https:\/\/noticiasregionais.com.br\/index.php?rest_route=\/wp\/v2\/types\/post"}],"author":[{"embeddable":true,"href":"https:\/\/noticiasregionais.com.br\/index.php?rest_route=\/wp\/v2\/users\/1"}],"replies":[{"embeddable":true,"href":"https:\/\/noticiasregionais.com.br\/index.php?rest_route=%2Fwp%2Fv2%2Fcomments&post=12235"}],"version-history":[{"count":0,"href":"https:\/\/noticiasregionais.com.br\/index.php?rest_route=\/wp\/v2\/posts\/12235\/revisions"}],"wp:featuredmedia":[{"embeddable":true,"href":"https:\/\/noticiasregionais.com.br\/index.php?rest_route=\/wp\/v2\/media\/12236"}],"wp:attachment":[{"href":"https:\/\/noticiasregionais.com.br\/index.php?rest_route=%2Fwp%2Fv2%2Fmedia&parent=12235"}],"wp:term":[{"taxonomy":"category","embeddable":true,"href":"https:\/\/noticiasregionais.com.br\/index.php?rest_route=%2Fwp%2Fv2%2Fcategories&post=12235"},{"taxonomy":"post_tag","embeddable":true,"href":"https:\/\/noticiasregionais.com.br\/index.php?rest_route=%2Fwp%2Fv2%2Ftags&post=12235"}],"curies":[{"name":"wp","href":"https:\/\/api.w.org\/{rel}","templated":true}]}}