{"id":12237,"date":"2026-01-15T04:10:00","date_gmt":"2026-01-15T07:10:00","guid":{"rendered":"https:\/\/noticiasregionais.com.br\/?p=12237"},"modified":"2026-01-15T04:10:00","modified_gmt":"2026-01-15T07:10:00","slug":"soja-e-trigo-hoje-confira-as-cotacoes-de-preco-para-esta-quinta-feira-15","status":"publish","type":"post","link":"https:\/\/noticiasregionais.com.br\/?p=12237","title":{"rendered":"Soja e trigo hoje: confira as cota\u00e7\u00f5es de pre\u00e7o para esta quinta-feira (15)"},"content":{"rendered":"<p>\t\t\t\t\t\t\t\t\t\t\t<audio controls class=\"b61_audio_player\" data-noticia=\"87049\" src=\"https:\/\/brasil61.com\/rails\/active_storage\/blobs\/eyJfcmFpbHMiOnsibWVzc2FnZSI6IkJBaHBBeVRpQXc9PSIsImV4cCI6bnVsbCwicHVyIjoiYmxvYl9pZCJ9fQ==--2f935eb38ad063ef55b7b08c2c92100aa472771d\/PAGR266041A\"><\/audio><\/p>\n<p>A saca de 60 quilos da soja registrou <b>queda <\/b>nesta quinta-feira (15) tanto no litoral quanto no interior do Paran\u00e1<b>. <\/b>No interior do estado, o gr\u00e3o foi negociado a<b> R$124,44,<\/b> o que representa uma<b> baixa de 0,40%. <\/b>J\u00e1 no porto de Paranagu\u00e1, no litoral paranaense, a cota\u00e7\u00e3o<b> recuou 0,24%, encerrando o dia a R$130,59.<\/b><\/p>\n<\/p>\n<p><b>INDICADOR DA SOJA CEPEA\/ESALQ &#8211; PARAN\u00c1<\/b><\/p>\n<table id=\"indicador2-a\">\n<thead>\n<tr>\n<th>Data<\/th>\n<th>Valor R$*<\/th>\n<th>Var.\/Dia<\/th>\n<th>Var.\/M\u00eas<\/th>\n<th>Valor US$*<\/th>\n<\/tr>\n<\/thead>\n<tbody>\n<tr>\n<td>14\/01\/2026<\/td>\n<td>124,44<\/td>\n<td>-0,40%<\/td>\n<td>-8,23%<\/td>\n<td>23,05<\/td>\n<\/tr>\n<tr>\n<td>13\/01\/2026<\/td>\n<td>124,94<\/td>\n<td>-1,71%<\/td>\n<td>-7,86%<\/td>\n<td>23,22<\/td>\n<\/tr>\n<tr>\n<td>12\/01\/2026<\/td>\n<td>127,12<\/td>\n<td>-1,45%<\/td>\n<td>-6,25%<\/td>\n<td>23,67<\/td>\n<\/tr>\n<tr>\n<td>09\/01\/2026<\/td>\n<td>128,99<\/td>\n<td>0,77%<\/td>\n<td>-4,87%<\/td>\n<td>24,03<\/td>\n<\/tr>\n<tr>\n<td>08\/01\/2026<\/td>\n<td>128,00<\/td>\n<td>-1,36%<\/td>\n<td>-5,60%<\/td>\n<td>23,74<\/td>\n<\/tr>\n<\/tbody>\n<\/table>\n<p><strong>INDICADOR DA SOJA CEPEA\/ESALQ &#8211; PARANAGU\u00c1<\/strong><\/p>\n<table id=\"indicador1-a\">\n<thead>\n<tr>\n<th>Data<\/th>\n<th>Valor R$*<\/th>\n<th>Var.\/Dia<\/th>\n<th>Var.\/M\u00eas<\/th>\n<th>Valor US$*<\/th>\n<\/tr>\n<\/thead>\n<tbody>\n<tr>\n<td>14\/01\/2026<\/td>\n<td>130,59<\/td>\n<td>-0,24%<\/td>\n<td>-7,39%<\/td>\n<td>24,19<\/td>\n<\/tr>\n<tr>\n<td>13\/01\/2026<\/td>\n<td>130,90<\/td>\n<td>-0,12%<\/td>\n<td>-7,17%<\/td>\n<td>24,33<\/td>\n<\/tr>\n<tr>\n<td>12\/01\/2026<\/td>\n<td>131,06<\/td>\n<td>-2,08%<\/td>\n<td>-7,06%<\/td>\n<td>24,41<\/td>\n<\/tr>\n<tr>\n<td>09\/01\/2026<\/td>\n<td>133,85<\/td>\n<td>-0,56%<\/td>\n<td>-5,08%<\/td>\n<td>24,94<\/td>\n<\/tr>\n<tr>\n<td>08\/01\/2026<\/td>\n<td>134,61<\/td>\n<td>-0,02%<\/td>\n<td>-4,54%<\/td>\n<td>24,97<\/td>\n<\/tr>\n<\/tbody>\n<\/table>\n<h2>Trigo<\/h2>\n<p>O pre\u00e7o do trigo apresenta <strong>estabilidade <\/strong>no Paran\u00e1 e a tonelada \u00e9 negociada a <strong>R$1.178,26<\/strong>. E no Rio Grande do Sul, a tonelada do gr\u00e3o registra leve <strong>valoriza\u00e7\u00e3o <\/strong>de 0,05%, sendo cotada a <strong>R$1.054,59<\/strong>.<\/p>\n<p>\n<b>PRE\u00c7O M\u00c9DIO DO TRIGO CEPEA\/ESALQ &#8211; PARAN\u00c1<\/b><\/p>\n<table id=\"indicador1-b\">\n<thead>\n<tr>\n<th>Data<\/th>\n<th>Valor R$\/t*<\/th>\n<th>Var.\/Dia<\/th>\n<th>Var.\/M\u00eas<\/th>\n<th>Valor US$\/t*<\/th>\n<\/tr>\n<\/thead>\n<tbody>\n<tr>\n<td>14\/01\/2026<\/td>\n<td>1.178,26<\/td>\n<td>0,00%<\/td>\n<td>-0,33%<\/td>\n<td>218,24<\/td>\n<\/tr>\n<tr>\n<td>13\/01\/2026<\/td>\n<td>1.178,25<\/td>\n<td>0,30%<\/td>\n<td>-0,33%<\/td>\n<td>219,01<\/td>\n<\/tr>\n<tr>\n<td>12\/01\/2026<\/td>\n<td>1.174,75<\/td>\n<td>-0,35%<\/td>\n<td>-0,63%<\/td>\n<td>218,76<\/td>\n<\/tr>\n<tr>\n<td>09\/01\/2026<\/td>\n<td>1.178,92<\/td>\n<td>-0,03%<\/td>\n<td>-0,28%<\/td>\n<td>219,66<\/td>\n<\/tr>\n<tr>\n<td>08\/01\/2026<\/td>\n<td>1.179,26<\/td>\n<td>-0,13%<\/td>\n<td>-0,25%<\/td>\n<td>218,75<\/td>\n<\/tr>\n<\/tbody>\n<\/table>\n<p><strong>PRE\u00c7O M\u00c9DIO DO TRIGO CEPEA\/ESALQ &#8211; RIO GRANDE DO SUL<\/strong><\/p>\n<table id=\"indicador2-b\">\n<thead>\n<tr>\n<th>Data<\/th>\n<th>Valor R$\/t*<\/th>\n<th>Var.\/Dia<\/th>\n<th>Var.\/M\u00eas<\/th>\n<th>Valor US$\/t*<\/th>\n<\/tr>\n<\/thead>\n<tbody>\n<tr>\n<td>14\/01\/2026<\/td>\n<td>1.054,59<\/td>\n<td>0,05%<\/td>\n<td>0,82%<\/td>\n<td>195,33<\/td>\n<\/tr>\n<tr>\n<td>13\/01\/2026<\/td>\n<td>1.054,04<\/td>\n<td>0,35%<\/td>\n<td>0,77%<\/td>\n<td>195,92<\/td>\n<\/tr>\n<tr>\n<td>12\/01\/2026<\/td>\n<td>1.050,37<\/td>\n<td>0,09%<\/td>\n<td>0,42%<\/td>\n<td>195,60<\/td>\n<\/tr>\n<tr>\n<td>09\/01\/2026<\/td>\n<td>1.049,40<\/td>\n<td>0,45%<\/td>\n<td>0,32%<\/td>\n<td>195,53<\/td>\n<\/tr>\n<tr>\n<td>08\/01\/2026<\/td>\n<td>1.044,72<\/td>\n<td>0,33%<\/td>\n<td>-0,12%<\/td>\n<td>193,79<\/td>\n<\/tr>\n<\/tbody>\n<\/table>\n<p>Os dados s\u00e3o do <a href=\"https:\/\/www.cepea.org.br\/br\/indicador\/trigo.aspx\" target=\"_blank\" rel=\"noopener\">Cepea<\/a>.<\/p>\n<h2>O que \u00e9 uma saca de soja ou de trigo? Entenda a unidade de medida no mercado de gr\u00e3os<\/h2>\n<p>A saca de soja e a saca de trigo s\u00e3o as principais unidades de comercializa\u00e7\u00e3o de gr\u00e3os no Brasil. Cada saca equivale a 60 quilos, padr\u00e3o adotado por \u00f3rg\u00e3os oficiais como a <strong>Companhia Nacional de Abastecimento <\/strong>(<a href=\"https:\/\/www.gov.br\/conab\/pt-br\" target=\"_blank\" rel=\"noopener\">Conab<\/a>), o<strong> Minist\u00e9rio da Agricultura<\/strong> (<a href=\"https:\/\/www.gov.br\/agricultura\/pt-br\" target=\"_blank\" rel=\"noopener\">MAPA<\/a>) e o <strong>Centro de Estudos Avan\u00e7ados em Economia Aplicada<\/strong> (<a href=\"https:\/\/www.cepea.org.br\/br\/indicador\/trigo.aspx\" target=\"_blank\" rel=\"noopener\">Cepea<\/a>).<\/p>\n<p>Esse formato padronizado facilita o com\u00e9rcio da soja e do trigo, al\u00e9m de permitir um acompanhamento mais preciso das cota\u00e7\u00f5es e varia\u00e7\u00f5es de pre\u00e7os no mercado nacional.<br \/>\n\u00a0<\/p>\n<p>\t\t\t\t\t\t\t\t\t\t<img decoding=\"async\" src=\"https:\/\/brasil61.com\/api\/v1\/serve_pixel\/22254\/87049\" alt=\"Pixel Brasil 61\" class=\"b61_pixel\" width=\"0\" height=\"0\"><\/p>\n<div class=\"br61_backlink\">\n<p>\n\t\t\t\tFonte: <a href=\"https:\/\/brasil61.com\/soja-e-trigo-hoje-confira-as-cotacoes-de-preco-para-esta-quinta-feira-15-pagr266041\" title=\"Artigo Original: Soja e trigo hoje: confira as cota\u00e7\u00f5es de pre\u00e7o para esta quinta-feira (15)\" target=\"_blank\" rel=\"noopener\">Brasil 61<\/a>\n\t\t\t<\/p>\n<\/p><\/div>\n<input type=\"hidden\" id=\"baseurl\" value=\"https:\/\/noticiasregionais.com.br\"><input type=\"hidden\" id=\"audio_nonce\" value=\"5c13e0637f\">","protected":false},"excerpt":{"rendered":"<p> Em Paranagu\u00e1, a soja encerrou o per\u00edodo em queda; no Paran\u00e1, o trigo apresenta estabilidade<\/p>\n","protected":false},"author":1,"featured_media":12238,"comment_status":"","ping_status":"open","sticky":false,"template":"","format":"standard","meta":{"sfsi_plus_gutenberg_text_before_share":"","sfsi_plus_gutenberg_show_text_before_share":"","sfsi_plus_gutenberg_icon_type":"","sfsi_plus_gutenberg_icon_alignemt":"","sfsi_plus_gutenburg_max_per_row":"","footnotes":""},"categories":[8],"tags":[],"class_list":["post-12237","post","type-post","status-publish","format-standard","has-post-thumbnail","hentry","category-brasil"],"_links":{"self":[{"href":"https:\/\/noticiasregionais.com.br\/index.php?rest_route=\/wp\/v2\/posts\/12237","targetHints":{"allow":["GET"]}}],"collection":[{"href":"https:\/\/noticiasregionais.com.br\/index.php?rest_route=\/wp\/v2\/posts"}],"about":[{"href":"https:\/\/noticiasregionais.com.br\/index.php?rest_route=\/wp\/v2\/types\/post"}],"author":[{"embeddable":true,"href":"https:\/\/noticiasregionais.com.br\/index.php?rest_route=\/wp\/v2\/users\/1"}],"replies":[{"embeddable":true,"href":"https:\/\/noticiasregionais.com.br\/index.php?rest_route=%2Fwp%2Fv2%2Fcomments&post=12237"}],"version-history":[{"count":0,"href":"https:\/\/noticiasregionais.com.br\/index.php?rest_route=\/wp\/v2\/posts\/12237\/revisions"}],"wp:featuredmedia":[{"embeddable":true,"href":"https:\/\/noticiasregionais.com.br\/index.php?rest_route=\/wp\/v2\/media\/12238"}],"wp:attachment":[{"href":"https:\/\/noticiasregionais.com.br\/index.php?rest_route=%2Fwp%2Fv2%2Fmedia&parent=12237"}],"wp:term":[{"taxonomy":"category","embeddable":true,"href":"https:\/\/noticiasregionais.com.br\/index.php?rest_route=%2Fwp%2Fv2%2Fcategories&post=12237"},{"taxonomy":"post_tag","embeddable":true,"href":"https:\/\/noticiasregionais.com.br\/index.php?rest_route=%2Fwp%2Fv2%2Ftags&post=12237"}],"curies":[{"name":"wp","href":"https:\/\/api.w.org\/{rel}","templated":true}]}}