{"id":12241,"date":"2026-01-15T04:35:00","date_gmt":"2026-01-15T07:35:00","guid":{"rendered":"https:\/\/noticiasregionais.com.br\/?p=12241"},"modified":"2026-01-15T09:32:39","modified_gmt":"2026-01-15T12:32:39","slug":"goias-amplia-frota-aerea-da-seguranca-publica-com-quatro-novos-helicopteros","status":"publish","type":"post","link":"https:\/\/noticiasregionais.com.br\/?p=12241","title":{"rendered":"Goi\u00e1s amplia frota a\u00e9rea da seguran\u00e7a p\u00fablica com quatro novos helic\u00f3pteros"},"content":{"rendered":"<p>\t\t\t\t\t\t\t\t\t\t<audio controls class=\"b61_audio_player\" data-noticia=\"87074\" src=\"https:\/\/brasil61.com\/rails\/active_storage\/blobs\/eyJfcmFpbHMiOnsibWVzc2FnZSI6IkJBaHBBeUhpQXc9PSIsImV4cCI6bnVsbCwicHVyIjoiYmxvYl9pZCJ9fQ==--1b058db2fa4482b8019efa8615215fcba096f38c\/BRAS2615576A\"><\/audio><\/p>\n<p>O governo de Goi\u00e1s (<a href=\"https:\/\/goias.gov.br\/\" target=\"_blank\" rel=\"noopener\">GO<\/a>) entregou <strong>quatro novos helic\u00f3pteros para refor\u00e7ar as opera\u00e7\u00f5es das for\u00e7as de seguran\u00e7a do estado<\/strong>. A cerim\u00f4nia ocorreu na Pra\u00e7a C\u00edvica, em Goi\u00e2nia, e marcou tamb\u00e9m o <strong>an\u00fancio da cria\u00e7\u00e3o de duas novas bases a\u00e9reas policiais<\/strong>: uma em <a href=\"https:\/\/www.luziania.go.gov.br\/\" target=\"_blank\" rel=\"noopener\">Luzi\u00e2nia<\/a>, no Entorno do Distrito Federal, e outra em <a href=\"https:\/\/www.rioverde.go.gov.br\/\" target=\"_blank\" rel=\"noopener\">Rio Verde<\/a>, na regi\u00e3o Sudoeste do estado.<\/p>\n<h2>Expans\u00e3o da cobertura a\u00e9rea<\/h2>\n<p>Com o investimento de mais de R$ 135 milh\u00f5es, proveniente do Fundo Nacional de Seguran\u00e7a P\u00fablica (<a href=\"https:\/\/www.gov.br\/mj\/pt-br\/assuntos\/sua-seguranca\/seguranca-publica\/Senasp-1\/fundo-nacional-de-seguranca-publica\" target=\"_blank\" rel=\"noopener\">FNSP<\/a>), a frota a\u00e9rea estadual foi dobrada. As aeronaves j\u00e1 est\u00e3o em opera\u00e7\u00e3o desde dezembro de 2025 e foram distribu\u00eddas entre a Pol\u00edcia Militar, a Pol\u00edcia Civil e o Servi\u00e7o A\u00e9reo do Estado de Goi\u00e1s (Saeg).<\/p>\n<p>Segundo o governador de Goi\u00e1s, Ronaldo Caiado, a <strong>descentraliza\u00e7\u00e3o dos ve\u00edculos permitir\u00e1 maior efici\u00eancia no deslocamento e no atendimento de ocorr\u00eancias em diferentes regi\u00f5es<\/strong>. \u201cTrabalhamos fortemente durante esses anos todos e hoje entregamos algo in\u00e9dito, expandindo as a\u00e7\u00f5es da cobertura a\u00e9rea\u201d, pontuou.<\/p>\n<p>O secret\u00e1rio de Seguran\u00e7a P\u00fablica, Renato Brum, classificou a entrega como um marco para o estado. \u201cEstamos bem equipados\u201d, afirmou. J\u00e1 o comandante-geral da Pol\u00edcia Militar, Marcelo Granja, destacou que, por mais de 40 anos, a PM contou apenas com um helic\u00f3ptero: \u201cHoje a realidade \u00e9 outra, estamos com quatro aeronaves e a quinta logo estar\u00e1 nos c\u00e9us\u201d.<\/p>\n<p>Na Pol\u00edcia Civil, o delegado-geral Andr\u00e9 Ganga lembrou que a corpora\u00e7\u00e3o estava sem helic\u00f3ptero desde 2012, devido a um acidente que interrompeu as atividades de voo. \u201cAgora retomamos a divis\u00e3o de opera\u00e7\u00f5es a\u00e9reas, depois de 14 anos\u201d, disse.<\/p>\n<h2>Caracter\u00edsticas t\u00e9cnicas<\/h2>\n<p>As aeronaves s\u00e3o do modelo Airbus\/Helibras AS350B3a (H125), da fam\u00edlia Esquilo. Cada ve\u00edculo possui autonomia de voo de at\u00e9 4h30, alcance de 630 km e capacidade para transportar at\u00e9 cinco passageiros.<\/p>\n<p>Al\u00e9m disso, contam com sensores e c\u00e2meras capazes de transmitir imagens e dados em tempo real, recurso que <strong>deve ampliar o monitoramento de \u00e1reas rurais, rodovias, zonas de mata e regi\u00f5es de dif\u00edcil acesso<\/strong>. Um dos helic\u00f3pteros destinados \u00e0 Pol\u00edcia Militar possui ainda sistema de imageamento, que permite opera\u00e7\u00f5es noturnas e a identifica\u00e7\u00e3o de pontos de calor.<\/p>\n<h2>Seguran\u00e7a<\/h2>\n<p>De acordo com a Secretaria de Seguran\u00e7a P\u00fablica de Goi\u00e1s (<a href=\"https:\/\/goias.gov.br\/seguranca\/\" target=\"_blank\" rel=\"noopener\">SSP-GO<\/a>), nos \u00faltimos anos, o estado <strong>registrou queda nos principais \u00edndices de criminalidade<\/strong>. Autoridades estaduais atribuem os resultados \u00e0 valoriza\u00e7\u00e3o das pol\u00edcias e ao investimento em infraestrutura.<\/p>\n<p>A cria\u00e7\u00e3o das novas bases a\u00e9reas faz parte da <strong>estrat\u00e9gia de ampliar a presen\u00e7a das for\u00e7as de seguran\u00e7a em diferentes regi\u00f5es<\/strong> do estado.<\/p>\n<p><strong>VEJA MAIS:<\/strong><\/p>\n<ul>\n<li><a href=\"https:\/\/brasil61.com\/n\/primeira-casa-ronald-mcdonald-do-centro-oeste-comeca-a-ser-construida-em-goiania-go-bras2515364\" target=\"_blank\" rel=\"noopener\">Primeira Casa Ronald McDonald do Centro-Oeste come\u00e7a a ser constru\u00edda em Goi\u00e2nia (GO)<\/a><\/li>\n<li><a href=\"https:\/\/brasil61.com\/n\/goias-adesoes-ao-negocie-ja-ii-comecam-em-fevereiro-bras2615537\" target=\"_blank\" rel=\"noopener\">Goi\u00e1s: ades\u00f5es ao Negocie J\u00e1 II come\u00e7am em fevereiro<\/a><\/li>\n<\/ul>\n<p>\t\t\t\t\t\t\t\t\t<img decoding=\"async\" src=\"https:\/\/brasil61.com\/api\/v1\/serve_pixel\/22254\/87074\" alt=\"Pixel Brasil 61\" class=\"b61_pixel\" width=\"0\" height=\"0\"><\/p>\n<div class=\"br61_backlink\">\n<p>\n\t\t\t\tFonte: <a href=\"https:\/\/brasil61.com\/goias-amplia-frota-aerea-da-seguranca-publica-com-quatro-novos-helicopteros-bras2615576\" title=\"Artigo Original: Goi\u00e1s amplia frota a\u00e9rea da seguran\u00e7a p\u00fablica com quatro novos helic\u00f3pteros\" target=\"_blank\" rel=\"noopener\">Brasil 61<\/a>\n\t\t\t<\/p>\n<\/p><\/div>\n<input type=\"hidden\" id=\"baseurl\" value=\"https:\/\/noticiasregionais.com.br\"><input type=\"hidden\" id=\"audio_nonce\" value=\"5c13e0637f\">","protected":false},"excerpt":{"rendered":"<p>Cerim\u00f4nia em Goi\u00e2nia marcou tamb\u00e9m o an\u00fancio de duas novas bases a\u00e9reas policiais, em Luzi\u00e2nia e Rio Verde, para ampliar o alcance das for\u00e7as de seguran\u00e7a no estado<\/p>\n","protected":false},"author":1,"featured_media":12246,"comment_status":"closed","ping_status":"open","sticky":false,"template":"","format":"standard","meta":{"sfsi_plus_gutenberg_text_before_share":"","sfsi_plus_gutenberg_show_text_before_share":"","sfsi_plus_gutenberg_icon_type":"","sfsi_plus_gutenberg_icon_alignemt":"","sfsi_plus_gutenburg_max_per_row":"","footnotes":""},"categories":[8],"tags":[],"class_list":["post-12241","post","type-post","status-publish","format-standard","has-post-thumbnail","hentry","category-brasil"],"_links":{"self":[{"href":"https:\/\/noticiasregionais.com.br\/index.php?rest_route=\/wp\/v2\/posts\/12241","targetHints":{"allow":["GET"]}}],"collection":[{"href":"https:\/\/noticiasregionais.com.br\/index.php?rest_route=\/wp\/v2\/posts"}],"about":[{"href":"https:\/\/noticiasregionais.com.br\/index.php?rest_route=\/wp\/v2\/types\/post"}],"author":[{"embeddable":true,"href":"https:\/\/noticiasregionais.com.br\/index.php?rest_route=\/wp\/v2\/users\/1"}],"replies":[{"embeddable":true,"href":"https:\/\/noticiasregionais.com.br\/index.php?rest_route=%2Fwp%2Fv2%2Fcomments&post=12241"}],"version-history":[{"count":1,"href":"https:\/\/noticiasregionais.com.br\/index.php?rest_route=\/wp\/v2\/posts\/12241\/revisions"}],"predecessor-version":[{"id":12245,"href":"https:\/\/noticiasregionais.com.br\/index.php?rest_route=\/wp\/v2\/posts\/12241\/revisions\/12245"}],"wp:featuredmedia":[{"embeddable":true,"href":"https:\/\/noticiasregionais.com.br\/index.php?rest_route=\/wp\/v2\/media\/12246"}],"wp:attachment":[{"href":"https:\/\/noticiasregionais.com.br\/index.php?rest_route=%2Fwp%2Fv2%2Fmedia&parent=12241"}],"wp:term":[{"taxonomy":"category","embeddable":true,"href":"https:\/\/noticiasregionais.com.br\/index.php?rest_route=%2Fwp%2Fv2%2Fcategories&post=12241"},{"taxonomy":"post_tag","embeddable":true,"href":"https:\/\/noticiasregionais.com.br\/index.php?rest_route=%2Fwp%2Fv2%2Ftags&post=12241"}],"curies":[{"name":"wp","href":"https:\/\/api.w.org\/{rel}","templated":true}]}}