{"id":12243,"date":"2026-01-15T04:40:00","date_gmt":"2026-01-15T07:40:00","guid":{"rendered":"https:\/\/noticiasregionais.com.br\/?p=12243"},"modified":"2026-01-16T22:31:32","modified_gmt":"2026-01-17T01:31:32","slug":"investimento-leva-internet-a-35-milhoes-de-brasileiros-em-favelas-e-periferias","status":"publish","type":"post","link":"https:\/\/noticiasregionais.com.br\/?p=12243","title":{"rendered":"Investimento leva internet a 3,5 milh\u00f5es de brasileiros em favelas e periferias"},"content":{"rendered":"<p>\t\t\t\t\t\t\t\t\t\t<audio controls class=\"b61_audio_player\" data-noticia=\"87038\" src=\"https:\/\/brasil61.com\/rails\/active_storage\/blobs\/eyJfcmFpbHMiOnsibWVzc2FnZSI6IkJBaHBBeFRpQXc9PSIsImV4cCI6bnVsbCwicHVyIjoiYmxvYl9pZCJ9fQ==--8e0469b9c692e8d6c874d1416845a384e44b60d8\/MCOM260235A\"><\/audio><\/p>\n<p>Um dos maiores projetos recentes de inclus\u00e3o digital no Brasil levou, em 2025, conex\u00e3o de alta capacidade para <strong>3,5 milh\u00f5es de brasileiros<\/strong> que vivem em <strong>favelas e periferias de todas as regi\u00f5es do pa\u00eds<\/strong>. O investimento de <strong>R$ 2,8 bilh\u00f5es<\/strong>, via <strong>Fundo de Universaliza\u00e7\u00e3o dos Servi\u00e7os de Telecomunica\u00e7\u00f5es<\/strong> (<a href=\"https:\/\/www.bndes.gov.br\/wps\/portal\/site\/home\/transparencia\/fundos-governamentais\/fust\/!ut\/p\/z1\/04_iUlDg4tKPAFJABpSA0fpReYllmemJJZn5eYk5-hH6kVFm8eaB7s4ejiaGPu6hjuYGZi6mxsZufsFGBj6m-l76UfgVFGQHKgIAjGoCFg!!\/\" target=\"_blank\" rel=\"noopener\">Fust reembols\u00e1vel<\/a>), coordenado pelo <strong>Minist\u00e9rio das Comunica\u00e7\u00f5es<\/strong> (<a href=\"https:\/\/www.gov.br\/mcom\/pt-br\" target=\"_blank\" rel=\"noopener\">MCom<\/a>), ampliou o acesso a territ\u00f3rios exclu\u00eddos da infraestrutura digital.<\/p>\n<p>A iniciativa apoia <strong>479 provedores regionais<\/strong>, respons\u00e1veis pela expans\u00e3o da rede em <strong>1.223 munic\u00edpios<\/strong>. Do total, <strong>41%<\/strong> s\u00e3o empresas de pequeno porte e<strong> 55%<\/strong> de m\u00e9dio porte, o que refor\u00e7a o papel dos prestadores locais na amplia\u00e7\u00e3o da conectividade.<\/p>\n<h2>O impacto da iniciativa<\/h2>\n<p>Para o ministro das Comunica\u00e7\u00f5es, Frederico de Siqueira Filho, conectar territ\u00f3rios vulner\u00e1veis \u00e9 central para reduzir desigualdades: \u201cEstamos levando internet de qualidade para favelas, periferias e munic\u00edpios que ficaram por muito tempo \u00e0 margem da transforma\u00e7\u00e3o digital. Conectividade \u00e9 inclus\u00e3o, \u00e9 oportunidade e \u00e9 cidadania. Esse investimento garante que milh\u00f5es de brasileiros tenham acesso a servi\u00e7os, informa\u00e7\u00e3o e novas possibilidades de desenvolvimento\u201d.<br \/>\n\u00a0<br \/>\nAl\u00e9m de ampliar o acesso, o programa movimenta a economia local ao fortalecer provedores regionais, que geram empregos e expandem a infraestrutura em \u00e1reas onde grandes operadoras n\u00e3o atuam.<br \/>\n\u00a0<br \/>\n<strong>O projeto prev\u00ea:<\/strong><br \/>\n\u00a0<br \/>\n\u25cf 12 mil km de fibra \u00f3ptica instalados<br \/>\n\u25cf 616 novas esta\u00e7\u00f5es r\u00e1dio base (ERB) de 4G e 5G<br \/>\n\u25cf 781 mil lares beneficiados<br \/>\n\u25cf 680 favelas com amplia\u00e7\u00e3o de sinal<br \/>\n\u00a0<br \/>\nEssas estruturas permitem que mais brasileiros acessem servi\u00e7os essenciais como educa\u00e7\u00e3o a dist\u00e2ncia, consultas m\u00e9dicas online, trabalho remoto, capacita\u00e7\u00e3o profissional e servi\u00e7os p\u00fablicos digitais.<\/p>\n<h2>FUST<\/h2>\n<p>O Fundo de Universaliza\u00e7\u00e3o dos Servi\u00e7os de Telecomunica\u00e7\u00f5es \u00e9 administrado pelo Minist\u00e9rio das Comunica\u00e7\u00f5es e tem como objetivo <strong>ampliar e melhorar a qualidade das redes e servi\u00e7os de telecom no pa\u00eds<\/strong>. O <a href=\"https:\/\/www.bndes.gov.br\/wps\/portal\/site\/home\" target=\"_blank\" rel=\"noopener\">BNDES<\/a> atua como agente financeiro, respons\u00e1vel pela execu\u00e7\u00e3o dos recursos conforme as diretrizes do Conselho Gestor do fundo.<br \/>\n\u00a0<br \/>\nOs valores podem ser aplicados nas modalidades reembols\u00e1vel, n\u00e3o reembols\u00e1vel ou garantia, e s\u00e3o destinados principalmente a empresas de telecomunica\u00e7\u00f5es e a institui\u00e7\u00f5es p\u00fablicas ou privadas que atuem em projetos compat\u00edveis com a expans\u00e3o da conectividade.<\/p>\n<p>\t\t\t\t\t\t\t\t\t<img decoding=\"async\" src=\"https:\/\/brasil61.com\/api\/v1\/serve_pixel\/22254\/87038\" alt=\"Pixel Brasil 61\" class=\"b61_pixel\" width=\"0\" height=\"0\"><\/p>\n<div class=\"br61_backlink\">\n<p>\n\t\t\t\tFonte: <a href=\"https:\/\/brasil61.com\/investimento-leva-internet-a-3-5-milhoes-de-brasileiros-em-favelas-e-periferias-mcom260235\" title=\"Artigo Original: Investimento leva internet a 3,5 milh\u00f5es de brasileiros em favelas e periferias\" target=\"_blank\" rel=\"noopener\">Brasil 61<\/a>\n\t\t\t<\/p>\n<\/p><\/div>\n<input type=\"hidden\" id=\"baseurl\" value=\"https:\/\/noticiasregionais.com.br\"><input type=\"hidden\" id=\"audio_nonce\" value=\"5c13e0637f\">","protected":false},"excerpt":{"rendered":"<p>Projeto financiado pelo Fust reembols\u00e1vel amplia acesso \u00e0 fibra \u00f3ptica e redes 4G\/5G em 1.223 munic\u00edpios e fortalece provedores regionais<\/p>\n","protected":false},"author":1,"featured_media":12299,"comment_status":"closed","ping_status":"open","sticky":false,"template":"","format":"standard","meta":{"sfsi_plus_gutenberg_text_before_share":"","sfsi_plus_gutenberg_show_text_before_share":"","sfsi_plus_gutenberg_icon_type":"","sfsi_plus_gutenberg_icon_alignemt":"","sfsi_plus_gutenburg_max_per_row":"","footnotes":""},"categories":[8],"tags":[],"class_list":["post-12243","post","type-post","status-publish","format-standard","has-post-thumbnail","hentry","category-brasil"],"_links":{"self":[{"href":"https:\/\/noticiasregionais.com.br\/index.php?rest_route=\/wp\/v2\/posts\/12243","targetHints":{"allow":["GET"]}}],"collection":[{"href":"https:\/\/noticiasregionais.com.br\/index.php?rest_route=\/wp\/v2\/posts"}],"about":[{"href":"https:\/\/noticiasregionais.com.br\/index.php?rest_route=\/wp\/v2\/types\/post"}],"author":[{"embeddable":true,"href":"https:\/\/noticiasregionais.com.br\/index.php?rest_route=\/wp\/v2\/users\/1"}],"replies":[{"embeddable":true,"href":"https:\/\/noticiasregionais.com.br\/index.php?rest_route=%2Fwp%2Fv2%2Fcomments&post=12243"}],"version-history":[{"count":1,"href":"https:\/\/noticiasregionais.com.br\/index.php?rest_route=\/wp\/v2\/posts\/12243\/revisions"}],"predecessor-version":[{"id":12298,"href":"https:\/\/noticiasregionais.com.br\/index.php?rest_route=\/wp\/v2\/posts\/12243\/revisions\/12298"}],"wp:featuredmedia":[{"embeddable":true,"href":"https:\/\/noticiasregionais.com.br\/index.php?rest_route=\/wp\/v2\/media\/12299"}],"wp:attachment":[{"href":"https:\/\/noticiasregionais.com.br\/index.php?rest_route=%2Fwp%2Fv2%2Fmedia&parent=12243"}],"wp:term":[{"taxonomy":"category","embeddable":true,"href":"https:\/\/noticiasregionais.com.br\/index.php?rest_route=%2Fwp%2Fv2%2Fcategories&post=12243"},{"taxonomy":"post_tag","embeddable":true,"href":"https:\/\/noticiasregionais.com.br\/index.php?rest_route=%2Fwp%2Fv2%2Ftags&post=12243"}],"curies":[{"name":"wp","href":"https:\/\/api.w.org\/{rel}","templated":true}]}}