{"id":12267,"date":"2026-01-15T18:00:00","date_gmt":"2026-01-15T21:00:00","guid":{"rendered":"https:\/\/noticiasregionais.com.br\/?p=12267"},"modified":"2026-01-15T18:00:00","modified_gmt":"2026-01-15T21:00:00","slug":"em-2025-programa-computadores-para-inclusao-cria-mais-de-50-novos-laboratorios-de-informatica-em-mg","status":"publish","type":"post","link":"https:\/\/noticiasregionais.com.br\/?p=12267","title":{"rendered":"Em 2025, Programa Computadores para Inclus\u00e3o cria mais de 50 novos laborat\u00f3rios de inform\u00e1tica em MG"},"content":{"rendered":"<p>\t\t\t\t\t\t\t\t\t\t\t<audio controls class=\"b61_audio_player\" data-noticia=\"86991\" src=\"https:\/\/brasil61.com\/rails\/active_storage\/blobs\/eyJfcmFpbHMiOnsibWVzc2FnZSI6IkJBaHBBelBoQXc9PSIsImV4cCI6bnVsbCwicHVyIjoiYmxvYl9pZCJ9fQ==--cbff137d62db5bd10735cc371223e68fa6fb4fe3\/MCOM260213A\"><\/audio><\/p>\n<p>A popula\u00e7\u00e3o de <strong>Minas Gerais<\/strong>\u00a0conta com <strong>mais<\/strong> <strong>50 novos laborat\u00f3rios<\/strong> de inform\u00e1tica em 2026. A iniciativa faz parte do programa <strong>Computadores para Inclus\u00e3o<\/strong>, do Minist\u00e9rio das Comunica\u00e7\u00f5es, que entregou, em 2025, <strong>538 computadores recondicionados por pessoas de baixa renda, alunas do projeto.<\/strong><\/p>\n<p>O projeto transforma equipamentos descartados por \u00f3rg\u00e3os p\u00fablicos em ferramentas de ensino. Al\u00e9m da doa\u00e7\u00e3o, o programa capacita jovens de baixa renda em cursos de <strong>manuten\u00e7\u00e3o de computadores e celulares<\/strong>, preparando-os para o mercado de trabalho local.<\/p>\n<p>\u201cO programa tem a finalidade de preparar todos os brasileiros para a era digital. Hoje, o acesso a servi\u00e7os b\u00e1sicos e a bancos \u00e9 feito por aplicativos. Quem n\u00e3o sabe usar essas ferramentas est\u00e1 exclu\u00eddo de muitos benef\u00edcios. A ideia \u00e9 n\u00e3o deixar nenhuma pessoa exclu\u00edda desse universo digital e transformar nossa sociedade, tornando-a totalmente conectada\u201d, afirmou o ministro das Comunica\u00e7\u00f5es, Frederico de Siqueira Filho.\u00a0<\/p>\n<p>Desde sua cria\u00e7\u00e3o, o programa j\u00e1 destinou <strong>67 mil computadores<\/strong> para <strong>1.298 munic\u00edpios<\/strong> em todo o Brasil. Atualmente, existem <strong>27 Centros de Recondicionamento de Computadores (CRCs)<\/strong> operando em quase todas as unidades da federa\u00e7\u00e3o.<\/p>\n<p>Estes centros s\u00e3o respons\u00e1veis por:<\/p>\n<ul>\n<li>Receber doa\u00e7\u00f5es de equipamentos eletr\u00f4nicos usados;<\/li>\n<li>Promover cursos de forma\u00e7\u00e3o em novas tecnologias;<\/li>\n<li>Instalar laborat\u00f3rios em \u00e1reas rurais, quilombolas e aldeias ind\u00edgenas.<\/li>\n<\/ul>\n<h2>Impacto social e meta superada<\/h2>\n<p>O Minist\u00e9rio das Comunica\u00e7\u00f5es confirmou que a meta de doar 60 mil equipamentos at\u00e9 o final de 2026 j\u00e1 foi superada. Ao todo, <strong>66 mil alunos<\/strong> conclu\u00edram cursos de capacita\u00e7\u00e3o digital. Segundo a pasta, a prioridade atual \u00e9 atender comunidades de dif\u00edcil acesso, como pescadores, extrativistas e trabalhadores rurais.<\/p>\n<p>\t\t\t\t\t\t\t\t\t\t<img decoding=\"async\" src=\"https:\/\/brasil61.com\/api\/v1\/serve_pixel\/22254\/86991\" alt=\"Pixel Brasil 61\" class=\"b61_pixel\" width=\"0\" height=\"0\"><\/p>\n<div class=\"br61_backlink\">\n<p>\n\t\t\t\tFonte: <a href=\"https:\/\/brasil61.com\/em-2025-programa-computadores-para-inclusao-cria-mais-de-50-novos-laboratorios-de-informatica-em-mg-mcom260213\" title=\"Artigo Original: Em 2025, Programa Computadores para Inclus\u00e3o cria mais de 50 novos laborat\u00f3rios de inform\u00e1tica em MG\" target=\"_blank\" rel=\"noopener\">Brasil 61<\/a>\n\t\t\t<\/p>\n<\/p><\/div>\n<input type=\"hidden\" id=\"baseurl\" value=\"https:\/\/noticiasregionais.com.br\"><input type=\"hidden\" id=\"audio_nonce\" value=\"5c13e0637f\">","protected":false},"excerpt":{"rendered":"<p>Iniciativa do Minist\u00e9rio das Comunica\u00e7\u00f5es vai fortalecer a inclus\u00e3o digital e impulsionar o aprendizado em inform\u00e1tica e novas tecnologias em \u00e1reas carentes do estado<\/p>\n","protected":false},"author":1,"featured_media":12268,"comment_status":"","ping_status":"open","sticky":false,"template":"","format":"standard","meta":{"sfsi_plus_gutenberg_text_before_share":"","sfsi_plus_gutenberg_show_text_before_share":"","sfsi_plus_gutenberg_icon_type":"","sfsi_plus_gutenberg_icon_alignemt":"","sfsi_plus_gutenburg_max_per_row":"","footnotes":""},"categories":[8],"tags":[],"class_list":["post-12267","post","type-post","status-publish","format-standard","has-post-thumbnail","hentry","category-brasil"],"_links":{"self":[{"href":"https:\/\/noticiasregionais.com.br\/index.php?rest_route=\/wp\/v2\/posts\/12267","targetHints":{"allow":["GET"]}}],"collection":[{"href":"https:\/\/noticiasregionais.com.br\/index.php?rest_route=\/wp\/v2\/posts"}],"about":[{"href":"https:\/\/noticiasregionais.com.br\/index.php?rest_route=\/wp\/v2\/types\/post"}],"author":[{"embeddable":true,"href":"https:\/\/noticiasregionais.com.br\/index.php?rest_route=\/wp\/v2\/users\/1"}],"replies":[{"embeddable":true,"href":"https:\/\/noticiasregionais.com.br\/index.php?rest_route=%2Fwp%2Fv2%2Fcomments&post=12267"}],"version-history":[{"count":0,"href":"https:\/\/noticiasregionais.com.br\/index.php?rest_route=\/wp\/v2\/posts\/12267\/revisions"}],"wp:featuredmedia":[{"embeddable":true,"href":"https:\/\/noticiasregionais.com.br\/index.php?rest_route=\/wp\/v2\/media\/12268"}],"wp:attachment":[{"href":"https:\/\/noticiasregionais.com.br\/index.php?rest_route=%2Fwp%2Fv2%2Fmedia&parent=12267"}],"wp:term":[{"taxonomy":"category","embeddable":true,"href":"https:\/\/noticiasregionais.com.br\/index.php?rest_route=%2Fwp%2Fv2%2Fcategories&post=12267"},{"taxonomy":"post_tag","embeddable":true,"href":"https:\/\/noticiasregionais.com.br\/index.php?rest_route=%2Fwp%2Fv2%2Ftags&post=12267"}],"curies":[{"name":"wp","href":"https:\/\/api.w.org\/{rel}","templated":true}]}}