{"id":12279,"date":"2026-01-16T04:30:00","date_gmt":"2026-01-16T07:30:00","guid":{"rendered":"https:\/\/noticiasregionais.com.br\/?p=12279"},"modified":"2026-01-16T04:30:00","modified_gmt":"2026-01-16T07:30:00","slug":"2026-tera-13-feriados-bancarios-nacionais-agencias-nao-abrem-ao-publico","status":"publish","type":"post","link":"https:\/\/noticiasregionais.com.br\/?p=12279","title":{"rendered":"2026 ter\u00e1 13 feriados banc\u00e1rios nacionais; ag\u00eancias n\u00e3o abrem ao p\u00fablico"},"content":{"rendered":"<p>\t\t\t\t\t\t\t\t\t\t\t<audio controls class=\"b61_audio_player\" data-noticia=\"87082\" src=\"https:\/\/brasil61.com\/rails\/active_storage\/blobs\/eyJfcmFpbHMiOnsibWVzc2FnZSI6IkJBaHBBNHJpQXc9PSIsImV4cCI6bnVsbCwicHVyIjoiYmxvYl9pZCJ9fQ==--9fdb337c56bb685aa2bd88bcd1afe4086b9a0292\/BRAS2615578A\"><\/audio><\/p>\n<p>O ano de <strong>2026 ter\u00e1 13 feriados nacionais em que n\u00e3o haver\u00e1 expediente banc\u00e1rio<\/strong>, de<b>\u00a0<\/b>acordo com calend\u00e1rio divulgado pela<strong> Federa\u00e7\u00e3o Brasileira de Bancos<\/strong> (<a href=\"https:\/\/portal.febraban.org.br\/noticia\/4413\/pt-br\/\" target=\"_blank\" rel=\"noopener\">Febraban<\/a>). Um desses feriados, o <strong>Dia da Proclama\u00e7\u00e3o da Rep\u00fablica<\/strong>, cair\u00e1 no <strong>domingo (15 de novembro)<\/strong>, data em que j\u00e1 n\u00e3o h\u00e1 atendimento presencial ao p\u00fablico nas ag\u00eancias.<\/p>\n<p>O cronograma segue as regras estabelecidas pela Resolu\u00e7\u00e3o n\u00ba 4.880, de 23 de dezembro de 2020, do Conselho Monet\u00e1rio Nacional, que define que<strong> s\u00e1bados, domingos e feriados nacionais n\u00e3o s\u00e3o considerados dias \u00fateis para fins de opera\u00e7\u00f5es banc\u00e1rias<\/strong>. Com isso, nesses dias n\u00e3o h\u00e1 compensa\u00e7\u00e3o banc\u00e1ria nem atendimento presencial nas unidades.<\/p>\n<\/p>\n<p>Entre os feriados banc\u00e1rios nacionais previstos para 2026 est\u00e3o <strong>Carnaval (16 e 17 de fevereiro)<\/strong>, <strong>Sexta-Feira da Paix\u00e3o (3 de abril)<\/strong>,<strong> Dia de Tiradentes (21 de abril)<\/strong>, <strong>Dia do Trabalho (1\u00ba de maio)<\/strong>,<strong> Corpus Christi (4 de junho)<\/strong>, <strong>Independ\u00eancia do Brasil (7 de setembro)<\/strong>,<strong> Nossa Senhora Aparecida (12 de outubro)<\/strong>,<strong> Dia de Finados (2 de novembro)<\/strong>, <strong>Dia da Consci\u00eancia Negra (20 de novembro)<\/strong> e <strong>Natal (25 de dezembro)<\/strong>.<\/p>\n<p>Al\u00e9m dos feriados, o ano tamb\u00e9m ter\u00e1<strong> dois dias com expediente diferenciado<\/strong>. Na<strong> Quarta-Feira de Cinzas (18 de fevereiro)<\/strong>, o atendimento banc\u00e1rio ao p\u00fablico ter\u00e1 <strong>in\u00edcio a partir do meio-dia<\/strong>, respeitando o hor\u00e1rio local de funcionamento das ag\u00eancias. Nas localidades em que o fechamento ocorre antes das 15h, o expediente ser\u00e1 ajustado para garantir pelo menos tr\u00eas horas de atendimento presencial. J\u00e1 no dia <strong>31 de dezembro<\/strong>, \u00faltimo dia \u00fatil do ano, <strong>n\u00e3o haver\u00e1 expediente ao p\u00fablico<\/strong>, sendo permitidas apenas opera\u00e7\u00f5es entre institui\u00e7\u00f5es financeiras.<\/p>\n<p>A <a href=\"https:\/\/portal.febraban.org.br\/noticia\/4413\/pt-br\/\" target=\"_blank\" rel=\"noopener\">Febraban<\/a> orienta que os clientes utilizem preferencialmente os canais digitais, como aplicativos e internet banking, para realizar pagamentos, transfer\u00eancias e demais servi\u00e7os banc\u00e1rios nos dias sem atendimento presencial. A entidade destaca que praticamente todas as opera\u00e7\u00f5es podem ser feitas de forma remota, com seguran\u00e7a e comodidade.<\/p>\n<p>Contas de consumo, como \u00e1gua, energia el\u00e9trica, telefone e boletos banc\u00e1rios, que tiverem vencimento em feriados ou no \u00faltimo dia \u00fatil do ano, poder\u00e3o ser pagas sem acr\u00e9scimo no pr\u00f3ximo dia \u00fatil. J\u00e1 os tributos costumam ter seus vencimentos ajustados previamente ao calend\u00e1rio oficial de feriados.<\/p>\n<table>\n<thead>\n<tr>\n<th colspan=\"3\">Feriados banc\u00e1rios nacionais em 2026<\/th>\n<\/tr>\n<tr>\n<th>Data<\/th>\n<th>Dia da semana<\/th>\n<th>Feriado<\/th>\n<\/tr>\n<\/thead>\n<tbody>\n<tr>\n<td>01 de janeiro<\/td>\n<td>quinta-feira<\/td>\n<td>Confraterniza\u00e7\u00e3o Universal<\/td>\n<\/tr>\n<tr>\n<td>16 de fevereiro<\/td>\n<td>segunda-feira<\/td>\n<td>Carnaval<\/td>\n<\/tr>\n<tr>\n<td>17 de fevereiro<\/td>\n<td>ter\u00e7a-feira<\/td>\n<td>Carnaval<\/td>\n<\/tr>\n<tr>\n<td>03 de abril<\/td>\n<td>sexta-feira<\/td>\n<td>Sexta-Feira da Paix\u00e3o<\/td>\n<\/tr>\n<tr>\n<td>21 de abril<\/td>\n<td>ter\u00e7a-feira<\/td>\n<td>Dia de Tiradentes<\/td>\n<\/tr>\n<tr>\n<td>01 de maio<\/td>\n<td>sexta-feira<\/td>\n<td>Dia do Trabalho<\/td>\n<\/tr>\n<tr>\n<td>04 de junho<\/td>\n<td>quinta-feira<\/td>\n<td>Corpus Christi<\/td>\n<\/tr>\n<tr>\n<td>07 de setembro<\/td>\n<td>segunda-feira<\/td>\n<td>Independ\u00eancia do Brasil<\/td>\n<\/tr>\n<tr>\n<td>12 de outubro<\/td>\n<td>segunda-feira<\/td>\n<td>Nossa Senhora Aparecida<\/td>\n<\/tr>\n<tr>\n<td>02 de novembro<\/td>\n<td>segunda-feira<\/td>\n<td>Dia de Finados<\/td>\n<\/tr>\n<tr>\n<td>15 de novembro<\/td>\n<td>domingo<\/td>\n<td>Proclama\u00e7\u00e3o da Rep\u00fablica<\/td>\n<\/tr>\n<tr>\n<td>20 de novembro<\/td>\n<td>sexta-feira<\/td>\n<td>Dia da Consci\u00eancia Negra<\/td>\n<\/tr>\n<tr>\n<td>25 de dezembro<\/td>\n<td>sexta-feira<\/td>\n<td>Natal<\/td>\n<\/tr>\n<\/tbody>\n<\/table>\n<p>Feriados 2026: <a href=\"https:\/\/brasil61.com\/n\/feriados-2026-confira-calendario-de-folgas-nacionais-e-pontos-facultativos-bras2515471\" target=\"_blank\" rel=\"noopener\">confira calend\u00e1rio de folgas nacionais e pontos facultativos<\/a>.<\/p>\n<p>\t\t\t\t\t\t\t\t\t\t<img decoding=\"async\" src=\"https:\/\/brasil61.com\/api\/v1\/serve_pixel\/22254\/87082\" alt=\"Pixel Brasil 61\" class=\"b61_pixel\" width=\"0\" height=\"0\"><\/p>\n<div class=\"br61_backlink\">\n<p>\n\t\t\t\tFonte: <a href=\"https:\/\/brasil61.com\/2026-tera-13-feriados-bancarios-nacionais-agencias-nao-abrem-ao-publico-bras2615578\" title=\"Artigo Original: 2026 ter\u00e1 13 feriados banc\u00e1rios nacionais; ag\u00eancias n\u00e3o abrem ao p\u00fablico\" target=\"_blank\" rel=\"noopener\">Brasil 61<\/a>\n\t\t\t<\/p>\n<\/p><\/div>\n<input type=\"hidden\" id=\"baseurl\" value=\"https:\/\/noticiasregionais.com.br\"><input type=\"hidden\" id=\"audio_nonce\" value=\"3cdc555a10\">","protected":false},"excerpt":{"rendered":"<p>Calend\u00e1rio da Febraban tamb\u00e9m prev\u00ea dois dias com expediente diferenciado ao longo do ano<\/p>\n","protected":false},"author":1,"featured_media":12280,"comment_status":"","ping_status":"open","sticky":false,"template":"","format":"standard","meta":{"sfsi_plus_gutenberg_text_before_share":"","sfsi_plus_gutenberg_show_text_before_share":"","sfsi_plus_gutenberg_icon_type":"","sfsi_plus_gutenberg_icon_alignemt":"","sfsi_plus_gutenburg_max_per_row":"","footnotes":""},"categories":[8],"tags":[],"class_list":["post-12279","post","type-post","status-publish","format-standard","has-post-thumbnail","hentry","category-brasil"],"_links":{"self":[{"href":"https:\/\/noticiasregionais.com.br\/index.php?rest_route=\/wp\/v2\/posts\/12279","targetHints":{"allow":["GET"]}}],"collection":[{"href":"https:\/\/noticiasregionais.com.br\/index.php?rest_route=\/wp\/v2\/posts"}],"about":[{"href":"https:\/\/noticiasregionais.com.br\/index.php?rest_route=\/wp\/v2\/types\/post"}],"author":[{"embeddable":true,"href":"https:\/\/noticiasregionais.com.br\/index.php?rest_route=\/wp\/v2\/users\/1"}],"replies":[{"embeddable":true,"href":"https:\/\/noticiasregionais.com.br\/index.php?rest_route=%2Fwp%2Fv2%2Fcomments&post=12279"}],"version-history":[{"count":0,"href":"https:\/\/noticiasregionais.com.br\/index.php?rest_route=\/wp\/v2\/posts\/12279\/revisions"}],"wp:featuredmedia":[{"embeddable":true,"href":"https:\/\/noticiasregionais.com.br\/index.php?rest_route=\/wp\/v2\/media\/12280"}],"wp:attachment":[{"href":"https:\/\/noticiasregionais.com.br\/index.php?rest_route=%2Fwp%2Fv2%2Fmedia&parent=12279"}],"wp:term":[{"taxonomy":"category","embeddable":true,"href":"https:\/\/noticiasregionais.com.br\/index.php?rest_route=%2Fwp%2Fv2%2Fcategories&post=12279"},{"taxonomy":"post_tag","embeddable":true,"href":"https:\/\/noticiasregionais.com.br\/index.php?rest_route=%2Fwp%2Fv2%2Ftags&post=12279"}],"curies":[{"name":"wp","href":"https:\/\/api.w.org\/{rel}","templated":true}]}}