{"id":1228,"date":"2023-11-19T10:37:04","date_gmt":"2023-11-19T13:37:04","guid":{"rendered":"https:\/\/noticiasregionais.com.br\/?p=1228"},"modified":"2023-11-19T10:37:16","modified_gmt":"2023-11-19T13:37:16","slug":"prf-recupera-em-ourinhos-carro-roubado-em-santo-andre-sp-ha-um-mes","status":"publish","type":"post","link":"https:\/\/noticiasregionais.com.br\/?p=1228","title":{"rendered":"PRF recupera em Ourinhos carro roubado em Santo Andr\u00e9\/SP h\u00e1 um m\u00eas"},"content":{"rendered":"\n<p class=\"has-text-align-center\"><strong>Ve\u00edculo saiu da capital paulista e estava em dire\u00e7\u00e3o a Cascavel\/PR<\/strong><\/p>\n\n\n\n<p>A Pol\u00edcia Rodovi\u00e1ria Federal recuperou um carro avaliado em mais de R$ 100.000,00 que tinha queixa de roubo acontecido em 12 de outubro deste ano em Santo Andr\u00e9, cidade da regi\u00e3o metropolitana de S\u00e3o Paulo. O ve\u00edculo estava com placas clonadas de outro semelhante, o qual estava sem qualquer registro de irregularidade. Um homem foi detido, mas aguardar\u00e1 a investiga\u00e7\u00e3o em liberdade.<\/p>\n\n\n\n<p>O flagrante ocorreu no km 345 da BR-153, rodovia Transbrasiliana, em Ourinhos, quando uma equipe da PRF fiscalizava naquele local \u00e0s 19 horas e deu ordem de parada ao condutor de uma camioneta Jeep Compass preta que seguia em dire\u00e7\u00e3o ao Paran\u00e1. Ao verificar a documenta\u00e7\u00e3o entregue pelo motorista, um homem de 37 anos, os policiais constataram que a placa era diferente daquelas instaladas no carro, existindo queixa de roubo, fazendo com que uma avalia\u00e7\u00e3o detalhada fosse realizada.<\/p>\n\n\n\n<p>Os policiais rodovi\u00e1rios federais descobriram que diversos sinais de identifica\u00e7\u00e3o do carro foram adulterados, como chassi e vidros, levando a deten\u00e7\u00e3o do motorista para encaminhamento \u00e0 pol\u00edcia judici\u00e1ria em Ourinhos e lavratura do boletim de ocorr\u00eancia (BO). L\u00e1 foi constatado o registro de roubo feito no 1\u00ba DP de Santo Andr\u00e9, em 12 de outubro deste ano. O motorista afirmou que n\u00e3o sabia do fato e que havia emprestado o carro de um amigo. Ele tamb\u00e9m disse que voltaria para S\u00e3o Paulo na segunda-feira (20).<\/p>\n\n\n\n<p>Considerando as evid\u00eancias encontradas na recupera\u00e7\u00e3o do ve\u00edculo roubado, foi registrado o BO de adultera\u00e7\u00e3o de sinais identificadores e o homem detido responder\u00e1 em liberdade.<\/p>\n<input type=\"hidden\" id=\"baseurl\" value=\"https:\/\/noticiasregionais.com.br\"><input type=\"hidden\" id=\"audio_nonce\" value=\"533fbb67b1\">","protected":false},"excerpt":{"rendered":"<p>Ve\u00edculo saiu da capital paulista e estava em dire\u00e7\u00e3o a Cascavel\/PR A Pol\u00edcia Rodovi\u00e1ria Federal recuperou um carro avaliado em&hellip;<\/p>\n","protected":false},"author":1,"featured_media":1229,"comment_status":"closed","ping_status":"open","sticky":false,"template":"","format":"standard","meta":{"sfsi_plus_gutenberg_text_before_share":"","sfsi_plus_gutenberg_show_text_before_share":"","sfsi_plus_gutenberg_icon_type":"","sfsi_plus_gutenberg_icon_alignemt":"","sfsi_plus_gutenburg_max_per_row":"","footnotes":""},"categories":[5,10,1],"tags":[],"class_list":["post-1228","post","type-post","status-publish","format-standard","has-post-thumbnail","hentry","category-ourinhos","category-destaques","category-noticias"],"_links":{"self":[{"href":"https:\/\/noticiasregionais.com.br\/index.php?rest_route=\/wp\/v2\/posts\/1228","targetHints":{"allow":["GET"]}}],"collection":[{"href":"https:\/\/noticiasregionais.com.br\/index.php?rest_route=\/wp\/v2\/posts"}],"about":[{"href":"https:\/\/noticiasregionais.com.br\/index.php?rest_route=\/wp\/v2\/types\/post"}],"author":[{"embeddable":true,"href":"https:\/\/noticiasregionais.com.br\/index.php?rest_route=\/wp\/v2\/users\/1"}],"replies":[{"embeddable":true,"href":"https:\/\/noticiasregionais.com.br\/index.php?rest_route=%2Fwp%2Fv2%2Fcomments&post=1228"}],"version-history":[{"count":1,"href":"https:\/\/noticiasregionais.com.br\/index.php?rest_route=\/wp\/v2\/posts\/1228\/revisions"}],"predecessor-version":[{"id":1230,"href":"https:\/\/noticiasregionais.com.br\/index.php?rest_route=\/wp\/v2\/posts\/1228\/revisions\/1230"}],"wp:featuredmedia":[{"embeddable":true,"href":"https:\/\/noticiasregionais.com.br\/index.php?rest_route=\/wp\/v2\/media\/1229"}],"wp:attachment":[{"href":"https:\/\/noticiasregionais.com.br\/index.php?rest_route=%2Fwp%2Fv2%2Fmedia&parent=1228"}],"wp:term":[{"taxonomy":"category","embeddable":true,"href":"https:\/\/noticiasregionais.com.br\/index.php?rest_route=%2Fwp%2Fv2%2Fcategories&post=1228"},{"taxonomy":"post_tag","embeddable":true,"href":"https:\/\/noticiasregionais.com.br\/index.php?rest_route=%2Fwp%2Fv2%2Ftags&post=1228"}],"curies":[{"name":"wp","href":"https:\/\/api.w.org\/{rel}","templated":true}]}}