{"id":12285,"date":"2026-01-16T04:45:00","date_gmt":"2026-01-16T07:45:00","guid":{"rendered":"https:\/\/noticiasregionais.com.br\/?p=12285"},"modified":"2026-01-16T04:45:00","modified_gmt":"2026-01-16T07:45:00","slug":"vacinacao-infantil-sudeste-mantem-esforcos-para-manter-o-pais-livre-do-sarampo","status":"publish","type":"post","link":"https:\/\/noticiasregionais.com.br\/?p=12285","title":{"rendered":"Vacina\u00e7\u00e3o infantil: Sudeste mant\u00e9m esfor\u00e7os para manter o pa\u00eds livre do sarampo"},"content":{"rendered":"<p>\t\t\t\t\t\t\t\t\t\t\t<audio controls class=\"b61_audio_player\" data-noticia=\"86571\" src=\"https:\/\/brasil61.com\/rails\/active_storage\/blobs\/eyJfcmFpbHMiOnsibWVzc2FnZSI6IkJBaHBBM2JpQXc9PSIsImV4cCI6bnVsbCwicHVyIjoiYmxvYl9pZCJ9fQ==--5d30725f1cf34347f8f1e10605754e4c498aaad9\/VACI250330A\"><\/audio><\/p>\n<p>Estados e munic\u00edpios da Regi\u00e3o Sudeste seguem mobilizados para atualizar a caderneta de vacina\u00e7\u00e3o de crian\u00e7as e adolescentes menores de 15 anos. As vacinas que integram o Calend\u00e1rio Nacional de Vacina\u00e7\u00e3o est\u00e3o dispon\u00edveis durante todo o ano nas Unidades B\u00e1sicas de Sa\u00fade.<\/p>\n<p>Entre as prioridades est\u00e1 a tr\u00edplice viral, que protege contra o sarampo. Embora o Brasil continue livre da circula\u00e7\u00e3o end\u00eamica do v\u00edrus, o Minist\u00e9rio da Sa\u00fade refor\u00e7a a import\u00e2ncia de manter altas coberturas vacinais, sobretudo em \u00e1reas onde os \u00edndices ainda est\u00e3o abaixo do recomendado.<\/p>\n<p>Em 2025, <a href=\"https:\/\/www.gov.br\/saude\/pt-br\/assuntos\/noticias\/2025\/novembro\/esforcos-do-ministerio-da-saude-mantem-o-brasil-livre-do-sarampo-com-reconhecimento-da-opas-oms\" target=\"_blank\" rel=\"noopener\">a regi\u00e3o registrou tr\u00eas casos de sarampo, dois no Rio de Janeiro e um em S\u00e3o Paulo, e classificados como importados ou relacionados \u00e0 importa\u00e7\u00e3o<\/a>. O cen\u00e1rio acende o alerta para a import\u00e2ncia de manter a vacina\u00e7\u00e3o em dia e refor\u00e7a a mobiliza\u00e7\u00e3o para impedir a reintrodu\u00e7\u00e3o da doen\u00e7a no pa\u00eds, como explica o diretor do Departamento do Programa Nacional de Imuniza\u00e7\u00f5es, Eder Gatti.<\/p>\n<p>\u201cRecentemente, tivemos ali o in\u00edcio de uma epidemia de sarampo na Bol\u00edvia, ent\u00e3o houve toda uma preocupa\u00e7\u00e3o nossa de intensificar a vacina\u00e7\u00e3o, principalmente nos munic\u00edpios da fronteira, visando proteger a popula\u00e7\u00e3o para que o sarampo n\u00e3o entre. Ent\u00e3o hoje a nossa prioridade \u00e9 manter o pa\u00eds livre do sarampo.\u201d<\/p>\n<p>Entre as fam\u00edlias, a import\u00e2ncia da vacina\u00e7\u00e3o tamb\u00e9m ganha destaque. Em Jundia\u00ed, a moradora do bairro Portal do Para\u00edso II Tainy Locatelli, de 38 anos, leva o filho de 5 anos regularmente \u00e0 Unidade B\u00e1sica de Sa\u00fade para vacinar.\u00a0<\/p>\n<p>A m\u00e3e destaca a tranquilidade que a vacina\u00e7\u00e3o garante:<\/p>\n<p>\u201cMe sinto muito bem com rela\u00e7\u00e3o \u00e0 prote\u00e7\u00e3o que as vacinas [trazem] ali, do in\u00edcio da primeira idade. A prote\u00e7\u00e3o que isso traz para a crian\u00e7a. \u00c9 realmente um conforto para os pais. \u00c9 de extrema import\u00e2ncia.\u201d<\/p>\n<p>Al\u00e9m do sarampo, o calend\u00e1rio inclui vacinas contra poliomielite, tuberculose, difteria, t\u00e9tano, coqueluche, HPV, hepatite B, meningite, febre amarela e Covid-19.<\/p>\n<p>O foco para menores de 15 anos \u00e9 completar esquemas atrasados. A vacina contra o HPV tamb\u00e9m est\u00e1 dispon\u00edvel para jovens de 15 a 19 anos at\u00e9 junho de 2026.<\/p>\n<p>Pais e respons\u00e1veis da Regi\u00e3o Sudeste: mantenham a vacina\u00e7\u00e3o das crian\u00e7as e adolescentes em dia. Procurem a Unidade B\u00e1sica de Sa\u00fade mais pr\u00f3xima.<\/p>\n<p>Saiba mais em <a href=\"https:\/\/www.gov.br\/saude\/pt-br\/campanhas-da-saude\/vacinacao\" target=\"_blank\" rel=\"noopener\">gov.br\/vacinacao<\/a>.<br \/>\n\u00a0<\/p>\n<p>\t\t\t\t\t\t\t\t\t\t<img decoding=\"async\" src=\"https:\/\/brasil61.com\/api\/v1\/serve_pixel\/22254\/86571\" alt=\"Pixel Brasil 61\" class=\"b61_pixel\" width=\"0\" height=\"0\"><\/p>\n<div class=\"br61_backlink\">\n<p>\n\t\t\t\tFonte: <a href=\"https:\/\/brasil61.com\/vacinacao-infantil-sudeste-mantem-esforcos-para-manter-o-pais-livre-do-sarampo-vaci250330\" title=\"Artigo Original: Vacina\u00e7\u00e3o infantil: Sudeste mant\u00e9m esfor\u00e7os para manter o pa\u00eds livre do sarampo\" target=\"_blank\" rel=\"noopener\">Brasil 61<\/a>\n\t\t\t<\/p>\n<\/p><\/div>\n<input type=\"hidden\" id=\"baseurl\" value=\"https:\/\/noticiasregionais.com.br\"><input type=\"hidden\" id=\"audio_nonce\" value=\"533fbb67b1\">","protected":false},"excerpt":{"rendered":"<p>Mobiliza\u00e7\u00e3o refor\u00e7a a import\u00e2ncia da vacina\u00e7\u00e3o como cuidado essencial para a sa\u00fade e o futuro de crian\u00e7as e adolescentes<\/p>\n","protected":false},"author":1,"featured_media":0,"comment_status":"","ping_status":"open","sticky":false,"template":"","format":"standard","meta":{"sfsi_plus_gutenberg_text_before_share":"","sfsi_plus_gutenberg_show_text_before_share":"","sfsi_plus_gutenberg_icon_type":"","sfsi_plus_gutenberg_icon_alignemt":"","sfsi_plus_gutenburg_max_per_row":"","footnotes":""},"categories":[1],"tags":[],"class_list":["post-12285","post","type-post","status-publish","format-standard","hentry","category-noticias"],"_links":{"self":[{"href":"https:\/\/noticiasregionais.com.br\/index.php?rest_route=\/wp\/v2\/posts\/12285","targetHints":{"allow":["GET"]}}],"collection":[{"href":"https:\/\/noticiasregionais.com.br\/index.php?rest_route=\/wp\/v2\/posts"}],"about":[{"href":"https:\/\/noticiasregionais.com.br\/index.php?rest_route=\/wp\/v2\/types\/post"}],"author":[{"embeddable":true,"href":"https:\/\/noticiasregionais.com.br\/index.php?rest_route=\/wp\/v2\/users\/1"}],"replies":[{"embeddable":true,"href":"https:\/\/noticiasregionais.com.br\/index.php?rest_route=%2Fwp%2Fv2%2Fcomments&post=12285"}],"version-history":[{"count":0,"href":"https:\/\/noticiasregionais.com.br\/index.php?rest_route=\/wp\/v2\/posts\/12285\/revisions"}],"wp:attachment":[{"href":"https:\/\/noticiasregionais.com.br\/index.php?rest_route=%2Fwp%2Fv2%2Fmedia&parent=12285"}],"wp:term":[{"taxonomy":"category","embeddable":true,"href":"https:\/\/noticiasregionais.com.br\/index.php?rest_route=%2Fwp%2Fv2%2Fcategories&post=12285"},{"taxonomy":"post_tag","embeddable":true,"href":"https:\/\/noticiasregionais.com.br\/index.php?rest_route=%2Fwp%2Fv2%2Ftags&post=12285"}],"curies":[{"name":"wp","href":"https:\/\/api.w.org\/{rel}","templated":true}]}}