{"id":12288,"date":"2026-01-16T04:50:00","date_gmt":"2026-01-16T07:50:00","guid":{"rendered":"https:\/\/noticiasregionais.com.br\/?p=12288"},"modified":"2026-01-19T22:31:29","modified_gmt":"2026-01-20T01:31:29","slug":"goias-lanca-plano-para-ampliar-setor-florestal-e-atrair-novas-industrias","status":"publish","type":"post","link":"https:\/\/noticiasregionais.com.br\/?p=12288","title":{"rendered":"Goi\u00e1s lan\u00e7a plano para ampliar setor florestal e atrair novas ind\u00fastrias"},"content":{"rendered":"<p>\t\t\t\t\t\t\t\t\t\t<audio controls class=\"b61_audio_player\" data-noticia=\"87101\" src=\"https:\/\/brasil61.com\/rails\/active_storage\/blobs\/eyJfcmFpbHMiOnsibWVzc2FnZSI6IkJBaHBBNmppQXc9PSIsImV4cCI6bnVsbCwicHVyIjoiYmxvYl9pZCJ9fQ==--dedc3fc7e324134a8321a07f14f670df960b7081\/BRAS2615589A\"><\/audio><\/p>\n<p>O Governo de Goi\u00e1s (<a href=\"https:\/\/goias.gov.br\/\" target=\"_blank\" rel=\"noopener\">GO<\/a>) apresentou, nesta quinta-feira (15), no Pal\u00e1cio das Esmeraldas, o <strong>Plano de Desenvolvimento do Setor Floresta<\/strong>l de Goi\u00e1s e Suas Vantagens Competitivas, iniciativa que re\u00fane medidas para ampliar a base florestal e consolidar o estado como destino <strong>atrativo para segmentos industriais<\/strong>, al\u00e9m de <strong>investimentos em papel e celulose<\/strong>.<\/p>\n<p>O vice-governador Daniel Vilela, ao anunciar o projeto, destacou que o territ\u00f3rio goiano \u201cre\u00fane localiza\u00e7\u00e3o estrat\u00e9gica, seguran\u00e7a e capacidade produtiva para crescer com sustentabilidade\u201d.<\/p>\n<p>A estrat\u00e9gia busca responder \u00e0 demanda por produtos de origem florestal, como biomassa de eucalipto, utilizada em setores de constru\u00e7\u00e3o civil e ind\u00fastrias que dependem de energia t\u00e9rmica. Al\u00e9m disso, considera <strong>oportunidades ligadas ao mercado global<\/strong>, impulsionado pelo <strong>avan\u00e7o das embalagens sustent\u00e1veis<\/strong> e pelo <strong>aumento do consumo de papel <\/strong>em pa\u00edses asi\u00e1ticos.<\/p>\n<p>Segundo o secret\u00e1rio de Estado de Agricultura, Pecu\u00e1ria e Abastecimento, Pedro Leonardo Rezende, a divulga\u00e7\u00e3o das vantagens competitivas \u00e9 decisiva para atrair plantas industriais. \u201c\u00c9 um diferencial competitivo que o estado traz\u201d, declarou.<\/p>\n<p>Para o governador de Goi\u00e1s, Ronaldo Caiado, a regi\u00e3o est\u00e1 \u201cdando mais um passo para se consolidar como um polo atrativo e competitivo do setor florestal, conectando as potencialidades ao mercado nacional e internacional\u201d.<\/p>\n<h2>Vantagens competitivas<\/h2>\n<p>Entre os <strong>diferenciais destacados no plano<\/strong> est\u00e3o:<\/p>\n<ul>\n<li>posi\u00e7\u00e3o geogr\u00e1fica central;<\/li>\n<li>log\u00edstica com ampla malha rodovi\u00e1ria;\u00a0<\/li>\n<li>conex\u00e3o com ferrovias e hidrovias; e<\/li>\n<li>disponibilidade de \u00e1reas de pastagens degradadas aptas \u00e0 produ\u00e7\u00e3o, com pre\u00e7os competitivos.<\/li>\n<\/ul>\n<p>A proposta tamb\u00e9m re\u00fane <strong>medidas para facilitar acesso a cr\u00e9dito<\/strong>, reduzir entraves em licen\u00e7as e dar previsibilidade a empreendimentos do setor.<\/p>\n<p><strong>VEJA MAIS:<\/strong><\/p>\n<ul>\n<li><a href=\"https:\/\/brasil61.com\/n\/goias-amplia-frota-aerea-da-seguranca-publica-com-quatro-novos-helicopteros-bras2615576\" target=\"_blank\" rel=\"noopener\">Goi\u00e1s amplia frota a\u00e9rea da seguran\u00e7a p\u00fablica com quatro novos helic\u00f3pteros<\/a><\/li>\n<li><a href=\"https:\/\/brasil61.com\/n\/primeira-casa-ronald-mcdonald-do-centro-oeste-comeca-a-ser-construida-em-goiania-go-bras2515364\" target=\"_blank\" rel=\"noopener\">Primeira Casa Ronald McDonald do Centro-Oeste come\u00e7a a ser constru\u00edda em Goi\u00e2nia (GO)<\/a><\/li>\n<\/ul>\n<p>\t\t\t\t\t\t\t\t\t<img decoding=\"async\" src=\"https:\/\/brasil61.com\/api\/v1\/serve_pixel\/22254\/87101\" alt=\"Pixel Brasil 61\" class=\"b61_pixel\" width=\"0\" height=\"0\"><\/p>\n<div class=\"br61_backlink\">\n<p>\n\t\t\t\tFonte: <a href=\"https:\/\/brasil61.com\/goias-lanca-plano-para-ampliar-setor-florestal-e-atrair-novas-industrias-bras2615589\" title=\"Artigo Original: Goi\u00e1s lan\u00e7a plano para ampliar setor florestal e atrair novas ind\u00fastrias\" target=\"_blank\" rel=\"noopener\">Brasil 61<\/a>\n\t\t\t<\/p>\n<\/p><\/div>\n<input type=\"hidden\" id=\"baseurl\" value=\"https:\/\/noticiasregionais.com.br\"><input type=\"hidden\" id=\"audio_nonce\" value=\"533fbb67b1\">","protected":false},"excerpt":{"rendered":"<p>Estrat\u00e9gia prev\u00ea uso sustent\u00e1vel de \u00e1reas degradadas, fortalecimento de cadeias produtivas e novos investimentos no mercado global<\/p>\n","protected":false},"author":1,"featured_media":12329,"comment_status":"closed","ping_status":"open","sticky":false,"template":"","format":"standard","meta":{"sfsi_plus_gutenberg_text_before_share":"","sfsi_plus_gutenberg_show_text_before_share":"","sfsi_plus_gutenberg_icon_type":"","sfsi_plus_gutenberg_icon_alignemt":"","sfsi_plus_gutenburg_max_per_row":"","footnotes":""},"categories":[8],"tags":[],"class_list":["post-12288","post","type-post","status-publish","format-standard","has-post-thumbnail","hentry","category-brasil"],"_links":{"self":[{"href":"https:\/\/noticiasregionais.com.br\/index.php?rest_route=\/wp\/v2\/posts\/12288","targetHints":{"allow":["GET"]}}],"collection":[{"href":"https:\/\/noticiasregionais.com.br\/index.php?rest_route=\/wp\/v2\/posts"}],"about":[{"href":"https:\/\/noticiasregionais.com.br\/index.php?rest_route=\/wp\/v2\/types\/post"}],"author":[{"embeddable":true,"href":"https:\/\/noticiasregionais.com.br\/index.php?rest_route=\/wp\/v2\/users\/1"}],"replies":[{"embeddable":true,"href":"https:\/\/noticiasregionais.com.br\/index.php?rest_route=%2Fwp%2Fv2%2Fcomments&post=12288"}],"version-history":[{"count":1,"href":"https:\/\/noticiasregionais.com.br\/index.php?rest_route=\/wp\/v2\/posts\/12288\/revisions"}],"predecessor-version":[{"id":12328,"href":"https:\/\/noticiasregionais.com.br\/index.php?rest_route=\/wp\/v2\/posts\/12288\/revisions\/12328"}],"wp:featuredmedia":[{"embeddable":true,"href":"https:\/\/noticiasregionais.com.br\/index.php?rest_route=\/wp\/v2\/media\/12329"}],"wp:attachment":[{"href":"https:\/\/noticiasregionais.com.br\/index.php?rest_route=%2Fwp%2Fv2%2Fmedia&parent=12288"}],"wp:term":[{"taxonomy":"category","embeddable":true,"href":"https:\/\/noticiasregionais.com.br\/index.php?rest_route=%2Fwp%2Fv2%2Fcategories&post=12288"},{"taxonomy":"post_tag","embeddable":true,"href":"https:\/\/noticiasregionais.com.br\/index.php?rest_route=%2Fwp%2Fv2%2Ftags&post=12288"}],"curies":[{"name":"wp","href":"https:\/\/api.w.org\/{rel}","templated":true}]}}