{"id":12292,"date":"2026-01-16T11:00:00","date_gmt":"2026-01-16T14:00:00","guid":{"rendered":"https:\/\/noticiasregionais.com.br\/?p=12292"},"modified":"2026-01-16T11:00:00","modified_gmt":"2026-01-16T14:00:00","slug":"mpox-sao-paulo-confirma-segundo-caso-da-doenca-pela-nova-cepa-clado-ib","status":"publish","type":"post","link":"https:\/\/noticiasregionais.com.br\/?p=12292","title":{"rendered":"Mpox: S\u00e3o Paulo confirma segundo caso da doen\u00e7a pela nova cepa clado Ib"},"content":{"rendered":"<p>\t\t\t\t\t\t\t\t\t\t\t<audio controls class=\"b61_audio_player\" data-noticia=\"87072\" src=\"https:\/\/brasil61.com\/rails\/active_storage\/blobs\/eyJfcmFpbHMiOnsibWVzc2FnZSI6IkJBaHBBeVhpQXc9PSIsImV4cCI6bnVsbCwicHVyIjoiYmxvYl9pZCJ9fQ==--b5243b4211e5353f51b80f116b5f883cd4792263\/BRAS2615575A\"><\/audio><\/p>\n<p>A Secretaria de Estado da Sa\u00fade de S\u00e3o Paulo (<a href=\"http:\/\/www.saude.sp.gov.br\/\" target=\"_blank\" rel=\"noopener\">SES-SP<\/a>) confirmou o <strong>segundo caso de <a href=\"https:\/\/www.gov.br\/saude\/pt-br\/assuntos\/saude-de-a-a-z\/m\/mpox\" target=\"_blank\" rel=\"noopener\">mpox<\/a>, causado pela nova cepa do v\u00edrus<\/strong> (MPXV), denominada <strong>clado Ib<\/strong>, no estado.<\/p>\n<p>De acordo com a nota divulgada pela pasta, trata-se de um <strong>caso importado<\/strong>. O paciente \u00e9 um homem de 39 anos, residente em Portugal, que apresentou sintomas no fim de dezembro de 2025, enquanto estava na capital paulista. Ao procurar atendimento no Instituto de Infectologia Em\u00edlio Ribas, ele foi internado, recebeu alta no dia seguinte e retornou ao exterior.<\/p>\n<p>Ainda conforme a SES-SP, \u201cat\u00e9 o momento <strong>n\u00e3o h\u00e1 registro de pessoas com sintomas entre os contatos identificados<\/strong> no local de hospedagem do paciente\u201d.<\/p>\n<p>Em mar\u00e7o do ano passado, o <strong>estado j\u00e1 havia registrado o primeiro caso dessa mesma cepa em uma mulher de 29 anos<\/strong>, que teve contato com um familiar vindo da Rep\u00fablica Democr\u00e1tica do Congo, pa\u00eds onde o clado Ib \u00e9 end\u00eamico e respons\u00e1vel por um surto em 2025.<\/p>\n<p>Em 2026, segundo dados atualizados do portal do N\u00facleo de Informa\u00e7\u00f5es Estrat\u00e9gicas em Sa\u00fade (<a href=\"https:\/\/nies.saude.sp.gov.br\/ses\/publico\/mpox\" target=\"_blank\" rel=\"noopener\">NIES<\/a>), <strong>S\u00e3o Paulo j\u00e1 soma 33 notifica\u00e7\u00f5es de mpox<\/strong>, sem registro de \u00f3bitos associados.<\/p>\n<h2>O que \u00e9 mpox?<\/h2>\n<p>A <a href=\"https:\/\/bvsms.saude.gov.br\/mpox\/\" target=\"_blank\" rel=\"noopener\"><strong>mpox<\/strong><\/a>, anteriormente conhecida como \u201cvar\u00edola dos macacos\u201d, \u00e9 uma <strong>doen\u00e7a zoon\u00f3tica viral<\/strong> (transmitida aos seres humanos a partir de animais) causada pelo Orthopoxvirus, da mesma fam\u00edlia da var\u00edola. O v\u00edrus possui dois grandes grupos gen\u00e9ticos:\u00a0<\/p>\n<ul>\n<li>clado I (com subclados Ia e Ib); e<\/li>\n<li>clado II (com subclados IIa e IIb).<\/li>\n<\/ul>\n<p>Entre 2022 e 2023, o mundo enfrentou um surto global provocado pela cepa do clado IIb, que se espalhou para mais de 120 pa\u00edses e resultou em mais de 100 mil casos.\u00a0<\/p>\n<p>At\u00e9 julho de 2025, data da \u00faltima atualiza\u00e7\u00e3o, o <strong>Brasil registrou 14.118 casos de mpox<\/strong>, conforme dados do <a href=\"https:\/\/www.gov.br\/saude\/pt-br\/composicao\/svsa\/cnie\/painel-mpox\" target=\"_blank\" rel=\"noopener\">Centro Nacional de Intelig\u00eancia Epidemiol\u00f3gica e Vigil\u00e2ncia Gen\u00f4mica<\/a> do Minist\u00e9rio da Sa\u00fade (<a href=\"https:\/\/www.gov.br\/saude\/pt-br\" target=\"_blank\" rel=\"noopener\">MS<\/a>). A maior parte das notifica\u00e7\u00f5es concentrou-se nesse per\u00edodo, o que colocou o pa\u00eds entre os mais impactados pela doen\u00e7a em n\u00edvel mundial.<\/p>\n<h2>Sintomas e formas de transmiss\u00e3o<\/h2>\n<p>Segundo o <a href=\"https:\/\/www.gov.br\/saude\/pt-br\/assuntos\/saude-de-a-a-z\/m\/mpox\" target=\"_blank\" rel=\"noopener\">MS<\/a>, os <strong>sintomas da mpox<\/strong> incluem:<\/p>\n<ul>\n<li>erup\u00e7\u00f5es cut\u00e2neas ou les\u00f5es de pele em diferentes partes do corpo;<\/li>\n<li>linfonodos inchados (\u00ednguas);<\/li>\n<li>febre;<\/li>\n<li>dor de cabe\u00e7a;<\/li>\n<li>dores no corpo;<\/li>\n<li>calafrio; e<\/li>\n<li>fraqueza;<\/li>\n<\/ul>\n<p>A <strong>transmiss\u00e3o<\/strong> ocorre principalmente por:<\/p>\n<ul>\n<li>contato direto com les\u00f5es de pele de pessoas infectadas;<\/li>\n<li>exposi\u00e7\u00e3o a fluidos corporais e secre\u00e7\u00f5es respirat\u00f3rias;<\/li>\n<li>uso compartilhado de objetos contaminados, como roupas e toalhas; e<\/li>\n<li>animais silvestres (roedores) infectados.<\/li>\n<\/ul>\n<p><strong>VEJA MAIS:<\/strong><\/p>\n<ul>\n<li><a href=\"https:\/\/brasil61.com\/n\/mpox-reforco-na-vigilancia-contra-da-nova-cepa-da-mpox-bras2412715\" target=\"_blank\" rel=\"noopener\">MPOX: Refor\u00e7o na vigil\u00e2ncia contra da nova cepa<\/a><\/li>\n<li><a href=\"https:\/\/brasil61.com\/n\/brasil-em-atencao-contra-mpox-2024-ja-supera-2023-no-numero-de-casos-bras2412696\" target=\"_blank\" rel=\"noopener\">Brasil em aten\u00e7\u00e3o contra Mpox: 2024 j\u00e1 supera 2023 no n\u00famero de casos<\/a><\/li>\n<\/ul>\n<p>\t\t\t\t\t\t\t\t\t\t<img decoding=\"async\" src=\"https:\/\/brasil61.com\/api\/v1\/serve_pixel\/22254\/87072\" alt=\"Pixel Brasil 61\" class=\"b61_pixel\" width=\"0\" height=\"0\"><\/p>\n<div class=\"br61_backlink\">\n<p>\n\t\t\t\tFonte: <a href=\"https:\/\/brasil61.com\/mpox-sao-paulo-confirma-segundo-caso-da-doenca-pela-nova-cepa-clado-ib-bras2615575\" title=\"Artigo Original: Mpox: S\u00e3o Paulo confirma segundo caso da doen\u00e7a pela nova cepa clado Ib\" target=\"_blank\" rel=\"noopener\">Brasil 61<\/a>\n\t\t\t<\/p>\n<\/p><\/div>\n<input type=\"hidden\" id=\"baseurl\" value=\"https:\/\/noticiasregionais.com.br\"><input type=\"hidden\" id=\"audio_nonce\" value=\"533fbb67b1\">","protected":false},"excerpt":{"rendered":"<p>Paciente apresentou sintomas em dezembro de 2025 na capital paulista; estado j\u00e1 soma 33 notifica\u00e7\u00f5es em 2026, sem registro de \u00f3bitos associados<\/p>\n","protected":false},"author":1,"featured_media":12293,"comment_status":"","ping_status":"open","sticky":false,"template":"","format":"standard","meta":{"sfsi_plus_gutenberg_text_before_share":"","sfsi_plus_gutenberg_show_text_before_share":"","sfsi_plus_gutenberg_icon_type":"","sfsi_plus_gutenberg_icon_alignemt":"","sfsi_plus_gutenburg_max_per_row":"","footnotes":""},"categories":[8],"tags":[],"class_list":["post-12292","post","type-post","status-publish","format-standard","has-post-thumbnail","hentry","category-brasil"],"_links":{"self":[{"href":"https:\/\/noticiasregionais.com.br\/index.php?rest_route=\/wp\/v2\/posts\/12292","targetHints":{"allow":["GET"]}}],"collection":[{"href":"https:\/\/noticiasregionais.com.br\/index.php?rest_route=\/wp\/v2\/posts"}],"about":[{"href":"https:\/\/noticiasregionais.com.br\/index.php?rest_route=\/wp\/v2\/types\/post"}],"author":[{"embeddable":true,"href":"https:\/\/noticiasregionais.com.br\/index.php?rest_route=\/wp\/v2\/users\/1"}],"replies":[{"embeddable":true,"href":"https:\/\/noticiasregionais.com.br\/index.php?rest_route=%2Fwp%2Fv2%2Fcomments&post=12292"}],"version-history":[{"count":0,"href":"https:\/\/noticiasregionais.com.br\/index.php?rest_route=\/wp\/v2\/posts\/12292\/revisions"}],"wp:featuredmedia":[{"embeddable":true,"href":"https:\/\/noticiasregionais.com.br\/index.php?rest_route=\/wp\/v2\/media\/12293"}],"wp:attachment":[{"href":"https:\/\/noticiasregionais.com.br\/index.php?rest_route=%2Fwp%2Fv2%2Fmedia&parent=12292"}],"wp:term":[{"taxonomy":"category","embeddable":true,"href":"https:\/\/noticiasregionais.com.br\/index.php?rest_route=%2Fwp%2Fv2%2Fcategories&post=12292"},{"taxonomy":"post_tag","embeddable":true,"href":"https:\/\/noticiasregionais.com.br\/index.php?rest_route=%2Fwp%2Fv2%2Ftags&post=12292"}],"curies":[{"name":"wp","href":"https:\/\/api.w.org\/{rel}","templated":true}]}}