{"id":12294,"date":"2026-01-16T19:58:00","date_gmt":"2026-01-16T22:58:00","guid":{"rendered":"https:\/\/noticiasregionais.com.br\/?p=12294"},"modified":"2026-01-16T19:58:00","modified_gmt":"2026-01-16T22:58:00","slug":"fpa-promete-derrubar-veto-de-lula-a-protecao-sobre-o-orcamento-do-seguro-rural","status":"publish","type":"post","link":"https:\/\/noticiasregionais.com.br\/?p=12294","title":{"rendered":"FPA promete derrubar veto de Lula \u00e0 prote\u00e7\u00e3o sobre o or\u00e7amento do seguro rural"},"content":{"rendered":"<p>\t\t\t\t\t\t\t\t\t\t\t<audio controls class=\"b61_audio_player\" data-noticia=\"87069\" src=\"https:\/\/brasil61.com\/rails\/active_storage\/blobs\/eyJfcmFpbHMiOnsibWVzc2FnZSI6IkJBaHBBd1BpQXc9PSIsImV4cCI6bnVsbCwicHVyIjoiYmxvYl9pZCJ9fQ==--4dec1d703744d6f84a8f7a3d11d1e10639803913\/BRAS2615574A\"><\/audio><\/p>\n<p>O presidente <a href=\"https:\/\/brasil61.com\/noticias\/tag\/lula\" target=\"_blank\" rel=\"noopener\">Luiz In\u00e1cio Lula da Silva<\/a> vetou o trecho da <a href=\"https:\/\/brasil61.com\/noticias\/tag\/ldo\" target=\"_blank\" rel=\"noopener\">Lei de Diretrizes Or\u00e7ament\u00e1rias (LDO)<\/a> de 2026 que garantia previsibilidade or\u00e7ament\u00e1ria a pol\u00edticas p\u00fablicas estruturantes para o setor agropecu\u00e1rio. Com isso, a blindagem contra cortes, bloqueios e condicionamentos nas despesas de subven\u00e7\u00e3o do seguro rural foi removida.<\/p>\n<p>Representantes do setor produtivo, seguradoras e parlamentares intensificaram a articula\u00e7\u00e3o junto ao Congresso Nacional para tentar derrubar o veto. A avalia\u00e7\u00e3o \u00e9 de que a retirada da prote\u00e7\u00e3o or\u00e7ament\u00e1ria aumenta a incerteza sobre o financiamento dessas pol\u00edticas, especialmente em um contexto de maior exposi\u00e7\u00e3o do produtor rural a riscos clim\u00e1ticos e econ\u00f4micos e de baixa cobertura do seguro rural no pa\u00eds.<\/p>\n<p>No ano passado, o <a href=\"https:\/\/www.gov.br\/agricultura\/pt-br\/assuntos\/riscos-seguro\/seguro-rural\" target=\"_blank\" rel=\"noopener\">Programa de Subven\u00e7\u00e3o ao Pr\u00eamio do Seguro Rural (PSR)<\/a> teve R$1,06 bilh\u00e3o aprovado na Lei Or\u00e7ament\u00e1ria Anual, apesar do pleito de R$4,0 bilh\u00f5es feito pelo setor. Efetivamente, o montante realizado caiu para R$615 milh\u00f5es, ampliando o risco financeiro enfrentado pelos produtores.<\/p>\n<h2>Pr\u00f3ximos passos<\/h2>\n<p>Os vetos devem ser analisados em sess\u00e3o conjunta do Congresso Nacional, em data ainda a ser marcada. Para a derrubada, \u00e9 necess\u00e1rio maioria simples de votos, tanto da C\u00e2mara dos Deputados quanto do Senado Federal. Ou seja, 257 deputados e 41 senadores favor\u00e1veis \u00e0 revers\u00e3o da decis\u00e3o do Executivo.<\/p>\n<p>\t\t\t\t\t\t\t\t\t\t<img decoding=\"async\" src=\"https:\/\/brasil61.com\/api\/v1\/serve_pixel\/22254\/87069\" alt=\"Pixel Brasil 61\" class=\"b61_pixel\" width=\"0\" height=\"0\"><\/p>\n<div class=\"br61_backlink\">\n<p>\n\t\t\t\tFonte: <a href=\"https:\/\/brasil61.com\/fpa-promete-derrubar-veto-de-lula-a-protecao-sobre-o-orcamento-do-seguro-rural-bras2615574\" title=\"Artigo Original: FPA promete derrubar veto de Lula \u00e0 prote\u00e7\u00e3o sobre o or\u00e7amento do seguro rural\" target=\"_blank\" rel=\"noopener\">Brasil 61<\/a>\n\t\t\t<\/p>\n<\/p><\/div>\n<input type=\"hidden\" id=\"baseurl\" value=\"https:\/\/noticiasregionais.com.br\"><input type=\"hidden\" id=\"audio_nonce\" value=\"533fbb67b1\">","protected":false},"excerpt":{"rendered":"<p>O Programa de Subven\u00e7\u00e3o ao Pr\u00eamio do Seguro Rural \u00e9 a principal pol\u00edtica para incentivar a securitiza\u00e7\u00e3o das lavouras no campo e teve mais de 40% das verbas previstas em 2025 bloqueadas<\/p>\n","protected":false},"author":1,"featured_media":12295,"comment_status":"","ping_status":"open","sticky":false,"template":"","format":"standard","meta":{"sfsi_plus_gutenberg_text_before_share":"","sfsi_plus_gutenberg_show_text_before_share":"","sfsi_plus_gutenberg_icon_type":"","sfsi_plus_gutenberg_icon_alignemt":"","sfsi_plus_gutenburg_max_per_row":"","footnotes":""},"categories":[8],"tags":[],"class_list":["post-12294","post","type-post","status-publish","format-standard","has-post-thumbnail","hentry","category-brasil"],"_links":{"self":[{"href":"https:\/\/noticiasregionais.com.br\/index.php?rest_route=\/wp\/v2\/posts\/12294","targetHints":{"allow":["GET"]}}],"collection":[{"href":"https:\/\/noticiasregionais.com.br\/index.php?rest_route=\/wp\/v2\/posts"}],"about":[{"href":"https:\/\/noticiasregionais.com.br\/index.php?rest_route=\/wp\/v2\/types\/post"}],"author":[{"embeddable":true,"href":"https:\/\/noticiasregionais.com.br\/index.php?rest_route=\/wp\/v2\/users\/1"}],"replies":[{"embeddable":true,"href":"https:\/\/noticiasregionais.com.br\/index.php?rest_route=%2Fwp%2Fv2%2Fcomments&post=12294"}],"version-history":[{"count":0,"href":"https:\/\/noticiasregionais.com.br\/index.php?rest_route=\/wp\/v2\/posts\/12294\/revisions"}],"wp:featuredmedia":[{"embeddable":true,"href":"https:\/\/noticiasregionais.com.br\/index.php?rest_route=\/wp\/v2\/media\/12295"}],"wp:attachment":[{"href":"https:\/\/noticiasregionais.com.br\/index.php?rest_route=%2Fwp%2Fv2%2Fmedia&parent=12294"}],"wp:term":[{"taxonomy":"category","embeddable":true,"href":"https:\/\/noticiasregionais.com.br\/index.php?rest_route=%2Fwp%2Fv2%2Fcategories&post=12294"},{"taxonomy":"post_tag","embeddable":true,"href":"https:\/\/noticiasregionais.com.br\/index.php?rest_route=%2Fwp%2Fv2%2Ftags&post=12294"}],"curies":[{"name":"wp","href":"https:\/\/api.w.org\/{rel}","templated":true}]}}