{"id":12300,"date":"2026-01-17T04:10:00","date_gmt":"2026-01-17T07:10:00","guid":{"rendered":"https:\/\/noticiasregionais.com.br\/?p=12300"},"modified":"2026-01-17T04:10:00","modified_gmt":"2026-01-17T07:10:00","slug":"infogripe-avancam-casos-graves-de-influenza-a-no-norte-e-nordeste","status":"publish","type":"post","link":"https:\/\/noticiasregionais.com.br\/?p=12300","title":{"rendered":"Infogripe: avan\u00e7am casos graves de influenza A no Norte e Nordeste"},"content":{"rendered":"<p>\t\t\t\t\t\t\t\t\t\t\t<audio controls class=\"b61_audio_player\" data-noticia=\"87106\" src=\"https:\/\/brasil61.com\/rails\/active_storage\/blobs\/eyJfcmFpbHMiOnsibWVzc2FnZSI6IkJBaHBBL2ppQXc9PSIsImV4cCI6bnVsbCwicHVyIjoiYmxvYl9pZCJ9fQ==--06b4236e6493e0db4630005fc3a355b546a06cef\/BRAS2615591A\"><\/audio><\/p>\n<p>A edi\u00e7\u00e3o mais recente do <a href=\"https:\/\/agencia.fiocruz.br\/sites\/agencia.fiocruz.br\/files\/Resumo_InfoGripe_2026_01.pdf\" target=\"_blank\" rel=\"noopener\">Boletim InfoGripe<\/a>, divulgada nesta sexta-feira (16) pela Funda\u00e7\u00e3o Oswaldo Cruz (Fiocruz), aponta um <strong>crescimento acelerado dos casos graves de influenza A no Acre e no Amazonas<\/strong>. O avan\u00e7o da doen\u00e7a tem impulsionado o <strong>aumento das hospitaliza\u00e7\u00f5es por S\u00edndrome Respirat\u00f3ria Aguda Grave (SRAG)<\/strong>, que j\u00e1 atingem n\u00edveis elevados para a regi\u00e3o.<\/p>\n<p>No <strong>Nordeste<\/strong>, estados como <strong>Cear\u00e1, Pernambuco e Sergipe tamb\u00e9m registram leve aumento de casos graves de influenza A<\/strong>, ainda sem reflexos significativos nas interna\u00e7\u00f5es por SRAG. Em contrapartida, <strong>Mato Grosso e Mato Grosso do Sul apresentam sinais de desacelera\u00e7\u00e3o nas hospitaliza\u00e7\u00f5es<\/strong> associadas ao v\u00edrus.<\/p>\n<p>Em nota, a pesquisadora do Programa de Computa\u00e7\u00e3o Cient\u00edfica (Procc\/Fiocruz) e integrante do Boletim InfoGripe, <strong>Tatiana Portella<\/strong>, destaca que a<strong> campanha de vacina\u00e7\u00e3o contra a influenza j\u00e1 come\u00e7ou na Regi\u00e3o Norte<\/strong>. \u201cPor isso, \u00e9 fundamental que a <strong>popula\u00e7\u00e3o de risco<\/strong> da regi\u00e3o, como idosos, crian\u00e7as e pessoas com comorbidades, <strong>procure um posto de sa\u00fade<\/strong> o quanto antes para se proteger contra o v\u00edrus\u201d, refor\u00e7a.<\/p>\n<h2>Cen\u00e1rio nacional<\/h2>\n<p>Em \u00e2mbito nacional, o boletim indica <strong>manuten\u00e7\u00e3o da tend\u00eancia de queda ou estabilidade dos casos de SRAG em todas as faixas et\u00e1rias<\/strong>, reflexo da baixa circula\u00e7\u00e3o da maioria dos v\u00edrus respirat\u00f3rios.<\/p>\n<p>Mesmo a <strong>influenza A<\/strong> \u2014 respons\u00e1vel pelo aumento de casos de SRAG em crian\u00e7as pequenas, adultos e idosos no Amazonas, e em crian\u00e7as pequenas e idosos no Acre \u2014 apresenta <strong>baixa circula\u00e7\u00e3o na maioria dos demais estados<\/strong>.<\/p>\n<p>De modo geral, a maior <strong>incid\u00eancia <\/strong>de SRAG ocorre entre <strong>crian\u00e7as pequenas<\/strong>, enquanto a <strong>mortalidade <\/strong>se concentra principalmente nos <strong>idosos<\/strong>. Considerando especificamente os casos de SRAG causados por Sars-CoV-2 (Covid-19) ou influenza A, a incid\u00eancia \u00e9 maior entre crian\u00e7as e idosos, com impacto mais grave na mortalidade da popula\u00e7\u00e3o idosa.<\/p>\n<p>O levantamento aponta ainda que tr\u00eas das 27 capitais apresentam n\u00edveis de incid\u00eancia de SRAG classificados como alerta, risco ou alto risco, com tend\u00eancia de crescimento no longo prazo: <strong>Manaus (AM), Cuiab\u00e1 (MT) e S\u00e3o Lu\u00eds (MA)<\/strong>.<\/p>\n<h2>Preval\u00eancia dos v\u00edrus<\/h2>\n<p>Nas \u00faltimas quatro semanas epidemiol\u00f3gicas, a distribui\u00e7\u00e3o dos v\u00edrus entre os casos positivos de SRAG foi a seguinte:<\/p>\n<ul>\n<li><strong>21,9%<\/strong> de influenza A<\/li>\n<li><strong>3,1% <\/strong>de influenza B<\/li>\n<li><strong>6,9%<\/strong> de v\u00edrus sincicial respirat\u00f3rio (VSR)<\/li>\n<li><strong>36%<\/strong> de rinov\u00edrus<\/li>\n<li><strong>14,8%<\/strong> de Sars-CoV-2 (Covid-19)<\/li>\n<\/ul>\n<p>Entre os \u00f3bitos, a presen\u00e7a dos mesmos agentes foi:<\/p>\n<ul>\n<li><strong>29,8%<\/strong> de influenza A<\/li>\n<li><strong>3,3%<\/strong> de influenza B<\/li>\n<li><strong>4,1% <\/strong>de VSR<\/li>\n<li><strong>20,7% <\/strong>de rinov\u00edrus<\/li>\n<li><strong>38,8%<\/strong> de Sars-CoV-2 (Covid-19)<\/li>\n<\/ul>\n<p>O levantamento do <strong>InfoGripe<\/strong> tem como base os dados inseridos no Sistema de Informa\u00e7\u00e3o da Vigil\u00e2ncia Epidemiol\u00f3gica da Gripe, atualizados at\u00e9 10 de janeiro, e \u00e9 referente \u00e0 Semana Epidemiol\u00f3gica (SE) 1. Confira outros detalhes no <a href=\"https:\/\/agencia.fiocruz.br\/sites\/agencia.fiocruz.br\/files\/Resumo_InfoGripe_2026_01.pdf\" target=\"_blank\" rel=\"noopener\">link<\/a>.<\/p>\n<p><strong>VEJA MAIS:<\/strong><\/p>\n<ul>\n<li><a href=\"https:\/\/brasil61.com\/n\/mpox-sao-paulo-confirma-segundo-caso-da-doenca-pela-nova-cepa-clado-ib-bras2615575\" target=\"_blank\" rel=\"noopener\">Mpox: S\u00e3o Paulo confirma segundo caso da doen\u00e7a pela nova cepa clado Ib<\/a><\/li>\n<li><a href=\"https:\/\/brasil61.com\/n\/ministerio-da-saude-divulga-valores-de-2026-para-garantir-pagamento-dos-agentes-de-endemias-nos-municipios-bras2615580\" target=\"_blank\" rel=\"noopener\">Minist\u00e9rio da Sa\u00fade divulga valores de 2026 para garantir pagamento dos Agentes de Endemias nos munic\u00edpios<\/a><\/li>\n<\/ul>\n<p>\t\t\t\t\t\t\t\t\t\t<img decoding=\"async\" src=\"https:\/\/brasil61.com\/api\/v1\/serve_pixel\/22254\/87106\" alt=\"Pixel Brasil 61\" class=\"b61_pixel\" width=\"0\" height=\"0\"><\/p>\n<div class=\"br61_backlink\">\n<p>\n\t\t\t\tFonte: <a href=\"https:\/\/brasil61.com\/infogripe-avancam-casos-graves-de-influenza-a-no-norte-e-nordeste-bras2615591\" title=\"Artigo Original: Infogripe: avan\u00e7am casos graves de influenza A no Norte e Nordeste \" target=\"_blank\" rel=\"noopener\">Brasil 61<\/a>\n\t\t\t<\/p>\n<\/p><\/div>\n<input type=\"hidden\" id=\"baseurl\" value=\"https:\/\/noticiasregionais.com.br\"><input type=\"hidden\" id=\"audio_nonce\" value=\"5c13e0637f\">","protected":false},"excerpt":{"rendered":"<p>Boletim da Fiocruz aponta aumenta das hospitaliza\u00e7\u00f5es por SRAG no Amazonas e no Acre; vacina\u00e7\u00e3o j\u00e1 come\u00e7ou na regi\u00e3o<\/p>\n","protected":false},"author":1,"featured_media":12301,"comment_status":"","ping_status":"open","sticky":false,"template":"","format":"standard","meta":{"sfsi_plus_gutenberg_text_before_share":"","sfsi_plus_gutenberg_show_text_before_share":"","sfsi_plus_gutenberg_icon_type":"","sfsi_plus_gutenberg_icon_alignemt":"","sfsi_plus_gutenburg_max_per_row":"","footnotes":""},"categories":[8],"tags":[],"class_list":["post-12300","post","type-post","status-publish","format-standard","has-post-thumbnail","hentry","category-brasil"],"_links":{"self":[{"href":"https:\/\/noticiasregionais.com.br\/index.php?rest_route=\/wp\/v2\/posts\/12300","targetHints":{"allow":["GET"]}}],"collection":[{"href":"https:\/\/noticiasregionais.com.br\/index.php?rest_route=\/wp\/v2\/posts"}],"about":[{"href":"https:\/\/noticiasregionais.com.br\/index.php?rest_route=\/wp\/v2\/types\/post"}],"author":[{"embeddable":true,"href":"https:\/\/noticiasregionais.com.br\/index.php?rest_route=\/wp\/v2\/users\/1"}],"replies":[{"embeddable":true,"href":"https:\/\/noticiasregionais.com.br\/index.php?rest_route=%2Fwp%2Fv2%2Fcomments&post=12300"}],"version-history":[{"count":0,"href":"https:\/\/noticiasregionais.com.br\/index.php?rest_route=\/wp\/v2\/posts\/12300\/revisions"}],"wp:featuredmedia":[{"embeddable":true,"href":"https:\/\/noticiasregionais.com.br\/index.php?rest_route=\/wp\/v2\/media\/12301"}],"wp:attachment":[{"href":"https:\/\/noticiasregionais.com.br\/index.php?rest_route=%2Fwp%2Fv2%2Fmedia&parent=12300"}],"wp:term":[{"taxonomy":"category","embeddable":true,"href":"https:\/\/noticiasregionais.com.br\/index.php?rest_route=%2Fwp%2Fv2%2Fcategories&post=12300"},{"taxonomy":"post_tag","embeddable":true,"href":"https:\/\/noticiasregionais.com.br\/index.php?rest_route=%2Fwp%2Fv2%2Ftags&post=12300"}],"curies":[{"name":"wp","href":"https:\/\/api.w.org\/{rel}","templated":true}]}}