{"id":12304,"date":"2026-01-18T04:20:00","date_gmt":"2026-01-18T07:20:00","guid":{"rendered":"https:\/\/noticiasregionais.com.br\/?p=12304"},"modified":"2026-01-18T04:20:00","modified_gmt":"2026-01-18T07:20:00","slug":"assistencia-farmaceutica-municipios-receberao-r-178-bilhao-para-medicamentos-em-2026","status":"publish","type":"post","link":"https:\/\/noticiasregionais.com.br\/?p=12304","title":{"rendered":"Assist\u00eancia Farmac\u00eautica: munic\u00edpios receber\u00e3o R$ 1,78 bilh\u00e3o para medicamentos em 2026"},"content":{"rendered":"<p>\t\t\t\t\t\t\t\t\t\t\t<audio controls class=\"b61_audio_player\" data-noticia=\"86951\" src=\"https:\/\/brasil61.com\/rails\/active_storage\/blobs\/eyJfcmFpbHMiOnsibWVzc2FnZSI6IkJBaHBBL2JmQXc9PSIsImV4cCI6bnVsbCwicHVyIjoiYmxvYl9pZCJ9fQ==--d15334f0323482d22c3058cfb474a2baffaddff0\/BRAS2615539A\"><\/audio><\/p>\n<p>O <a href=\"https:\/\/www.gov.br\/saude\/pt-br\" target=\"_blank\" rel=\"noopener\">Minist\u00e9rio da Sa\u00fade<\/a> oficializou o<strong> repasse de R$ 1,78 bilh\u00e3o para o financiamento do Componente B\u00e1sico da Assist\u00eancia Farmac\u00eautica B\u00e1sica (CBAF) em 2026<\/strong>, por meio da <a href=\"https:\/\/www.in.gov.br\/en\/web\/dou\/-\/portaria-gm\/ms-n-9.887-de-29-de-dezembro-de-2025-678627784\" target=\"_blank\" rel=\"noopener\">Portaria GM\/MS n\u00ba 9.887, de 29 de dezembro de 2025<\/a>. Os recursos ser\u00e3o transferidos mensalmente do Fundo Nacional de Sa\u00fade para os fundos municipais e estaduais. O objetivo da medida \u00e9 <strong>garantir a compra de rem\u00e9dios e insumos b\u00e1sicos na Aten\u00e7\u00e3o Prim\u00e1ria \u00e0 Sa\u00fade para a popula\u00e7\u00e3o local.<\/strong><\/p>\n<p>A pasta afirma que o <strong>montante representa um aumento de R$ 80 milh\u00f5es em compara\u00e7\u00e3o ao ano anterior.\u00a0<\/strong><\/p>\n<p>Pela Portaria, os<strong> crit\u00e9rios de repasse<\/strong> consideram dados populacionais estimados pelo Instituto Brasileiro de Geografia e Estat\u00edstica (IBGE) de dezembro de 2024. Al\u00e9m disso, a classifica\u00e7\u00e3o dos munic\u00edpios segundo o \u00cdndice de Desenvolvimento Humano Municipal (IDHM) tamb\u00e9m \u00e9 considerada.<\/p>\n<p>Os <strong>valores per capita variam entre R$ 8,20 e R$ 9,05<\/strong>. O minist\u00e9rio afirma que os crit\u00e9rios asseguram o princ\u00edpio da equidade no SUS.\u00a0<\/p>\n<p>A Portaria detalha os valores totais mensais e anuais para cada munic\u00edpio. Clique <a href=\"https:\/\/www.in.gov.br\/en\/web\/dou\/-\/portaria-gm\/ms-n-9.887-de-29-de-dezembro-de-2025-678627784\" target=\"_blank\" rel=\"noopener\">aqui <\/a>e confira.<\/p>\n<h2>Prote\u00e7\u00e3o financeira para os munic\u00edpios<\/h2>\n<p>A Portaria tamb\u00e9m prev\u00ea uma <strong>cl\u00e1usula de prote\u00e7\u00e3o financeira para os munic\u00edpios que estabelece que, mesmo nos casos em que houve redu\u00e7\u00e3o populacional segundo estimativas oficiais, o valor nominal do repasse realizado em 2025 ser\u00e1 mantido em 2026.\u00a0<\/strong><\/p>\n<p>A medida busca evitar que quedas demogr\u00e1ficas reduzam o or\u00e7amento municipal para a compra de medicamentos. A ideia \u00e9 garantir a continuidade do abastecimento nas farm\u00e1cias dos servi\u00e7os p\u00fablicos de sa\u00fade.<\/p>\n<h2>Integra\u00e7\u00e3o de munic\u00edpio\u00a0<\/h2>\n<p>A partir do exerc\u00edcio de 2026, o munic\u00edpio de <strong>Boa Esperan\u00e7a do Norte (MT) <\/strong>&#8211; o mais novo do pa\u00eds &#8211;\u00a0passa a ser oficialmente reconhecido e integrado ao CBAF. Com a inclus\u00e3o, a popula\u00e7\u00e3o local ter\u00e1 acesso regular aos recursos federais para a compra de rem\u00e9dios. Pela tabela oficial, o munic\u00edpio mato-grossense ter\u00e1 um repasse<strong> total anual de R$ 49.351,20, com repasse total mensal no valor de R$ 4.112,60.<\/strong><\/p>\n<p>\t\t\t\t\t\t\t\t\t\t<img decoding=\"async\" src=\"https:\/\/brasil61.com\/api\/v1\/serve_pixel\/22254\/86951\" alt=\"Pixel Brasil 61\" class=\"b61_pixel\" width=\"0\" height=\"0\"><\/p>\n<div class=\"br61_backlink\">\n<p>\n\t\t\t\tFonte: <a href=\"https:\/\/brasil61.com\/assistencia-farmaceutica-municipios-receberao-r-1-78-bilhao-para-medicamentos-em-2026-bras2615539\" title=\"Artigo Original: Assist\u00eancia Farmac\u00eautica: munic\u00edpios receber\u00e3o R$ 1,78 bilh\u00e3o para medicamentos em 2026\" target=\"_blank\" rel=\"noopener\">Brasil 61<\/a>\n\t\t\t<\/p>\n<\/p><\/div>\n<input type=\"hidden\" id=\"baseurl\" value=\"https:\/\/noticiasregionais.com.br\"><input type=\"hidden\" id=\"audio_nonce\" value=\"5c13e0637f\">","protected":false},"excerpt":{"rendered":"<p>Portaria detalha valores que ser\u00e3o repassados mensalmente para as cidades planejarem a compra de medicamentos e insumos b\u00e1sicos<\/p>\n","protected":false},"author":1,"featured_media":12305,"comment_status":"","ping_status":"open","sticky":false,"template":"","format":"standard","meta":{"sfsi_plus_gutenberg_text_before_share":"","sfsi_plus_gutenberg_show_text_before_share":"","sfsi_plus_gutenberg_icon_type":"","sfsi_plus_gutenberg_icon_alignemt":"","sfsi_plus_gutenburg_max_per_row":"","footnotes":""},"categories":[8],"tags":[],"class_list":["post-12304","post","type-post","status-publish","format-standard","has-post-thumbnail","hentry","category-brasil"],"_links":{"self":[{"href":"https:\/\/noticiasregionais.com.br\/index.php?rest_route=\/wp\/v2\/posts\/12304","targetHints":{"allow":["GET"]}}],"collection":[{"href":"https:\/\/noticiasregionais.com.br\/index.php?rest_route=\/wp\/v2\/posts"}],"about":[{"href":"https:\/\/noticiasregionais.com.br\/index.php?rest_route=\/wp\/v2\/types\/post"}],"author":[{"embeddable":true,"href":"https:\/\/noticiasregionais.com.br\/index.php?rest_route=\/wp\/v2\/users\/1"}],"replies":[{"embeddable":true,"href":"https:\/\/noticiasregionais.com.br\/index.php?rest_route=%2Fwp%2Fv2%2Fcomments&post=12304"}],"version-history":[{"count":0,"href":"https:\/\/noticiasregionais.com.br\/index.php?rest_route=\/wp\/v2\/posts\/12304\/revisions"}],"wp:featuredmedia":[{"embeddable":true,"href":"https:\/\/noticiasregionais.com.br\/index.php?rest_route=\/wp\/v2\/media\/12305"}],"wp:attachment":[{"href":"https:\/\/noticiasregionais.com.br\/index.php?rest_route=%2Fwp%2Fv2%2Fmedia&parent=12304"}],"wp:term":[{"taxonomy":"category","embeddable":true,"href":"https:\/\/noticiasregionais.com.br\/index.php?rest_route=%2Fwp%2Fv2%2Fcategories&post=12304"},{"taxonomy":"post_tag","embeddable":true,"href":"https:\/\/noticiasregionais.com.br\/index.php?rest_route=%2Fwp%2Fv2%2Ftags&post=12304"}],"curies":[{"name":"wp","href":"https:\/\/api.w.org\/{rel}","templated":true}]}}