{"id":12306,"date":"2026-01-18T04:30:00","date_gmt":"2026-01-18T07:30:00","guid":{"rendered":"https:\/\/noticiasregionais.com.br\/?p=12306"},"modified":"2026-01-18T04:30:00","modified_gmt":"2026-01-18T07:30:00","slug":"entrada-de-migrantes-pela-fronteira-brasil-venezuela-cai-pela-metade","status":"publish","type":"post","link":"https:\/\/noticiasregionais.com.br\/?p=12306","title":{"rendered":"Entrada de migrantes pela fronteira Brasil-Venezuela cai pela metade"},"content":{"rendered":"<p>\t\t\t\t\t\t\t\t\t\t\t<audio controls class=\"b61_audio_player\" data-noticia=\"87129\" src=\"https:\/\/brasil61.com\/rails\/active_storage\/blobs\/eyJfcmFpbHMiOnsibWVzc2FnZSI6IkJBaHBBeFRqQXc9PSIsImV4cCI6bnVsbCwicHVyIjoiYmxvYl9pZCJ9fQ==--ccbf9c2f4ecb9fafe8e4a519dfa0179618cf0e0b\/BRAS2615596A\"><\/audio><\/p>\n<p><strong>O fluxo de migrantes e refugiados na fronteira entre o Brasil e a Venezuela, em Roraima, caiu pela metade no in\u00edcio de 2026<\/strong>. Nos primeiros 13 dias do ano, a redu\u00e7\u00e3o foi superior a 50% em rela\u00e7\u00e3o ao mesmo per\u00edodo dos anos anteriores, segundo dados da <a href=\"https:\/\/www.gov.br\/mds\/pt-br\/acoes-e-programas\/operacao-acolhida\" target=\"_blank\" rel=\"noopener\">Opera\u00e7\u00e3o Acolhida<\/a>, coordenada pelo <a href=\"https:\/\/www.gov.br\/mds\/pt-br\" target=\"_blank\" rel=\"noopener\">Minist\u00e9rio do Desenvolvimento e Assist\u00eancia Social, Fam\u00edlia e Combate \u00e0 Fome (MDS)<\/a>.<\/p>\n<p>De acordo com o monitoramento, 1.014 venezuelanos entraram no Brasil por Pacaraima neste come\u00e7o de ano. Em 2025, no mesmo intervalo, foram registradas 2.121 entradas. J\u00e1 em 2024, o n\u00famero chegou a 2.161.<\/p>\n<p>Apesar dos conflitos pol\u00edticos na Venezuela, o governo federal afirma que, at\u00e9 o momento, <strong>n\u00e3o foi necess\u00e1rio intensificar as a\u00e7\u00f5es da Opera\u00e7\u00e3o Acolhida<\/strong>. Na \u00faltima quarta-feira (14), o <strong>ministro Wellington Dias <\/strong>visitou o posto de acolhimento de migrantes em Roraima e <strong>garantiu que o Brasil segue atento \u00e0 situa\u00e7\u00e3o no pa\u00eds vizinh<\/strong>o.<\/p>\n<p>Segundo o MDS, h\u00e1 um plano estrat\u00e9gico preparado para eventual aumento do fluxo migrat\u00f3rio, que envolve \u00e1reas como <strong>sa\u00fade, abrigo, seguran\u00e7a e prote\u00e7\u00e3o social b\u00e1sica e especial<\/strong>, em articula\u00e7\u00e3o com<strong> estados e munic\u00edpios<\/strong>. Em Boa Vista, <strong>est\u00e3o dispon\u00edveis cerca de 30% das vagas nos tr\u00eas abrigos ind\u00edgenas<\/strong>. Nos <strong>abrigos para n\u00e3o ind\u00edgenas<\/strong>, a taxa chega a quase <strong>38%<\/strong>, enquanto em <strong>Pacaraima alcan\u00e7a 65%<\/strong>.<\/p>\n<p>O titular do MDS destaca a pol\u00edtica de acolhimento e interioriza\u00e7\u00e3o adotada pelo pa\u00eds. \u201cPara voc\u00ea ter uma ideia, foram cerca de 150 mil imigrantes que por aqui passaram e foram interiorizados. Como garantir que a gente possa dar passos, com programas aqui do governo do estado, voltados para o emprego e o empreendedorismo, ressalta Wellington Dias.<\/p>\n<h2>Retorno ao pa\u00eds de origem<\/h2>\n<p><strong>A comunidade venezuelana no Brasil manifesta desejo de retornar ao pa\u00eds de origem futuramente<\/strong>, diante da expectativa de mudan\u00e7as ap\u00f3s a captura do presidente Nicol\u00e1s Maduro, em 3 de janeiro. Em entrevista ao <a href=\"https:\/\/brasil61.com\/\" target=\"_blank\" rel=\"noopener\">Brasil 61<\/a>, o diretor de rela\u00e7\u00f5es institucionais da <a href=\"https:\/\/www.casavenezuelabr.com.br\/\" target=\"_blank\" rel=\"noopener\">Casa Venezuela<\/a>,<strong> Tom\u00e1s Alejandro Guzm\u00e1n<\/strong>, afirma que <strong>muitos migrantes t\u00eam procurado a entidade para expressar esperan\u00e7a de transforma\u00e7\u00e3o pol\u00edtica e econ\u00f4mica no pa\u00eds natal<\/strong>.<\/p>\n<p>\u201cTodos os venezuelanos que sa\u00edram da Venezuela n\u00e3o sa\u00edram porque queriam, sa\u00edram porque j\u00e1 n\u00e3o tinham outra op\u00e7\u00e3o. E para todos os venezuelanos no exterior, o respons\u00e1vel era o Nicol\u00e1s Maduro\u201d, afirma. \u201cSe esse \u00e9 o come\u00e7o de uma transforma\u00e7\u00e3o, quando voc\u00ea come\u00e7ar a ver melhorias na economia, libera\u00e7\u00e3o de presos pol\u00edticos, o sal\u00e1rio m\u00ednimo deixar de ser 15 reais e passar a ser um n\u00famero consider\u00e1vel, <strong>as pessoas ter\u00e3o sim disposi\u00e7\u00e3o para voltar<\/strong>\u201d, explica.<\/p>\n<p>Segundo a professora de direito internacional no Instituto de Rela\u00e7\u00f5es Internacionais da Universidade de Bras\u00edlia (UnB), <strong>Carolina Claro<\/strong>, diante da incerteza pol\u00edtica, econ\u00f4mica e de seguran\u00e7a na Venezuela, <strong>ainda n\u00e3o h\u00e1 sinais concretos de um retorno de venezuelanos em larga escala<\/strong>.<\/p>\n<p>\u201c<strong>Precisamos considerar que o retorno ainda n\u00e3o \u00e9 seguro<\/strong>, diante dos fatos acontecidos; <strong>a situa\u00e7\u00e3o ainda \u00e9 bastante inst\u00e1vel, pol\u00edtica, social, institucional e economicamente<\/strong>. Pode haver, sim, retornos pontuais, mas <strong>o retorno s\u00f3 deve ocorrer quando o pa\u00eds se reestabelecer<\/strong> e essas pessoas encontrarem seguran\u00e7a f\u00edsica e jur\u00eddica, em rela\u00e7\u00e3o \u00e0s institui\u00e7\u00f5es, e [oportunidades de] mercado de trabalho\u201d, explica.<\/p>\n<p>Apesar das avalia\u00e7\u00f5es de que o retorno ainda n\u00e3o \u00e9 seguro, Tom\u00e1s Guzm\u00e1n afirma que n\u00e3o recebeu, at\u00e9 o momento, relatos de medo ou apreens\u00e3o entre os venezuelanos atendidos pela Casa Venezuela no Brasil em rela\u00e7\u00e3o aos acontecimentos recentes.<\/p>\n<p><img decoding=\"async\" style=\"width:100%\" alt=\"Migrantes atendidos pela Casa Venezuela - Foto: Casa Venezuela\/Divulga\u00e7\u00e3o\" src=\"\/\/s3-sa-east-1.amazonaws.com\/agencia-radio-arb\/6623\/content_casa.jpg\" title=\"Migrantes atendidos pela Casa Venezuela - Foto: Casa Venezuela\/Divulga\u00e7\u00e3o\" \/><\/p>\n<h2>Venezuelanos no Brasil<\/h2>\n<p>Dados da Pol\u00edcia Federal indicam que, entre 2018 e dezembro de 2025, cerca de <strong>1,4 milh\u00e3o de venezuelanos migraram para o Brasil<\/strong>. Desse total, aproximadamente 654 mil deixaram o pa\u00eds posteriormente, enquanto <strong>cerca de 743 mil permanecem em territ\u00f3rio brasileiro<\/strong>.<\/p>\n<p>Segundo Guzm\u00e1n, <strong>muitos j\u00e1 est\u00e3o estabelecidos e n\u00e3o pretendem retornar definitivamente<\/strong>, embora mantenham la\u00e7os com familiares na Venezuela.\u00a0<\/p>\n<p>\u201cEssas pessoas que est\u00e3o estabelecidas no Brasil, que hoje t\u00eam que mandar remessas [de dinheiro] para os seus familiares que est\u00e3o l\u00e1, estariam muito mais felizes se seus familiares n\u00e3o tivessem a necessidade de esperar dinheiro para poder comprar um alimento. Ent\u00e3o, saber que sua fam\u00edlia na Venezuela est\u00e1 bem, te permite tamb\u00e9m estar bem no Brasil\u201d, destaca.<\/p>\n<h2>Opera\u00e7\u00e3o Acolhida<\/h2>\n<p>Criada pela <a href=\"https:\/\/www.planalto.gov.br\/ccivil_03\/_ato2015-2018\/2018\/Lei\/L13684.htm\" target=\"_blank\" rel=\"noopener\">Lei n\u00ba 13.684\/2018<\/a>, a <strong>Opera\u00e7\u00e3o Acolhida<\/strong> \u00e9 a principal resposta humanit\u00e1ria do governo federal ao fluxo de venezuelanos na fronteira e atua em tr\u00eas eixos:<\/p>\n<ul>\n<li><strong>Ordenamento da fronteira: <\/strong>organiza\u00e7\u00e3o da entrada de migrantes de forma segura e regular;<\/li>\n<li><strong>Abrigamento:<\/strong> oferta de acolhimento tempor\u00e1rio, alimenta\u00e7\u00e3o e itens essenciais;<\/li>\n<li><strong>Interioriza\u00e7\u00e3o e integra\u00e7\u00e3o socioecon\u00f4mica:<\/strong> realoca\u00e7\u00e3o volunt\u00e1ria para outros estados, com apoio para inser\u00e7\u00e3o no mercado de trabalho.<\/li>\n<\/ul>\n<p>Saiba mais no <a href=\"https:\/\/www.gov.br\/mds\/pt-br\/acoes-e-programas\/operacao-acolhida\" target=\"_blank\" rel=\"noopener\">portal do Minist\u00e9rio do Desenvolvimento e Assist\u00eancia Social, Fam\u00edlia e Combate \u00e0 Fome<\/a>.<\/p>\n<p><strong>VEJA MAIS:<\/strong><\/p>\n<ul>\n<li><a href=\"https:\/\/brasil61.com\/n\/fronteira-entre-brasil-e-venezuela-permanece-aberta-e-sob-monitoramento-bras2615493\" target=\"_blank\" rel=\"noopener\">Fronteira entre Brasil e Venezuela permanece aberta e sob monitoramento<\/a><\/li>\n<li><a href=\"https:\/\/brasil61.com\/n\/sao-paulo-e-disparado-o-estado-brasileiro-com-os-melhores-servicos-municipais-de-saneamento-bras2615586\" target=\"_blank\" rel=\"noopener\">S\u00e3o Paulo \u00e9 o estado brasileiro com melhores servi\u00e7os municipais de saneamento<\/a><\/li>\n<\/ul>\n<p>\t\t\t\t\t\t\t\t\t\t<img decoding=\"async\" src=\"https:\/\/brasil61.com\/api\/v1\/serve_pixel\/22254\/87129\" alt=\"Pixel Brasil 61\" class=\"b61_pixel\" width=\"0\" height=\"0\"><\/p>\n<div class=\"br61_backlink\">\n<p>\n\t\t\t\tFonte: <a href=\"https:\/\/brasil61.com\/entrada-de-migrantes-pela-fronteira-brasil-venezuela-cai-pela-metade-bras2615596\" title=\"Artigo Original: Entrada de migrantes pela fronteira Brasil-Venezuela cai pela metade\" target=\"_blank\" rel=\"noopener\">Brasil 61<\/a>\n\t\t\t<\/p>\n<\/p><\/div>\n<input type=\"hidden\" id=\"baseurl\" value=\"https:\/\/noticiasregionais.com.br\"><input type=\"hidden\" id=\"audio_nonce\" value=\"5c13e0637f\">","protected":false},"excerpt":{"rendered":"<p>Comunidade venezuelana no Brasil demonstra otimismo com o futuro e desejo de regressar ao pa\u00eds de origem<\/p>\n","protected":false},"author":1,"featured_media":12307,"comment_status":"","ping_status":"open","sticky":false,"template":"","format":"standard","meta":{"sfsi_plus_gutenberg_text_before_share":"","sfsi_plus_gutenberg_show_text_before_share":"","sfsi_plus_gutenberg_icon_type":"","sfsi_plus_gutenberg_icon_alignemt":"","sfsi_plus_gutenburg_max_per_row":"","footnotes":""},"categories":[8],"tags":[],"class_list":["post-12306","post","type-post","status-publish","format-standard","has-post-thumbnail","hentry","category-brasil"],"_links":{"self":[{"href":"https:\/\/noticiasregionais.com.br\/index.php?rest_route=\/wp\/v2\/posts\/12306","targetHints":{"allow":["GET"]}}],"collection":[{"href":"https:\/\/noticiasregionais.com.br\/index.php?rest_route=\/wp\/v2\/posts"}],"about":[{"href":"https:\/\/noticiasregionais.com.br\/index.php?rest_route=\/wp\/v2\/types\/post"}],"author":[{"embeddable":true,"href":"https:\/\/noticiasregionais.com.br\/index.php?rest_route=\/wp\/v2\/users\/1"}],"replies":[{"embeddable":true,"href":"https:\/\/noticiasregionais.com.br\/index.php?rest_route=%2Fwp%2Fv2%2Fcomments&post=12306"}],"version-history":[{"count":0,"href":"https:\/\/noticiasregionais.com.br\/index.php?rest_route=\/wp\/v2\/posts\/12306\/revisions"}],"wp:featuredmedia":[{"embeddable":true,"href":"https:\/\/noticiasregionais.com.br\/index.php?rest_route=\/wp\/v2\/media\/12307"}],"wp:attachment":[{"href":"https:\/\/noticiasregionais.com.br\/index.php?rest_route=%2Fwp%2Fv2%2Fmedia&parent=12306"}],"wp:term":[{"taxonomy":"category","embeddable":true,"href":"https:\/\/noticiasregionais.com.br\/index.php?rest_route=%2Fwp%2Fv2%2Fcategories&post=12306"},{"taxonomy":"post_tag","embeddable":true,"href":"https:\/\/noticiasregionais.com.br\/index.php?rest_route=%2Fwp%2Fv2%2Ftags&post=12306"}],"curies":[{"name":"wp","href":"https:\/\/api.w.org\/{rel}","templated":true}]}}