{"id":12308,"date":"2026-01-19T04:20:00","date_gmt":"2026-01-19T07:20:00","guid":{"rendered":"https:\/\/noticiasregionais.com.br\/?p=12308"},"modified":"2026-01-19T04:20:00","modified_gmt":"2026-01-19T07:20:00","slug":"populacao-em-situacao-de-rua-cresce-no-brasil-regiao-sudeste-concentra-61-do-total","status":"publish","type":"post","link":"https:\/\/noticiasregionais.com.br\/?p=12308","title":{"rendered":"Popula\u00e7\u00e3o em situa\u00e7\u00e3o de rua cresce no Brasil; Regi\u00e3o Sudeste concentra 61% do total"},"content":{"rendered":"<p>\t\t\t\t\t\t\t\t\t\t\t<audio controls class=\"b61_audio_player\" data-noticia=\"87131\" src=\"https:\/\/brasil61.com\/rails\/active_storage\/blobs\/eyJfcmFpbHMiOnsibWVzc2FnZSI6IkJBaHBBeFBqQXc9PSIsImV4cCI6bnVsbCwicHVyIjoiYmxvYl9pZCJ9fQ==--82411f96f1762f1d878903d75183482f3d20a882\/BRAS2615598A\"><\/audio><\/p>\n<p><strong>O n\u00famero de pessoas em situa\u00e7\u00e3o de rua segue em crescimento no Brasil<\/strong>. De acordo com levantamento do Observat\u00f3rio Brasileiro de Pol\u00edticas P\u00fablicas com a Popula\u00e7\u00e3o em Situa\u00e7\u00e3o de Rua (<a href=\"https:\/\/www.cnmp.mp.br\/portal\/institucional\/comissoes\/comissao-de-defesa-dos-direitos-fundamentais\/pessoas-em-situacao-de-rua\" target=\"_blank\" rel=\"noopener\">OBPopRua\/Polos-UFMG<\/a>), o pa\u00eds registrava <strong>365.822 pessoas nessa condi\u00e7\u00e3o no final de 2025<\/strong>, contra 327.925 em dezembro de 2024.<\/p>\n<p>Os <strong>dados foram obtidos a partir do Cadastro \u00danico<\/strong> para Programas Sociais (<a href=\"https:\/\/cadunico.dataprev.gov.br\/portal\/\" target=\"_blank\" rel=\"noopener\">Cad\u00danico<\/a>), que re\u00fane benefici\u00e1rios de pol\u00edticas sociais, como o Bolsa Fam\u00edlia, e serve de refer\u00eancia para repasses do governo federal aos munic\u00edpios.<\/p>\n<p>Entre 2020 e 2021, durante a pandemia de <a href=\"https:\/\/www.gov.br\/saude\/pt-br\/assuntos\/saude-de-a-a-z\/c\/covid-19\" target=\"_blank\" rel=\"noopener\">covid-19<\/a>, houve queda no n\u00famero de pessoas em situa\u00e7\u00e3o de rua, que passou de 194.824 para 158.191. <strong>A partir de 2022, o \u00edndice voltou a subir e desde ent\u00e3o o crescimento se mant\u00e9m constante<\/strong>.\u00a0<\/p>\n<h2>Concentra\u00e7\u00e3o por estados e regi\u00f5es<\/h2>\n<p><strong>A maior concentra\u00e7\u00e3o dessa popula\u00e7\u00e3o est\u00e1 na Regi\u00e3o Sudeste<\/strong>, que re\u00fane 222.311 pessoas, o equivalente a <strong>61% do total nacional<\/strong>. Em seguida aparece a <strong>Regi\u00e3o Nordeste<\/strong>, com 54.801 pessoas.\u00a0<\/p>\n<p>Entre os estados, <strong>S\u00e3o Paulo concentra o maior n\u00famero de pessoas em situa\u00e7\u00e3o de rua<\/strong>, com 150.958, seguido pelo Rio de Janeiro (33.656), e Minas Gerais (33.139). J\u00e1 o <strong>Amap\u00e1 apresenta o menor n\u00famero<\/strong>, com 292 pessoas.<\/p>\n<h2>Fatores<\/h2>\n<p>Segundo os pesquisadores do Observat\u00f3rio, <strong>quatro fatores<\/strong> explicam esse aumento:\u00a0<\/p>\n<ul>\n<li>fortalecimento do Cad\u00danico como principal registro da popula\u00e7\u00e3o em situa\u00e7\u00e3o de rua e porta de acesso \u00e0s pol\u00edticas p\u00fablicas sociais;\u00a0<\/li>\n<li>aus\u00eancia ou insufici\u00eancia de pol\u00edticas estruturantes voltadas para moradia, trabalho e educa\u00e7\u00e3o;<\/li>\n<li>precariza\u00e7\u00e3o das condi\u00e7\u00f5es de vida ap\u00f3s a pandemia; e\u00a0<\/li>\n<li>emerg\u00eancias clim\u00e1ticas e deslocamentos for\u00e7ados na Am\u00e9rica Latina.\u00a0<\/li>\n<\/ul>\n<p>Com informa\u00e7\u00f5es da\u00a0<a href=\"https:\/\/agenciabrasil.ebc.com.br\/direitos-humanos\/noticia\/2026-01\/estudo-aponta-mais-365-mil-pessoas-em-situacao-de-rua-no-brasil\" target=\"_blank\" rel=\"noopener\">Ag\u00eancia Brasil<\/a><\/p>\n<p>\t\t\t\t\t\t\t\t\t\t<img decoding=\"async\" src=\"https:\/\/brasil61.com\/api\/v1\/serve_pixel\/22254\/87131\" alt=\"Pixel Brasil 61\" class=\"b61_pixel\" width=\"0\" height=\"0\"><\/p>\n<div class=\"br61_backlink\">\n<p>\n\t\t\t\tFonte: <a href=\"https:\/\/brasil61.com\/populacao-em-situacao-de-rua-cresce-no-brasil-regiao-sudeste-concentra-61-do-total-bras2615598\" title=\"Artigo Original: Popula\u00e7\u00e3o em situa\u00e7\u00e3o de rua cresce no Brasil; Regi\u00e3o Sudeste concentra 61% do total\" target=\"_blank\" rel=\"noopener\">Brasil 61<\/a>\n\t\t\t<\/p>\n<\/p><\/div>\n<input type=\"hidden\" id=\"baseurl\" value=\"https:\/\/noticiasregionais.com.br\"><input type=\"hidden\" id=\"audio_nonce\" value=\"5c13e0637f\">","protected":false},"excerpt":{"rendered":"<p>Levantamento da UFMG revela avan\u00e7o cont\u00ednuo desde 2022 e aponta S\u00e3o Paulo como o estado com maior n\u00famero de pessoas nessa condi\u00e7\u00e3o<\/p>\n","protected":false},"author":1,"featured_media":12309,"comment_status":"","ping_status":"open","sticky":false,"template":"","format":"standard","meta":{"sfsi_plus_gutenberg_text_before_share":"","sfsi_plus_gutenberg_show_text_before_share":"","sfsi_plus_gutenberg_icon_type":"","sfsi_plus_gutenberg_icon_alignemt":"","sfsi_plus_gutenburg_max_per_row":"","footnotes":""},"categories":[8],"tags":[],"class_list":["post-12308","post","type-post","status-publish","format-standard","has-post-thumbnail","hentry","category-brasil"],"_links":{"self":[{"href":"https:\/\/noticiasregionais.com.br\/index.php?rest_route=\/wp\/v2\/posts\/12308","targetHints":{"allow":["GET"]}}],"collection":[{"href":"https:\/\/noticiasregionais.com.br\/index.php?rest_route=\/wp\/v2\/posts"}],"about":[{"href":"https:\/\/noticiasregionais.com.br\/index.php?rest_route=\/wp\/v2\/types\/post"}],"author":[{"embeddable":true,"href":"https:\/\/noticiasregionais.com.br\/index.php?rest_route=\/wp\/v2\/users\/1"}],"replies":[{"embeddable":true,"href":"https:\/\/noticiasregionais.com.br\/index.php?rest_route=%2Fwp%2Fv2%2Fcomments&post=12308"}],"version-history":[{"count":0,"href":"https:\/\/noticiasregionais.com.br\/index.php?rest_route=\/wp\/v2\/posts\/12308\/revisions"}],"wp:featuredmedia":[{"embeddable":true,"href":"https:\/\/noticiasregionais.com.br\/index.php?rest_route=\/wp\/v2\/media\/12309"}],"wp:attachment":[{"href":"https:\/\/noticiasregionais.com.br\/index.php?rest_route=%2Fwp%2Fv2%2Fmedia&parent=12308"}],"wp:term":[{"taxonomy":"category","embeddable":true,"href":"https:\/\/noticiasregionais.com.br\/index.php?rest_route=%2Fwp%2Fv2%2Fcategories&post=12308"},{"taxonomy":"post_tag","embeddable":true,"href":"https:\/\/noticiasregionais.com.br\/index.php?rest_route=%2Fwp%2Fv2%2Ftags&post=12308"}],"curies":[{"name":"wp","href":"https:\/\/api.w.org\/{rel}","templated":true}]}}