{"id":1231,"date":"2023-11-20T10:18:48","date_gmt":"2023-11-20T13:18:48","guid":{"rendered":"https:\/\/noticiasregionais.com.br\/?p=1231"},"modified":"2023-11-20T11:04:12","modified_gmt":"2023-11-20T14:04:12","slug":"acidente-na-br-153-destroi-caminhao-e-deixa-uma-vitima-fatal-em-ocaucu","status":"publish","type":"post","link":"https:\/\/noticiasregionais.com.br\/?p=1231","title":{"rendered":"Acidente na BR-153 destroi caminh\u00e3o e deixa uma v\u00edtima fatal em Ocau\u00e7u"},"content":{"rendered":"\n<p>Um acidente na BR-153, Rodovia Transbrasiliana, no munic\u00edpio de Ocau\u00e7u, deixou uma v\u00edtima fatal na manh\u00e3 desta segunda-feira (20). O tombamento de um caminh\u00e3o resultou na morte do motorista, um homem de 40 anos.<\/p>\n\n\n\n<p>O acidente ocorreu por volta das 4h55, no km 271 da rodovia. O caminh\u00e3o tombou na pista, ficou completamente destruido e o motorista ficou preso \u00e0s ferragens.<\/p>\n\n\n\n<p>Equipes do Corpo de Bombeiros foram acionadas e trabalharam por cerca de uma hora para desencarcerar a v\u00edtima. O motorista n\u00e3o resistiu aos ferimentos e morreu no local, tendo o corpo sido encaminhado para o Instituto M\u00e9dico Legal.<\/p>\n\n\n\n<p>A pista ficou interditada totalmente durante o trabalho dos bombeiros e tamb\u00e9m das 8h \u00e0s 8h20 para o destombamento do caminh\u00e3o.<\/p>\n\n\n\n<p>A Pol\u00edcia Rodovi\u00e1ria Federal (PRF) investiga as causas do acidente.<\/p>\n\n\n\n<p><strong>Recomenda\u00e7\u00f5es de seguran\u00e7a<\/strong><\/p>\n\n\n\n<p>A PRF alerta os motoristas para a import\u00e2ncia de redobrar a aten\u00e7\u00e3o ao trafegar por rodovias. \u00c9 preciso respeitar os limites de velocidade, manter a dist\u00e2ncia segura entre os ve\u00edculos e evitar ultrapassagens em locais proibidos.<\/p>\n\n\n\n<p>Ao se envolver em um acidente, \u00e9 importante manter a calma e ligar imediatamente para o servi\u00e7o de emerg\u00eancia.<\/p>\n<input type=\"hidden\" id=\"baseurl\" value=\"https:\/\/noticiasregionais.com.br\"><input type=\"hidden\" id=\"audio_nonce\" value=\"533fbb67b1\">","protected":false},"excerpt":{"rendered":"<p>Um acidente na BR-153, Rodovia Transbrasiliana, no munic\u00edpio de Ocau\u00e7u, deixou uma v\u00edtima fatal na manh\u00e3 desta segunda-feira (20). O&hellip;<\/p>\n","protected":false},"author":1,"featured_media":1232,"comment_status":"closed","ping_status":"open","sticky":false,"template":"","format":"standard","meta":{"sfsi_plus_gutenberg_text_before_share":"","sfsi_plus_gutenberg_show_text_before_share":"","sfsi_plus_gutenberg_icon_type":"","sfsi_plus_gutenberg_icon_alignemt":"","sfsi_plus_gutenburg_max_per_row":"","footnotes":""},"categories":[6,10,1],"tags":[],"class_list":["post-1231","post","type-post","status-publish","format-standard","has-post-thumbnail","hentry","category-sao_paulo","category-destaques","category-noticias"],"_links":{"self":[{"href":"https:\/\/noticiasregionais.com.br\/index.php?rest_route=\/wp\/v2\/posts\/1231","targetHints":{"allow":["GET"]}}],"collection":[{"href":"https:\/\/noticiasregionais.com.br\/index.php?rest_route=\/wp\/v2\/posts"}],"about":[{"href":"https:\/\/noticiasregionais.com.br\/index.php?rest_route=\/wp\/v2\/types\/post"}],"author":[{"embeddable":true,"href":"https:\/\/noticiasregionais.com.br\/index.php?rest_route=\/wp\/v2\/users\/1"}],"replies":[{"embeddable":true,"href":"https:\/\/noticiasregionais.com.br\/index.php?rest_route=%2Fwp%2Fv2%2Fcomments&post=1231"}],"version-history":[{"count":2,"href":"https:\/\/noticiasregionais.com.br\/index.php?rest_route=\/wp\/v2\/posts\/1231\/revisions"}],"predecessor-version":[{"id":1235,"href":"https:\/\/noticiasregionais.com.br\/index.php?rest_route=\/wp\/v2\/posts\/1231\/revisions\/1235"}],"wp:featuredmedia":[{"embeddable":true,"href":"https:\/\/noticiasregionais.com.br\/index.php?rest_route=\/wp\/v2\/media\/1232"}],"wp:attachment":[{"href":"https:\/\/noticiasregionais.com.br\/index.php?rest_route=%2Fwp%2Fv2%2Fmedia&parent=1231"}],"wp:term":[{"taxonomy":"category","embeddable":true,"href":"https:\/\/noticiasregionais.com.br\/index.php?rest_route=%2Fwp%2Fv2%2Fcategories&post=1231"},{"taxonomy":"post_tag","embeddable":true,"href":"https:\/\/noticiasregionais.com.br\/index.php?rest_route=%2Fwp%2Fv2%2Ftags&post=1231"}],"curies":[{"name":"wp","href":"https:\/\/api.w.org\/{rel}","templated":true}]}}