{"id":12310,"date":"2026-01-19T04:25:00","date_gmt":"2026-01-19T07:25:00","guid":{"rendered":"https:\/\/noticiasregionais.com.br\/?p=12310"},"modified":"2026-01-19T04:25:00","modified_gmt":"2026-01-19T07:25:00","slug":"bolsa-familia-2026-municipios-devem-seguir-calendario-de-condicionalidades-para-garantir-recursos","status":"publish","type":"post","link":"https:\/\/noticiasregionais.com.br\/?p=12310","title":{"rendered":"Bolsa Fam\u00edlia 2026: munic\u00edpios devem seguir calend\u00e1rio de condicionalidades para garantir recursos"},"content":{"rendered":"<p>\t\t\t\t\t\t\t\t\t\t\t<audio controls class=\"b61_audio_player\" data-noticia=\"87130\" src=\"https:\/\/brasil61.com\/rails\/active_storage\/blobs\/eyJfcmFpbHMiOnsibWVzc2FnZSI6IkJBaHBBd25qQXc9PSIsImV4cCI6bnVsbCwicHVyIjoiYmxvYl9pZCJ9fQ==--e245a66797287f3c7c4bb7e3c5a3a679323dbf96\/BRAS2615597A\"><\/audio><\/p>\n<p>O <a href=\"https:\/\/www.gov.br\/mds\/pt-br\" target=\"_blank\" rel=\"noopener\">Minist\u00e9rio do Desenvolvimento e Assist\u00eancia Social, Fam\u00edlia e Combate \u00e0 Fome (MDS) <\/a>divulgou o cronograma de acompanhamento das condicionalidades do Programa Bolsa Fam\u00edlia (PBF) para o exerc\u00edcio de 2026. A medida foi publicada por meio da <a href=\"https:\/\/in.gov.br\/web\/dou\/-\/instrucao-normativa-n-50\/senarc\/mds-de-26-de-dezembro-de-2025-678129445\" target=\"_blank\" rel=\"noopener\">Resolu\u00e7\u00e3o Instru\u00e7\u00e3o Normativa Conjunta SENARC\/MDS 50\/2025<\/a> e estabelece <strong>prazos para que as prefeituras monitorem o acesso de benefici\u00e1rios aos servi\u00e7os de sa\u00fade e educa\u00e7\u00e3o.\u00a0<\/strong><\/p>\n<p>A <a href=\"https:\/\/cnm.org.br\/\" target=\"_blank\" rel=\"noopener\">Confedera\u00e7\u00e3o Nacional de Munic\u00edpios (CNM)<\/a> <strong>alerta que o preenchimento correto dos dados nos sistemas federais \u00e9 determinante para o or\u00e7amento local, j\u00e1 que essas informa\u00e7\u00f5es impactam no repasse de recursos da Uni\u00e3o aos munic\u00edpios. <\/strong>Os r<strong>epasses s\u00e3o destinados \u00e0 operacionaliza\u00e7\u00e3o da gest\u00e3o do Cadastro \u00danico.<\/strong><\/p>\n<p>Conforme a CNM, o<strong> registro incorreto ou a aus\u00eancia de informa\u00e7\u00f5es pode gerar repercuss\u00f5es no benef\u00edcio das fam\u00edlias e respectivos membros. <\/strong>Desde que os motivos informados n\u00e3o estejam enquadrados nas exce\u00e7\u00f5es previstas no <a href=\"https:\/\/www.planalto.gov.br\/ccivil_03\/_ato2023-2026\/2024\/decreto\/D12064.htm\" target=\"_blank\" rel=\"noopener\">Decreto 12.064\/2024<\/a>, que regulamenta o Bolsa Fam\u00edlia \u2013 podendo resultar em <strong>suspens\u00e3o ou cancelamento do benef\u00edcio.<\/strong><\/p>\n<h2>Cronograma<\/h2>\n<p>Pela resolu\u00e7\u00e3o, o calend\u00e1rio de acompanhamento das condicionalidades de sa\u00fade para exerc\u00edcio 2026 na 1\u00aa vig\u00eancia \u2013 de janeiro a junho \u2013 come\u00e7ou dia 1\u00b0 de janeiro e vai at\u00e9 30 de junho. J\u00e1 a 2\u00aa vig\u00eancia \u2013 de julho a dezembro \u2013 vai do dia 1\u00b0 de julho at\u00e9 31 de dezembro.<\/p>\n<p>Em rela\u00e7\u00e3o \u00e0 educa\u00e7\u00e3o, o per\u00edodo de acompanhamento come\u00e7a em fevereiro e encerra em dezembro, seguindo datas espec\u00edficas estabelecidas na resolu\u00e7\u00e3o.<\/p>\n<p>A CNM refor\u00e7ou, em nota, que todas as informa\u00e7\u00f5es registradas nos sistemas de sa\u00fade e educa\u00e7\u00e3o s\u00e3o integradas ao Sistema de Condicionalidades (Sicon) \u2013 vinculado ao Sistema de Gest\u00e3o do Programa Bolsa Fam\u00edlia (SIGPBF). Para a entidade,<strong> \u00e9 fundamental que os gestores municipais fiquem atentos quanto \u00e0 qualidade, consist\u00eancia e cumprimento dos prazos de registro.<\/strong><\/p>\n<h2>Gest\u00e3o de condicionalidades e do Cad\u00danico<\/h2>\n<p><strong>A atividade de gest\u00e3o de condicionalidades \u00e9 formada pelo conjunto de processos e etapas necess\u00e1rias para monitorar o acesso das fam\u00edlias benefici\u00e1rias aos servi\u00e7os de sa\u00fade e educa\u00e7\u00e3o. A iniciativa tem como objetivo assegurar o cumprimento e a garantia de direitos b\u00e1sicos, especialmente de crian\u00e7as, adolescentes, mulheres e gestantes.<\/strong><\/p>\n<p>A entidade destacou, em nota, que os munic\u00edpios gastam mais do que recebem de incentivo federal para manter as a\u00e7\u00f5es de gest\u00e3o do Cadastro \u00danico e Programa Bolsa Fam\u00edlia. Segundo a CNM, hoje as cidades recebem R$ 3,25 do governo federal por cadastro do \u00cdndice de Gest\u00e3o Descentralizada (IGD-PBF) \u2013 sendo o mesmo valor pago desde 2015. Para a Confedera\u00e7\u00e3o, a defasagem do IGD-PBF representa um retrocesso para a manuten\u00e7\u00e3o do Bolsa Fam\u00edlia.<\/p>\n<p>\t\t\t\t\t\t\t\t\t\t<img decoding=\"async\" src=\"https:\/\/brasil61.com\/api\/v1\/serve_pixel\/22254\/87130\" alt=\"Pixel Brasil 61\" class=\"b61_pixel\" width=\"0\" height=\"0\"><\/p>\n<div class=\"br61_backlink\">\n<p>\n\t\t\t\tFonte: <a href=\"https:\/\/brasil61.com\/bolsa-familia-2026-municipios-devem-seguir-calendario-de-condicionalidades-para-garantir-recursos-bras2615597\" title=\"Artigo Original: Bolsa Fam\u00edlia 2026: munic\u00edpios devem seguir calend\u00e1rio de condicionalidades para garantir recursos\" target=\"_blank\" rel=\"noopener\">Brasil 61<\/a>\n\t\t\t<\/p>\n<\/p><\/div>\n<input type=\"hidden\" id=\"baseurl\" value=\"https:\/\/noticiasregionais.com.br\"><input type=\"hidden\" id=\"audio_nonce\" value=\"5c13e0637f\">","protected":false},"excerpt":{"rendered":"<p>Confedera\u00e7\u00e3o Nacional de Munic\u00edpios (CNM) alerta que o preenchimento correto dos dados nos sistemas federais \u00e9 crucial para o repasse da Uni\u00e3o para o or\u00e7amento local<\/p>\n","protected":false},"author":1,"featured_media":12311,"comment_status":"","ping_status":"open","sticky":false,"template":"","format":"standard","meta":{"sfsi_plus_gutenberg_text_before_share":"","sfsi_plus_gutenberg_show_text_before_share":"","sfsi_plus_gutenberg_icon_type":"","sfsi_plus_gutenberg_icon_alignemt":"","sfsi_plus_gutenburg_max_per_row":"","footnotes":""},"categories":[8],"tags":[],"class_list":["post-12310","post","type-post","status-publish","format-standard","has-post-thumbnail","hentry","category-brasil"],"_links":{"self":[{"href":"https:\/\/noticiasregionais.com.br\/index.php?rest_route=\/wp\/v2\/posts\/12310","targetHints":{"allow":["GET"]}}],"collection":[{"href":"https:\/\/noticiasregionais.com.br\/index.php?rest_route=\/wp\/v2\/posts"}],"about":[{"href":"https:\/\/noticiasregionais.com.br\/index.php?rest_route=\/wp\/v2\/types\/post"}],"author":[{"embeddable":true,"href":"https:\/\/noticiasregionais.com.br\/index.php?rest_route=\/wp\/v2\/users\/1"}],"replies":[{"embeddable":true,"href":"https:\/\/noticiasregionais.com.br\/index.php?rest_route=%2Fwp%2Fv2%2Fcomments&post=12310"}],"version-history":[{"count":0,"href":"https:\/\/noticiasregionais.com.br\/index.php?rest_route=\/wp\/v2\/posts\/12310\/revisions"}],"wp:featuredmedia":[{"embeddable":true,"href":"https:\/\/noticiasregionais.com.br\/index.php?rest_route=\/wp\/v2\/media\/12311"}],"wp:attachment":[{"href":"https:\/\/noticiasregionais.com.br\/index.php?rest_route=%2Fwp%2Fv2%2Fmedia&parent=12310"}],"wp:term":[{"taxonomy":"category","embeddable":true,"href":"https:\/\/noticiasregionais.com.br\/index.php?rest_route=%2Fwp%2Fv2%2Fcategories&post=12310"},{"taxonomy":"post_tag","embeddable":true,"href":"https:\/\/noticiasregionais.com.br\/index.php?rest_route=%2Fwp%2Fv2%2Ftags&post=12310"}],"curies":[{"name":"wp","href":"https:\/\/api.w.org\/{rel}","templated":true}]}}