{"id":12312,"date":"2026-01-19T04:00:00","date_gmt":"2026-01-19T07:00:00","guid":{"rendered":"https:\/\/noticiasregionais.com.br\/?p=12312"},"modified":"2026-01-19T04:00:00","modified_gmt":"2026-01-19T07:00:00","slug":"boi-gordo-hoje-confira-as-cotacoes-para-esta-segunda-feira-19","status":"publish","type":"post","link":"https:\/\/noticiasregionais.com.br\/?p=12312","title":{"rendered":"Boi gordo hoje: confira as cota\u00e7\u00f5es para esta\u00a0segunda-feira (19)"},"content":{"rendered":"<p>\t\t\t\t\t\t\t\t\t\t\t<audio controls class=\"b61_audio_player\" data-noticia=\"87126\" src=\"https:\/\/brasil61.com\/rails\/active_storage\/blobs\/eyJfcmFpbHMiOnsibWVzc2FnZSI6IkJBaHBBeWZqQXc9PSIsImV4cCI6bnVsbCwicHVyIjoiYmxvYl9pZCJ9fQ==--c430ce9a0b9a914719ab9f848d6a4ea6b76a955a\/PAGR266047A\"><\/audio><\/p>\n<p>O pre\u00e7o do <strong>boi gordo<\/strong> abre esta <strong>segunda-feira (19)<\/strong> em\u00a0<strong>alta<\/strong> de<strong> 0,06%.\u00a0<\/strong>A arroba \u00e9 negociada a<strong> R$ 318,05<\/strong>, no estado de S\u00e3o Paulo.<\/p>\n<p><strong>INDICADOR DO BOI GORDO CEPEA\/ESALQ<\/strong><\/p>\n<\/p>\n<\/p>\n<\/p>\n<\/p>\n<\/p>\n<\/p>\n<\/p>\n<\/p>\n<\/p>\n<\/p>\n<\/p>\n<table id=\"imagenet-indicador1\">\n<thead>\n<tr>\n<th>DATA<\/th>\n<th>VALOR R$*<\/th>\n<th>VAR.\/DIA<\/th>\n<th>VAR.\/M\u00caS<\/th>\n<th>VALOR US$*<\/th>\n<\/tr>\n<\/thead>\n<tbody>\n<tr>\n<td>16\/01\/2026<\/td>\n<td>318,05<\/td>\n<td>0,06%<\/td>\n<td>-0,36%<\/td>\n<td>59,21<\/td>\n<\/tr>\n<tr>\n<td>15\/01\/2026<\/td>\n<td>317,85<\/td>\n<td>-0,22%<\/td>\n<td>-0,42%<\/td>\n<td>59,28<\/td>\n<\/tr>\n<tr>\n<td>14\/01\/2026<\/td>\n<td>318,55<\/td>\n<td>-0,03%<\/td>\n<td>-0,20%<\/td>\n<td>59,00<\/td>\n<\/tr>\n<tr>\n<td>13\/01\/2026<\/td>\n<td>318,65<\/td>\n<td>-0,23%<\/td>\n<td>-0,17%<\/td>\n<td>59,23<\/td>\n<\/tr>\n<tr>\n<td>12\/01\/2026<\/td>\n<td>319,40<\/td>\n<td>0,00%<\/td>\n<td>0,06%<\/td>\n<td>59,51<\/td>\n<\/tr>\n<\/tbody>\n<\/table>\n<p>\u00a0<\/p>\n<h2>Pre\u00e7o do frango congelado e resfriado<\/h2>\n<p>Nos atacados da Grande S\u00e3o Paulo, S\u00e3o Jos\u00e9 do Rio Preto e Descalvado, os pre\u00e7os do <strong>frango congelado<\/strong>\u00a0apresentaram <b>desvaloriza\u00e7\u00e3o de 0,82%<\/b>, enquanto os do\u00a0<strong>frango resfriado apresentaram desvaloriza\u00e7\u00e3o de 0,94%.<\/strong>\u00a0A primeira mercadoria \u00e9 vendida a<strong> R$ 7,28<\/strong>, enquanto a segunda \u00e9 comercializada a <strong>R$ 7,34<\/strong>.<\/p>\n<p><strong>PRE\u00c7OS DO FRANGO CONGELADO CEPEA\/ESALQ &#8211; ESTADO SP\u00a0<\/strong><\/p>\n<\/p>\n<\/p>\n<\/p>\n<\/p>\n<\/p>\n<\/p>\n<\/p>\n<\/p>\n<\/p>\n<\/p>\n<\/p>\n<\/p>\n<table id=\"imagenet-indicador2\">\n<thead>\n<tr>\n<th>DATA<\/th>\n<th>VALOR R$<\/th>\n<th>VAR.\/DIA<\/th>\n<th>VAR.\/M\u00caS<\/th>\n<\/tr>\n<\/thead>\n<tbody>\n<tr>\n<td>16\/01\/2026<\/td>\n<td>7,34<\/td>\n<td>-0,94%<\/td>\n<td>-9,83%<\/td>\n<\/tr>\n<tr>\n<td>15\/01\/2026<\/td>\n<td>7,41<\/td>\n<td>0,00%<\/td>\n<td>-8,97%<\/td>\n<\/tr>\n<tr>\n<td>14\/01\/2026<\/td>\n<td>7,41<\/td>\n<td>-1,98%<\/td>\n<td>-8,97%<\/td>\n<\/tr>\n<tr>\n<td>13\/01\/2026<\/td>\n<td>7,56<\/td>\n<td>-0,66%<\/td>\n<td>-7,13%<\/td>\n<\/tr>\n<tr>\n<td>12\/01\/2026<\/td>\n<td>7,61<\/td>\n<td>0,93%<\/td>\n<td>-6,51%<\/td>\n<\/tr>\n<\/tbody>\n<\/table>\n<p>\u00a0<\/p>\n<p><strong>PRE\u00c7OS DO FRANGO RESFRIADO CEPEA\/ESALQ &#8211; ESTADO SP<\/strong><\/p>\n<\/p>\n<\/p>\n<\/p>\n<\/p>\n<\/p>\n<\/p>\n<\/p>\n<\/p>\n<\/p>\n<\/p>\n<table id=\"imagenet-indicador2\">\n<thead>\n<tr>\n<th>DATA<\/th>\n<th>VALOR R$<\/th>\n<th>VAR.\/DIA<\/th>\n<th>VAR.\/M\u00caS<\/th>\n<\/tr>\n<\/thead>\n<tbody>\n<tr>\n<td>15\/01\/2026<\/td>\n<td>7,41<\/td>\n<td>0,00%<\/td>\n<td>-8,97%<\/td>\n<\/tr>\n<tr>\n<td>14\/01\/2026<\/td>\n<td>7,41<\/td>\n<td>-1,98%<\/td>\n<td>-8,97%<\/td>\n<\/tr>\n<tr>\n<td>13\/01\/2026<\/td>\n<td>7,56<\/td>\n<td>-0,66%<\/td>\n<td>-7,13%<\/td>\n<\/tr>\n<tr>\n<td>12\/01\/2026<\/td>\n<td>7,61<\/td>\n<td>0,93%<\/td>\n<td>-6,51%<\/td>\n<\/tr>\n<tr>\n<td>09\/01\/2026<\/td>\n<td>7,54<\/td>\n<td>-1,95%<\/td>\n<td>-7,37%<\/td>\n<\/tr>\n<\/tbody>\n<\/table>\n<p>\u00a0<\/p>\n<h2>Pre\u00e7o da carca\u00e7a su\u00edna especial e do su\u00edno vivo<\/h2>\n<p>A <b>carca\u00e7a su\u00edna especial <\/b>tamb\u00e9m volta a apontar<b>\u00a0queda de 1,53%<\/b>\u00a0no pre\u00e7o<b>,<\/b>\u00a0sendo negociada a <b>R$ 12,26\u00a0<\/b>por quilo nos atacados da Grande S\u00e3o Paulo.<\/p>\n<p><strong>PRE\u00c7OS DA CARCA\u00c7A SU\u00cdNA ESPECIAL (R$\/kg)<\/strong><\/p>\n<\/p>\n<\/p>\n<\/p>\n<\/p>\n<\/p>\n<\/p>\n<\/p>\n<\/p>\n<\/p>\n<\/p>\n<\/p>\n<table id=\"imagenet-indicador3\">\n<thead>\n<tr>\n<th>DATA<\/th>\n<th>M\u00c9DIA<\/th>\n<th>VAR.\/DIA<\/th>\n<th>VAR.\/M\u00caS<\/th>\n<\/tr>\n<\/thead>\n<tbody>\n<tr>\n<td>16\/01\/2026<\/td>\n<td>12,26<\/td>\n<td>-1,53%<\/td>\n<td>-4,67%<\/td>\n<\/tr>\n<tr>\n<td>15\/01\/2026<\/td>\n<td>12,45<\/td>\n<td>0,00%<\/td>\n<td>-3,19%<\/td>\n<\/tr>\n<tr>\n<td>14\/01\/2026<\/td>\n<td>12,45<\/td>\n<td>-0,64%<\/td>\n<td>-3,19%<\/td>\n<\/tr>\n<tr>\n<td>13\/01\/2026<\/td>\n<td>12,53<\/td>\n<td>-0,71%<\/td>\n<td>-2,57%<\/td>\n<\/tr>\n<tr>\n<td>12\/01\/2026<\/td>\n<td>12,62<\/td>\n<td>-1,71%<\/td>\n<td>-1,87%<\/td>\n<\/tr>\n<\/tbody>\n<\/table>\n<p>\u00a0<\/p>\n<p>O pre\u00e7o do <strong>su\u00edno vivo<\/strong> registra <strong>queda de 1,09%<\/strong> em\u00a0<strong>Minas Gerais<\/strong>,<strong>\u00a0<\/strong>de\u00a0<strong>0,61%\u00a0<\/strong>no\u00a0<strong>Paran\u00e1<\/strong>, de <strong>1,96%<\/strong> no\u00a0<strong>Rio Grande do Sul<\/strong>, de <strong>1,25%<\/strong>\u00a0em <strong>Santa Catarina<\/strong>\u00a0e\u00a0<strong>de 1,94%<\/strong>\u00a0em\u00a0<strong>S\u00e3o<\/strong> <strong>Paulo<\/strong>. As mercadorias variam entre <strong>R$ 7,93<\/strong>\u00a0e <strong>R$ 8,59<\/strong>.<\/p>\n<p><strong>INDICADOR DO SU\u00cdNO VIVO CEPEA\/ESALQ (R$\/kg)\u00a0<\/strong><\/p>\n<\/p>\n<\/p>\n<\/p>\n<\/p>\n<\/p>\n<\/p>\n<\/p>\n<\/p>\n<\/p>\n<\/p>\n<\/p>\n<table id=\"imagenet-indicador2\">\n<thead>\n<tr>\n<th>DATA<\/th>\n<th>ESTADO<\/th>\n<th>VALOR R$*<\/th>\n<th>VAR.\/DIA<\/th>\n<th>VAR.\/M\u00caS<\/th>\n<\/tr>\n<\/thead>\n<tbody>\n<tr>\n<td>16\/01\/2026<\/td>\n<td>MG &#8211; posto<\/td>\n<td>8,16<\/td>\n<td>-1,09%<\/td>\n<td>-3,20%<\/td>\n<\/tr>\n<tr>\n<td>16\/01\/2026<\/td>\n<td>PR &#8211; a retirar<\/td>\n<td>8,11<\/td>\n<td>-0,61%<\/td>\n<td>-1,93%<\/td>\n<\/tr>\n<tr>\n<td>16\/01\/2026<\/td>\n<td>RS &#8211; a retirar<\/td>\n<td>8,00<\/td>\n<td>-1,96%<\/td>\n<td>-3,61%<\/td>\n<\/tr>\n<tr>\n<td>16\/01\/2026<\/td>\n<td>SC &#8211; a retirar<\/td>\n<td>7,93<\/td>\n<td>-1,25%<\/td>\n<td>-5,03%<\/td>\n<\/tr>\n<tr>\n<td>16\/01\/2026<\/td>\n<td>SP &#8211; posto<\/td>\n<td>8,59<\/td>\n<td>-1,94%<\/td>\n<td>-3,59%<\/td>\n<\/tr>\n<\/tbody>\n<\/table>\n<p>\u00a0<\/p>\n<p>Os valores s\u00e3o do <a href=\"http:\/\/www.cepea.org.br\" target=\"_blank\" rel=\"noopener\"><strong>Cepea<\/strong><\/a>.<\/p>\n<h2>O que \u00e9 o boi gordo? Entenda o termo do mercado bovino<\/h2>\n<p>O <strong>boi gordo \u00e9 o bovino macho pronto para o abate, com peso m\u00ednimo de 16 arrobas l\u00edquidas de carca\u00e7a (aproximadamente 240 kg) e at\u00e9 42 meses de idade<\/strong>. Atende aos padr\u00f5es do mercado nacional e internacional, incluindo exporta\u00e7\u00f5es para Europa, China e cota Hilton.<\/p>\n<h2>Diferen\u00e7as entre frango congelado e frango resfriado<\/h2>\n<p>O<strong> frango congelado passa por congelamento r\u00e1pido, com temperaturas abaixo de -12\u00b0C<\/strong>, garantindo maior vida \u00fatil para armazenamento e transporte a longas dist\u00e2ncias. J\u00e1 o<strong> frango resfriado \u00e9 mantido entre 0\u00b0C e 4\u00b0C, com validade de 5 a 7 dias<\/strong>, oferecendo textura e sabor mais pr\u00f3ximos do fresco, ideal para consumidores exigentes e restaurantes.<\/p>\n<p>\t\t\t\t\t\t\t\t\t\t<img decoding=\"async\" src=\"https:\/\/brasil61.com\/api\/v1\/serve_pixel\/22254\/87126\" alt=\"Pixel Brasil 61\" class=\"b61_pixel\" width=\"0\" height=\"0\"><\/p>\n<div class=\"br61_backlink\">\n<p>\n\t\t\t\tFonte: <a href=\"https:\/\/brasil61.com\/boi-gordo-hoje-confira-as-cotacoes-para-esta-segunda-feira-19-pagr266047\" title=\"Artigo Original: Boi gordo hoje: confira as cota\u00e7\u00f5es para esta\u00a0segunda-feira (19)\" target=\"_blank\" rel=\"noopener\">Brasil 61<\/a>\n\t\t\t<\/p>\n<\/p><\/div>\n<input type=\"hidden\" id=\"baseurl\" value=\"https:\/\/noticiasregionais.com.br\"><input type=\"hidden\" id=\"audio_nonce\" value=\"533fbb67b1\">","protected":false},"excerpt":{"rendered":"<p>O pre\u00e7o do su\u00edno vivo apresenta queda em todos os estados; o frango resfriado e o congelado seguem a tend\u00eancia<\/p>\n","protected":false},"author":1,"featured_media":12313,"comment_status":"","ping_status":"open","sticky":false,"template":"","format":"standard","meta":{"sfsi_plus_gutenberg_text_before_share":"","sfsi_plus_gutenberg_show_text_before_share":"","sfsi_plus_gutenberg_icon_type":"","sfsi_plus_gutenberg_icon_alignemt":"","sfsi_plus_gutenburg_max_per_row":"","footnotes":""},"categories":[8],"tags":[],"class_list":["post-12312","post","type-post","status-publish","format-standard","has-post-thumbnail","hentry","category-brasil"],"_links":{"self":[{"href":"https:\/\/noticiasregionais.com.br\/index.php?rest_route=\/wp\/v2\/posts\/12312","targetHints":{"allow":["GET"]}}],"collection":[{"href":"https:\/\/noticiasregionais.com.br\/index.php?rest_route=\/wp\/v2\/posts"}],"about":[{"href":"https:\/\/noticiasregionais.com.br\/index.php?rest_route=\/wp\/v2\/types\/post"}],"author":[{"embeddable":true,"href":"https:\/\/noticiasregionais.com.br\/index.php?rest_route=\/wp\/v2\/users\/1"}],"replies":[{"embeddable":true,"href":"https:\/\/noticiasregionais.com.br\/index.php?rest_route=%2Fwp%2Fv2%2Fcomments&post=12312"}],"version-history":[{"count":0,"href":"https:\/\/noticiasregionais.com.br\/index.php?rest_route=\/wp\/v2\/posts\/12312\/revisions"}],"wp:featuredmedia":[{"embeddable":true,"href":"https:\/\/noticiasregionais.com.br\/index.php?rest_route=\/wp\/v2\/media\/12313"}],"wp:attachment":[{"href":"https:\/\/noticiasregionais.com.br\/index.php?rest_route=%2Fwp%2Fv2%2Fmedia&parent=12312"}],"wp:term":[{"taxonomy":"category","embeddable":true,"href":"https:\/\/noticiasregionais.com.br\/index.php?rest_route=%2Fwp%2Fv2%2Fcategories&post=12312"},{"taxonomy":"post_tag","embeddable":true,"href":"https:\/\/noticiasregionais.com.br\/index.php?rest_route=%2Fwp%2Fv2%2Ftags&post=12312"}],"curies":[{"name":"wp","href":"https:\/\/api.w.org\/{rel}","templated":true}]}}