{"id":12316,"date":"2026-01-19T04:10:00","date_gmt":"2026-01-19T07:10:00","guid":{"rendered":"https:\/\/noticiasregionais.com.br\/?p=12316"},"modified":"2026-01-19T04:10:00","modified_gmt":"2026-01-19T07:10:00","slug":"soja-e-trigo-hoje-confira-as-cotacoes-para-esta-segunda-feira-19","status":"publish","type":"post","link":"https:\/\/noticiasregionais.com.br\/?p=12316","title":{"rendered":"Soja e trigo hoje: confira as cota\u00e7\u00f5es para esta\u00a0segunda-feira (19)"},"content":{"rendered":"<p>\t\t\t\t\t\t\t\t\t\t\t<audio controls class=\"b61_audio_player\" data-noticia=\"87128\" src=\"https:\/\/brasil61.com\/rails\/active_storage\/blobs\/eyJfcmFpbHMiOnsibWVzc2FnZSI6IkJBaHBBeVhqQXc9PSIsImV4cCI6bnVsbCwicHVyIjoiYmxvYl9pZCJ9fQ==--269dd82766cafa53127e54a99b4ed6f10a322c65\/PAGR266049A\"><\/audio><\/p>\n<p>O valor da saca de 60 kg da <strong>soja <\/strong>abre esta\u00a0<strong>segunda-feira (19)\u00a0<\/strong>em <b>alta\u00a0<\/b>no interior do Paran\u00e1 e em <b>baixa<\/b>\u00a0no litoral do estado, em Paranagu\u00e1.\u00a0<\/p>\n<p>Na primeira regi\u00e3o, o gr\u00e3o teve <strong>valoriza\u00e7\u00e3o de 0,18%<\/strong> e \u00e9 negociado a <strong>R$ 124,60<\/strong>; na segunda, a mercadoria teve <strong>desvaloriza\u00e7\u00e3o<\/strong> <strong>de 0,11%<\/strong> e \u00e9 cotada a <strong>R$ 131,45<\/strong>.<\/p>\n<p><strong>INDICADOR DA SOJA CEPEA\/ESALQ &#8211; PARAN\u00c1<\/strong><\/p>\n<\/p>\n<\/p>\n<\/p>\n<\/p>\n<\/p>\n<\/p>\n<\/p>\n<\/p>\n<\/p>\n<\/p>\n<\/p>\n<table id=\"imagenet-indicador2\">\n<thead>\n<tr>\n<th>DATA<\/th>\n<th>VALOR R$*<\/th>\n<th>VAR.\/DIA<\/th>\n<th>VAR.\/M\u00caS<\/th>\n<th>VALOR US$*<\/th>\n<\/tr>\n<\/thead>\n<tbody>\n<tr>\n<td>16\/01\/2026<\/td>\n<td>124,60<\/td>\n<td>0,18%<\/td>\n<td>-8,11%<\/td>\n<td>23,19<\/td>\n<\/tr>\n<tr>\n<td>15\/01\/2026<\/td>\n<td>124,38<\/td>\n<td>-0,05%<\/td>\n<td>-8,27%<\/td>\n<td>23,20<\/td>\n<\/tr>\n<tr>\n<td>14\/01\/2026<\/td>\n<td>124,44<\/td>\n<td>-0,40%<\/td>\n<td>-8,23%<\/td>\n<td>23,05<\/td>\n<\/tr>\n<tr>\n<td>13\/01\/2026<\/td>\n<td>124,94<\/td>\n<td>-1,71%<\/td>\n<td>-7,86%<\/td>\n<td>23,22<\/td>\n<\/tr>\n<tr>\n<td>12\/01\/2026<\/td>\n<td>127,12<\/td>\n<td>-1,45%<\/td>\n<td>-6,25%<\/td>\n<td>23,67<\/td>\n<\/tr>\n<\/tbody>\n<\/table>\n<p>\u00a0<\/p>\n<p><strong>INDICADOR DA SOJA CEPEA\/ESALQ &#8211; PARANAGU\u00c1<\/strong><\/p>\n<\/p>\n<\/p>\n<\/p>\n<\/p>\n<\/p>\n<\/p>\n<\/p>\n<\/p>\n<\/p>\n<\/p>\n<\/p>\n<table id=\"imagenet-indicador1\">\n<thead>\n<tr>\n<th>DATA<\/th>\n<th>VALOR R$*<\/th>\n<th>VAR.\/DIA<\/th>\n<th>VAR.\/M\u00caS<\/th>\n<th>VALOR US$*<\/th>\n<\/tr>\n<\/thead>\n<tbody>\n<tr>\n<td>16\/01\/2026<\/td>\n<td>131,45<\/td>\n<td>-0,11%<\/td>\n<td>-6,78%<\/td>\n<td>24,47<\/td>\n<\/tr>\n<tr>\n<td>15\/01\/2026<\/td>\n<td>131,60<\/td>\n<td>0,77%<\/td>\n<td>-6,67%<\/td>\n<td>24,54<\/td>\n<\/tr>\n<tr>\n<td>14\/01\/2026<\/td>\n<td>130,59<\/td>\n<td>-0,24%<\/td>\n<td>-7,39%<\/td>\n<td>24,19<\/td>\n<\/tr>\n<tr>\n<td>13\/01\/2026<\/td>\n<td>130,90<\/td>\n<td>-0,12%<\/td>\n<td>-7,17%<\/td>\n<td>24,33<\/td>\n<\/tr>\n<tr>\n<td>12\/01\/2026<\/td>\n<td>131,06<\/td>\n<td>-2,08%<\/td>\n<td>-7,06%<\/td>\n<td>24,41<\/td>\n<\/tr>\n<\/tbody>\n<\/table>\n<p>\u00a0<\/p>\n<h2>Trigo<\/h2>\n<p>O pre\u00e7o do <strong>trigo<\/strong>, por sua vez, registra <strong>desvaloriza\u00e7\u00e3o de 0,49% no Paran\u00e1 <\/strong>e <strong>de 0,84% no Rio Grande do Sul<\/strong>.<strong>\u00a0<\/strong>No primeiro estado, a tonelada\u00a0\u00e9 vendida a<strong> R$ 1.171,48<\/strong>, enquanto no segundo\u00a0\u00e9 comercializada a<strong> R$ 1.045,71<\/strong>.<\/p>\n<p><strong>PRE\u00c7O M\u00c9DIO DO TRIGO CEPEA\/ESALQ &#8211; PARAN\u00c1<\/strong><\/p>\n<\/p>\n<\/p>\n<\/p>\n<\/p>\n<\/p>\n<\/p>\n<\/p>\n<\/p>\n<\/p>\n<\/p>\n<\/p>\n<table id=\"imagenet-indicador1\">\n<thead>\n<tr>\n<th>DATA<\/th>\n<th>VALOR R$\/T*<\/th>\n<th>VAR.\/DIA<\/th>\n<th>VAR.\/M\u00caS<\/th>\n<th>VALOR US$\/T*<\/th>\n<\/tr>\n<\/thead>\n<tbody>\n<tr>\n<td>16\/01\/2026<\/td>\n<td>1.171,48<\/td>\n<td>-0,49%<\/td>\n<td>-0,91%<\/td>\n<td>218,07<\/td>\n<\/tr>\n<tr>\n<td>15\/01\/2026<\/td>\n<td>1.177,22<\/td>\n<td>-0,09%<\/td>\n<td>-0,42%<\/td>\n<td>219,55<\/td>\n<\/tr>\n<tr>\n<td>14\/01\/2026<\/td>\n<td>1.178,26<\/td>\n<td>0,00%<\/td>\n<td>-0,33%<\/td>\n<td>218,24<\/td>\n<\/tr>\n<tr>\n<td>13\/01\/2026<\/td>\n<td>1.178,25<\/td>\n<td>0,30%<\/td>\n<td>-0,33%<\/td>\n<td>219,01<\/td>\n<\/tr>\n<tr>\n<td>12\/01\/2026<\/td>\n<td>1.174,75<\/td>\n<td>-0,35%<\/td>\n<td>-0,63%<\/td>\n<td>218,76<\/td>\n<\/tr>\n<\/tbody>\n<\/table>\n<p><strong>PRE\u00c7O M\u00c9DIO DO TRIGO CEPEA\/ESALQ &#8211; RIO GRANDE DO SUL<\/strong><\/p>\n<\/p>\n<\/p>\n<\/p>\n<\/p>\n<\/p>\n<\/p>\n<\/p>\n<\/p>\n<\/p>\n<\/p>\n<\/p>\n<table id=\"imagenet-indicador2\">\n<thead>\n<tr>\n<th>DATA<\/th>\n<th>VALOR R$\/T*<\/th>\n<th>VAR.\/DIA<\/th>\n<th>VAR.\/M\u00caS<\/th>\n<th>VALOR US$\/T*<\/th>\n<\/tr>\n<\/thead>\n<tbody>\n<tr>\n<td>16\/01\/2026<\/td>\n<td>1.045,71<\/td>\n<td>-0,84%<\/td>\n<td>-0,03%<\/td>\n<td>194,66<\/td>\n<\/tr>\n<tr>\n<td>15\/01\/2026<\/td>\n<td>1.054,59<\/td>\n<td>0,00%<\/td>\n<td>0,82%<\/td>\n<td>196,68<\/td>\n<\/tr>\n<tr>\n<td>14\/01\/2026<\/td>\n<td>1.054,59<\/td>\n<td>0,05%<\/td>\n<td>0,82%<\/td>\n<td>195,33<\/td>\n<\/tr>\n<tr>\n<td>13\/01\/2026<\/td>\n<td>1.054,04<\/td>\n<td>0,35%<\/td>\n<td>0,77%<\/td>\n<td>195,92<\/td>\n<\/tr>\n<tr>\n<td>12\/01\/2026<\/td>\n<td>1.050,37<\/td>\n<td>0,09%<\/td>\n<td>0,42%<\/td>\n<td>195,60<\/td>\n<\/tr>\n<\/tbody>\n<\/table>\n<p>Os valores s\u00e3o do <a href=\"http:\/\/www.cepea.org.br\" target=\"_blank\" rel=\"noopener\">Cepea<\/a>.<\/p>\n<p>\u00a0<\/p>\n<h2>O que \u00e9 uma saca de soja ou de trigo? Entenda a unidade de medida no mercado de gr\u00e3os<\/h2>\n<p>A saca de soja e a saca de trigo s\u00e3o as principais unidades de comercializa\u00e7\u00e3o de gr\u00e3os no Brasil. Cada saca equivale a 60 quilos, padr\u00e3o adotado por \u00f3rg\u00e3os oficiais como a <strong>Companhia Nacional de Abastecimento (<a href=\"https:\/\/www.gov.br\/conab\/pt-br\" target=\"_blank\" rel=\"noopener\">Conab<\/a>)<\/strong>, o<strong> Minist\u00e9rio da Agricultura (<a href=\"http:\/\/www.gov.br\/agricultura\/pt-br\" target=\"_blank\" rel=\"noopener\">MAPA<\/a>)<\/strong> e o<strong> Centro de Estudos Avan\u00e7ados em Economia Aplicada (<a href=\"http:\/\/www.cepea.org.br\" target=\"_blank\" rel=\"noopener\">Cepea<\/a>)<\/strong>.<\/p>\n<p>Esse formato padronizado facilita o com\u00e9rcio da soja e do trigo, al\u00e9m de permitir um acompanhamento mais preciso das cota\u00e7\u00f5es e varia\u00e7\u00f5es de pre\u00e7os no mercado nacional.<\/p>\n<p>\t\t\t\t\t\t\t\t\t\t<img decoding=\"async\" src=\"https:\/\/brasil61.com\/api\/v1\/serve_pixel\/22254\/87128\" alt=\"Pixel Brasil 61\" class=\"b61_pixel\" width=\"0\" height=\"0\"><\/p>\n<div class=\"br61_backlink\">\n<p>\n\t\t\t\tFonte: <a href=\"https:\/\/brasil61.com\/soja-e-trigo-hoje-confira-as-cotacoes-para-esta-segunda-feira-19-pagr266049\" title=\"Artigo Original: Soja e trigo hoje: confira as cota\u00e7\u00f5es para esta\u00a0segunda-feira (19)\" target=\"_blank\" rel=\"noopener\">Brasil 61<\/a>\n\t\t\t<\/p>\n<\/p><\/div>\n<input type=\"hidden\" id=\"baseurl\" value=\"https:\/\/noticiasregionais.com.br\"><input type=\"hidden\" id=\"audio_nonce\" value=\"533fbb67b1\">","protected":false},"excerpt":{"rendered":"<p>A soja apresenta alta no Paran\u00e1 e baixa em Paranagu\u00e1; o trigo sofre reajustes<\/p>\n","protected":false},"author":1,"featured_media":12317,"comment_status":"","ping_status":"open","sticky":false,"template":"","format":"standard","meta":{"sfsi_plus_gutenberg_text_before_share":"","sfsi_plus_gutenberg_show_text_before_share":"","sfsi_plus_gutenberg_icon_type":"","sfsi_plus_gutenberg_icon_alignemt":"","sfsi_plus_gutenburg_max_per_row":"","footnotes":""},"categories":[8],"tags":[],"class_list":["post-12316","post","type-post","status-publish","format-standard","has-post-thumbnail","hentry","category-brasil"],"_links":{"self":[{"href":"https:\/\/noticiasregionais.com.br\/index.php?rest_route=\/wp\/v2\/posts\/12316","targetHints":{"allow":["GET"]}}],"collection":[{"href":"https:\/\/noticiasregionais.com.br\/index.php?rest_route=\/wp\/v2\/posts"}],"about":[{"href":"https:\/\/noticiasregionais.com.br\/index.php?rest_route=\/wp\/v2\/types\/post"}],"author":[{"embeddable":true,"href":"https:\/\/noticiasregionais.com.br\/index.php?rest_route=\/wp\/v2\/users\/1"}],"replies":[{"embeddable":true,"href":"https:\/\/noticiasregionais.com.br\/index.php?rest_route=%2Fwp%2Fv2%2Fcomments&post=12316"}],"version-history":[{"count":0,"href":"https:\/\/noticiasregionais.com.br\/index.php?rest_route=\/wp\/v2\/posts\/12316\/revisions"}],"wp:featuredmedia":[{"embeddable":true,"href":"https:\/\/noticiasregionais.com.br\/index.php?rest_route=\/wp\/v2\/media\/12317"}],"wp:attachment":[{"href":"https:\/\/noticiasregionais.com.br\/index.php?rest_route=%2Fwp%2Fv2%2Fmedia&parent=12316"}],"wp:term":[{"taxonomy":"category","embeddable":true,"href":"https:\/\/noticiasregionais.com.br\/index.php?rest_route=%2Fwp%2Fv2%2Fcategories&post=12316"},{"taxonomy":"post_tag","embeddable":true,"href":"https:\/\/noticiasregionais.com.br\/index.php?rest_route=%2Fwp%2Fv2%2Ftags&post=12316"}],"curies":[{"name":"wp","href":"https:\/\/api.w.org\/{rel}","templated":true}]}}