{"id":12318,"date":"2026-01-19T04:15:00","date_gmt":"2026-01-19T07:15:00","guid":{"rendered":"https:\/\/noticiasregionais.com.br\/?p=12318"},"modified":"2026-01-19T04:15:00","modified_gmt":"2026-01-19T07:15:00","slug":"congresso-nacional-retorna-as-atividades-com-ano-mais-curto-devido-as-eleicoes","status":"publish","type":"post","link":"https:\/\/noticiasregionais.com.br\/?p=12318","title":{"rendered":"Congresso Nacional retorna \u00e0s atividades com ano mais curto devido \u00e0s elei\u00e7\u00f5es"},"content":{"rendered":"<p>\t\t\t\t\t\t\t\t\t\t\t<audio controls class=\"b61_audio_player\" data-noticia=\"87138\" src=\"https:\/\/brasil61.com\/rails\/active_storage\/blobs\/eyJfcmFpbHMiOnsibWVzc2FnZSI6IkJBaHBBeXpqQXc9PSIsImV4cCI6bnVsbCwicHVyIjoiYmxvYl9pZCJ9fQ==--88aff9787f2c6c59f3a0c512adbf23595e7539ae\/BRAS2615602A\"><\/audio><\/p>\n<p>O Congresso Nacional retomar\u00e1 suas atividades legislativas em 2 de fevereiro de 2026. A mensagem do presidente da Rep\u00fablica com os projetos priorit\u00e1rios do Executivo para o ano ser\u00e1 lida em solenidade no Plen\u00e1rio da C\u00e2mara. A palavra passa ent\u00e3o para os presidentes do Legislativo: Hugo Motta, da <a href=\"https:\/\/brasil61.com\/noticias\/tag\/camara-dos-deputados\" target=\"_blank\" rel=\"noopener\">C\u00e2mara dos Deputados<\/a>, e Davi Alcolumbre, do <a href=\"https:\/\/brasil61.com\/noticias\/tag\/senado\" target=\"_blank\" rel=\"noopener\">Senado Federal<\/a>.<\/p>\n<p>A legislatura coincide com um ano eleitoral, que deve concentrar as vota\u00e7\u00f5es no primeiro semestre. Temas estrat\u00e9gicos como seguran\u00e7a p\u00fablica, regula\u00e7\u00e3o do trabalho por aplicativos, marco da intelig\u00eancia artificial e outras pautas em debate desde o ano passado, se n\u00e3o aprovadas para julho \u2013 in\u00edcio informal das campanhas eleitorais \u2013, s\u00f3 ser\u00e3o retomados em outubro, ap\u00f3s o primeiro turno das elei\u00e7\u00f5es.<\/p>\n<p>Entre os principais temas que ficaram para vota\u00e7\u00e3o em 2026 est\u00e3o v\u00e1rias quest\u00f5es consideradas de grande impacto. Na \u00e1rea de seguran\u00e7a p\u00fablica, a PEC da Seguran\u00e7a P\u00fablica (<a href=\"https:\/\/www.camara.leg.br\/proposicoesWeb\/fichadetramitacao?idProposicao=2500080\" target=\"_blank\" rel=\"noopener\">PEC 18\/2025<\/a>) \u2014 que prop\u00f5e a cria\u00e7\u00e3o de um Sistema \u00danico de Seguran\u00e7a P\u00fablica \u2014 e o PL Antifac\u00e7\u00e3o (<a href=\"https:\/\/www25.senado.leg.br\/web\/atividade\/materias\/-\/materia\/171725\" target=\"_blank\" rel=\"noopener\">PL 5582\/2025<\/a>) \u2014 para endurecer o combate \u00e0 criminalidade organizada \u2014 s\u00e3o as apostas do governo federal para mostrar a\u00e7\u00f5es concretas aos eleitores no enfrentamento \u00e0 fac\u00e7\u00f5es e devem voltar \u00e0 pauta, ap\u00f3s resist\u00eancias e disputas pol\u00edticas que atrasaram o andamento das mat\u00e9rias.<\/p>\n<p>Na \u00e1rea trabalhista e tecnol\u00f3gica, a PEC da Jornada 6\u00d71 (<a href=\"https:\/\/www.camara.leg.br\/proposicoesWeb\/fichadetramitacao?idProposicao=2485341\" target=\"_blank\" rel=\"noopener\">PEC 8\/2025<\/a>), que discute redu\u00e7\u00e3o da carga hor\u00e1ria de trabalho, e o projeto de regulamenta\u00e7\u00e3o do trabalho por aplicativos (<a href=\"https:\/\/www.camara.leg.br\/proposicoesWeb\/fichadetramitacao?idProposicao=2537739\" target=\"_blank\" rel=\"noopener\">PLP 152\/2025<\/a>), geram impasse entre parlamentares, setor produtivo, \u00a0representantes de plataformas e trabalhadores.<\/p>\n<h2>Sabatina e CPIs<\/h2>\n<p>O <a href=\"https:\/\/www.gov.br\/agu\/pt-br\" target=\"_blank\" rel=\"noopener\">Advogado-Geral da Uni\u00e3o<\/a>, Jorge Messias, ainda aguarda a sabatina de senadores para o cargo de ministro do <a href=\"https:\/\/brasil61.com\/noticias\/tag\/stf\" target=\"_blank\" rel=\"noopener\">Supremo Tribunal Federal<\/a>. Ele foi o indicado do presidente Lula para ocupar a vaga deixada por Lu\u00eds Roberto Barroso, que decidiu se aposentar em outubro do ano passado, 8 anos antes dos 70 anos de idade, como determina a Constitui\u00e7\u00e3o.<\/p>\n<p>O nome de Messias tem que ser aprovado pela <a href=\"https:\/\/legis.senado.leg.br\/comissoes\/comissao?codcol=34\" target=\"_blank\" rel=\"noopener\">Comiss\u00e3o de Constitui\u00e7\u00e3o e Justi\u00e7a (CCJ)<\/a> do Senado e ent\u00e3o pelo plen\u00e1rio da casa. Na CCJ, a aprova\u00e7\u00e3o \u00e9 por maioria simples, ou seja, desde que os votos favor\u00e1veis superem os negativos dentre os presentes. J\u00e1 no plen\u00e1rio, \u00e9 necess\u00e1rio maioria absoluta: 41 senadores a favor da indica\u00e7\u00e3o.<\/p>\n<p>Nos pr\u00f3ximos meses h\u00e1 ainda o desfecho de comiss\u00f5es parlamentares de inqu\u00e9rito. As principais s\u00e3o a <a href=\"https:\/\/legis.senado.leg.br\/atividade\/comissoes\/comissao\/2793\" target=\"_blank\" rel=\"noopener\">CPI do Crime Organizado<\/a>, que investiga o tamanho de fac\u00e7\u00f5es e busca maneiras de combater esses grupos, e a <a href=\"https:\/\/legis.senado.leg.br\/atividade\/comissoes\/comissao\/2794\" target=\"_blank\" rel=\"noopener\">CPMI do INSS<\/a>, que apura descontos ilegais nos benef\u00edcios de aposentados e pensionistas.<\/p>\n<p>\t\t\t\t\t\t\t\t\t\t<img decoding=\"async\" src=\"https:\/\/brasil61.com\/api\/v1\/serve_pixel\/22254\/87138\" alt=\"Pixel Brasil 61\" class=\"b61_pixel\" width=\"0\" height=\"0\"><\/p>\n<div class=\"br61_backlink\">\n<p>\n\t\t\t\tFonte: <a href=\"https:\/\/brasil61.com\/congresso-nacional-retorna-as-atividades-com-ano-mais-curto-devido-as-eleicoes-bras2615602\" title=\"Artigo Original: Congresso Nacional retorna \u00e0s atividades com ano mais curto devido \u00e0s elei\u00e7\u00f5es\" target=\"_blank\" rel=\"noopener\">Brasil 61<\/a>\n\t\t\t<\/p>\n<\/p><\/div>\n<input type=\"hidden\" id=\"baseurl\" value=\"https:\/\/noticiasregionais.com.br\"><input type=\"hidden\" id=\"audio_nonce\" value=\"5c13e0637f\">","protected":false},"excerpt":{"rendered":"<p>Sess\u00e3o conjunta em 2 de fevereiro marca prioridades do Executivo e rito tradicional no Legislativo<\/p>\n","protected":false},"author":1,"featured_media":12319,"comment_status":"","ping_status":"open","sticky":false,"template":"","format":"standard","meta":{"sfsi_plus_gutenberg_text_before_share":"","sfsi_plus_gutenberg_show_text_before_share":"","sfsi_plus_gutenberg_icon_type":"","sfsi_plus_gutenberg_icon_alignemt":"","sfsi_plus_gutenburg_max_per_row":"","footnotes":""},"categories":[8],"tags":[],"class_list":["post-12318","post","type-post","status-publish","format-standard","has-post-thumbnail","hentry","category-brasil"],"_links":{"self":[{"href":"https:\/\/noticiasregionais.com.br\/index.php?rest_route=\/wp\/v2\/posts\/12318","targetHints":{"allow":["GET"]}}],"collection":[{"href":"https:\/\/noticiasregionais.com.br\/index.php?rest_route=\/wp\/v2\/posts"}],"about":[{"href":"https:\/\/noticiasregionais.com.br\/index.php?rest_route=\/wp\/v2\/types\/post"}],"author":[{"embeddable":true,"href":"https:\/\/noticiasregionais.com.br\/index.php?rest_route=\/wp\/v2\/users\/1"}],"replies":[{"embeddable":true,"href":"https:\/\/noticiasregionais.com.br\/index.php?rest_route=%2Fwp%2Fv2%2Fcomments&post=12318"}],"version-history":[{"count":0,"href":"https:\/\/noticiasregionais.com.br\/index.php?rest_route=\/wp\/v2\/posts\/12318\/revisions"}],"wp:featuredmedia":[{"embeddable":true,"href":"https:\/\/noticiasregionais.com.br\/index.php?rest_route=\/wp\/v2\/media\/12319"}],"wp:attachment":[{"href":"https:\/\/noticiasregionais.com.br\/index.php?rest_route=%2Fwp%2Fv2%2Fmedia&parent=12318"}],"wp:term":[{"taxonomy":"category","embeddable":true,"href":"https:\/\/noticiasregionais.com.br\/index.php?rest_route=%2Fwp%2Fv2%2Fcategories&post=12318"},{"taxonomy":"post_tag","embeddable":true,"href":"https:\/\/noticiasregionais.com.br\/index.php?rest_route=%2Fwp%2Fv2%2Ftags&post=12318"}],"curies":[{"name":"wp","href":"https:\/\/api.w.org\/{rel}","templated":true}]}}