{"id":12322,"date":"2026-01-19T04:30:00","date_gmt":"2026-01-19T07:30:00","guid":{"rendered":"https:\/\/noticiasregionais.com.br\/?p=12322"},"modified":"2026-01-19T04:30:00","modified_gmt":"2026-01-19T07:30:00","slug":"seguro-rural-fecha-2025-com-32-milhoes-de-hectares-segurados-pior-desempenho-em-10-anos","status":"publish","type":"post","link":"https:\/\/noticiasregionais.com.br\/?p=12322","title":{"rendered":"Seguro Rural fecha 2025 com 3,2 milh\u00f5es de hectares segurados, pior desempenho em 10 anos"},"content":{"rendered":"<p>\t\t\t\t\t\t\t\t\t\t\t<audio controls class=\"b61_audio_player\" data-noticia=\"87137\" src=\"https:\/\/brasil61.com\/rails\/active_storage\/blobs\/eyJfcmFpbHMiOnsibWVzc2FnZSI6IkJBaHBBeW5qQXc9PSIsImV4cCI6bnVsbCwicHVyIjoiYmxvYl9pZCJ9fQ==--aa9572c8a69ca6d878eed56073623760f8888de8\/BRAS2615601A\"><\/audio><\/p>\n<p>As trag\u00e9dias clim\u00e1ticas s\u00e3o mais frequentes e intensas no Brasil. O <a href=\"https:\/\/www.gov.br\/cemaden\/pt-br\" target=\"_blank\" rel=\"noopener\">Centro Nacional de Monitoramento e Desastres Naturais (Cemaden)<\/a> recebe alertas desde 2011, mas foi nos \u00faltimos 6 anos, desde 2020, que os registros dispararam.\u00a0<\/p>\n<p>No ano passado, foram 2.505 alertas, enquanto o recorde hist\u00f3rico foi em 2024, com 3.620. Esses eventos s\u00e3o sentidos na pele pelos brasileiros, como foi o caso das <a href=\"https:\/\/brasil61.com\/n\/rs-enchentes-comprometem-fertilidade-do-solo-e-deixarao-algumas-lavouras-irrecuperaveis-apontam-especialistas-bras2411700\" target=\"_blank\" rel=\"noopener\">enchentes no Rio Grande do Sul<\/a> ou a <a href=\"https:\/\/brasil61.com\/n\/seis-cidades-do-amazonas-afetadas-pela-estiagem-obtem-o-reconhecimento-federal-de-situacao-de-emergencia-pmdr242675\" target=\"_blank\" rel=\"noopener\">seca no Amazonas<\/a>.<\/p>\n<p>Nesse cen\u00e1rio de incertezas clim\u00e1ticas, o agroneg\u00f3cio brasileiro \u00e9 um dos setores produtivos mais prejudicados. O clima \u00e9 o principal fator de risco para a atividade, que sofre n\u00e3o apenas com a varia\u00e7\u00e3o das precipita\u00e7\u00f5es e picos de temperaturas, mas tamb\u00e9m com eventos extremos que destroem lavouras e matam rebanhos inteiros num piscar de olhos.<\/p>\n<p>Para piorar essa situa\u00e7\u00e3o, a principal pol\u00edtica de securitiza\u00e7\u00e3o do campo est\u00e1 cada vez mais fr\u00e1gil. O <a href=\"https:\/\/www.gov.br\/agricultura\/pt-br\/assuntos\/riscos-seguro\/seguro-rural\" target=\"_blank\" rel=\"noopener\">Programa de Subven\u00e7\u00e3o ao Pr\u00eamio do Seguro Rural (PSR)<\/a> teve o pior desempenho em \u00e1rea coberta nos \u00faltimos 10 anos. Foram 3,2 milh\u00f5es de hectares assegurados em 2025, uma queda de 54,8% em rela\u00e7\u00e3o aos 7,09 milh\u00f5es de hectares cobertos em 2024.<\/p>\n<p>\u201cT\u00ednhamos uma \u00e1rea de entorno segurada em torno de 30% em 2021 e essa \u00e1rea deve fechar 2025 com apenas 5%. Algo muito pequeno perto do potencial que o Brasil tem para fazer a prote\u00e7\u00e3o e a mitiga\u00e7\u00e3o de risco\u201d, lamentou Bruno Lucchi, diretor t\u00e9cnico da <a href=\"https:\/\/www.cnabrasil.org.br\/\" target=\"_blank\" rel=\"noopener\">Confedera\u00e7\u00e3o da Agricultura e Pecu\u00e1ria do Brasil (CNA)<\/a>.<\/p>\n<h2>PSR 2026<\/h2>\n<p>O PSR oferece ao agricultor a oportunidade de segurar a produ\u00e7\u00e3o com custo reduzido, por meio de subs\u00eddios do governo federal \u00e0s companhias de seguro. Com esse financiamento, os propriet\u00e1rios conseguem contratar ap\u00f3lices a pre\u00e7o mais baixo do que o praticado pelo mercado.<\/p>\n<p>Diante das \u00faltimas decis\u00f5es pol\u00edticas, o ano de 2026 n\u00e3o deve ser de recupera\u00e7\u00e3o para o programa. Na\u00a0<a href=\"https:\/\/brasil61.com\/n\/loa-sancionada-pelo-governo-preve-r-6-54-trilhoes-em-orcamento-da-uniao-bras2615577\" target=\"_blank\" rel=\"noopener\">Lei Or\u00e7ament\u00e1ria Anual (LOA) sancionada esta semana<\/a>, est\u00e1 destinado R$1,01 bilh\u00e3o para a pol\u00edtica, cerca de R$500 milh\u00f5es a menos do que no ano passado. O pedido pelo setor produtivo em ambos os anos foi de R$4 bilh\u00f5es.<\/p>\n<p>Para o governo conseguir cumprir a meta fiscal, acabou cortando quase metade da verba do PSR em 2025. Desta vez, os parlamentares colocaram uma trava na <a href=\"https:\/\/brasil61.com\/n\/ldo-2026-e-sancionada-com-vetos-e-fixa-superavit-de-r-34-2-bilhoes-bras2615482\" target=\"_blank\" rel=\"noopener\">Lei de Diretrizes Or\u00e7ament\u00e1rias (LDO)<\/a> para blindar a ferramenta de bloqueios, mas o presidente Lula, apesar de reconhecer a \u201cboa inten\u00e7\u00e3o\u201d do Legislativo, vetou esse trecho para manter a \u201cflexibilidade da execu\u00e7\u00e3o or\u00e7ament\u00e1ria\u201d.<\/p>\n<p>\u201cVetar o or\u00e7amento do seguro rural \u00e9 simplesmente inaceit\u00e1vel. O seguro \u00e9 prote\u00e7\u00e3o, previsibilidade, \u00e9 estabilidade para quem enfrenta clima, mercado e risco todos os dias. Cortar esses recursos \u00e9 virar as costas para o produtor rural brasileiro\u201d, reclama \u00c1gide Eduardo Meneguette, presidente da <a href=\"https:\/\/www.sistemafaep.org.br\/\" target=\"_blank\" rel=\"noopener\">Federa\u00e7\u00e3o da Agricultura do Estado do Paran\u00e1 (Sistema FAEP)<\/a>.<\/p>\n<h2>Rea\u00e7\u00e3o<\/h2>\n<p>Mesmo no recesso Legislativo, a <a href=\"https:\/\/fpagropecuaria.org.br\/\" target=\"_blank\" rel=\"noopener\">Frente Parlamentar da Agropecu\u00e1ria<\/a> j\u00e1 iniciou a articula\u00e7\u00e3o para derrubar o veto presidencial. A avalia\u00e7\u00e3o \u00e9 de que a retirada da prote\u00e7\u00e3o or\u00e7ament\u00e1ria aumenta a incerteza sobre o financiamento dessas pol\u00edticas, especialmente em um contexto de maior exposi\u00e7\u00e3o do produtor rural a riscos clim\u00e1ticos e econ\u00f4micos e de baixa cobertura do seguro rural no pa\u00eds.<\/p>\n<p>Os vetos devem ser analisados em sess\u00e3o conjunta do Congresso Nacional, em data ainda a ser marcada. Para a derrubada, s\u00e3o necess\u00e1rios 257 votos favor\u00e1veis de deputados e 41 de senadores.<\/p>\n<p>\t\t\t\t\t\t\t\t\t\t<img decoding=\"async\" src=\"https:\/\/brasil61.com\/api\/v1\/serve_pixel\/22254\/87137\" alt=\"Pixel Brasil 61\" class=\"b61_pixel\" width=\"0\" height=\"0\"><\/p>\n<div class=\"br61_backlink\">\n<p>\n\t\t\t\tFonte: <a href=\"https:\/\/brasil61.com\/seguro-rural-fecha-2025-com-3-2-milhoes-de-hectares-segurados-pior-desempenho-em-10-anos-bras2615601\" title=\"Artigo Original: Seguro Rural fecha 2025 com 3,2 milh\u00f5es de hectares segurados, pior desempenho em 10 anos\" target=\"_blank\" rel=\"noopener\">Brasil 61<\/a>\n\t\t\t<\/p>\n<\/p><\/div>\n<input type=\"hidden\" id=\"baseurl\" value=\"https:\/\/noticiasregionais.com.br\"><input type=\"hidden\" id=\"audio_nonce\" value=\"5c13e0637f\">","protected":false},"excerpt":{"rendered":"<p>Or\u00e7amento para a pol\u00edtica \u00e9 menor do que no ano passado e Lula veta trecho que proibia cortes de verbas<\/p>\n","protected":false},"author":1,"featured_media":12323,"comment_status":"","ping_status":"open","sticky":false,"template":"","format":"standard","meta":{"sfsi_plus_gutenberg_text_before_share":"","sfsi_plus_gutenberg_show_text_before_share":"","sfsi_plus_gutenberg_icon_type":"","sfsi_plus_gutenberg_icon_alignemt":"","sfsi_plus_gutenburg_max_per_row":"","footnotes":""},"categories":[8],"tags":[],"class_list":["post-12322","post","type-post","status-publish","format-standard","has-post-thumbnail","hentry","category-brasil"],"_links":{"self":[{"href":"https:\/\/noticiasregionais.com.br\/index.php?rest_route=\/wp\/v2\/posts\/12322","targetHints":{"allow":["GET"]}}],"collection":[{"href":"https:\/\/noticiasregionais.com.br\/index.php?rest_route=\/wp\/v2\/posts"}],"about":[{"href":"https:\/\/noticiasregionais.com.br\/index.php?rest_route=\/wp\/v2\/types\/post"}],"author":[{"embeddable":true,"href":"https:\/\/noticiasregionais.com.br\/index.php?rest_route=\/wp\/v2\/users\/1"}],"replies":[{"embeddable":true,"href":"https:\/\/noticiasregionais.com.br\/index.php?rest_route=%2Fwp%2Fv2%2Fcomments&post=12322"}],"version-history":[{"count":0,"href":"https:\/\/noticiasregionais.com.br\/index.php?rest_route=\/wp\/v2\/posts\/12322\/revisions"}],"wp:featuredmedia":[{"embeddable":true,"href":"https:\/\/noticiasregionais.com.br\/index.php?rest_route=\/wp\/v2\/media\/12323"}],"wp:attachment":[{"href":"https:\/\/noticiasregionais.com.br\/index.php?rest_route=%2Fwp%2Fv2%2Fmedia&parent=12322"}],"wp:term":[{"taxonomy":"category","embeddable":true,"href":"https:\/\/noticiasregionais.com.br\/index.php?rest_route=%2Fwp%2Fv2%2Fcategories&post=12322"},{"taxonomy":"post_tag","embeddable":true,"href":"https:\/\/noticiasregionais.com.br\/index.php?rest_route=%2Fwp%2Fv2%2Ftags&post=12322"}],"curies":[{"name":"wp","href":"https:\/\/api.w.org\/{rel}","templated":true}]}}