{"id":12336,"date":"2026-01-20T04:30:00","date_gmt":"2026-01-20T07:30:00","guid":{"rendered":"https:\/\/noticiasregionais.com.br\/?p=12336"},"modified":"2026-01-20T04:30:00","modified_gmt":"2026-01-20T07:30:00","slug":"inteligencia-artificial-3-em-cada-10-brasileiros-ja-usaram-ferramentas-para-entender-temas-complexos","status":"publish","type":"post","link":"https:\/\/noticiasregionais.com.br\/?p=12336","title":{"rendered":"Intelig\u00eancia Artificial: 3 em cada 10 brasileiros j\u00e1 usaram ferramentas para entender temas complexos"},"content":{"rendered":"<p>\t\t\t\t\t\t\t\t\t\t\t<audio controls class=\"b61_audio_player\" data-noticia=\"87159\" src=\"https:\/\/brasil61.com\/rails\/active_storage\/blobs\/eyJfcmFpbHMiOnsibWVzc2FnZSI6IkJBaHBBNEhrQXc9PSIsImV4cCI6bnVsbCwicHVyIjoiYmxvYl9pZCJ9fQ==--865e6e7999505b27a2b2474342459a678eaa0d25\/BRAS2615613A\"><\/audio><\/p>\n<p>Com a populariza\u00e7\u00e3o das ferramentas de Intelig\u00eancia Artificial, brasileiros de diferentes perfis t\u00eam recorrido \u00e0 tecnologia para entender temas complexos, como pol\u00edtica, economia e ci\u00eancias\u00a0\u2013\u00a0com 3 em cada 10 brasileiros buscando IA para entender esses assuntos. O diagn\u00f3stico \u00e9 apontado por um <a href=\"https:\/\/www.nexus.fsb.com.br\/estudos-divulgados\/3-em-cada-10-brasileiros-ja-usaram-ia-para-entender-assuntos-mais-complexos-como-politica-economia-e-ciencias\/\" target=\"_blank\" rel=\"noopener\">levantamento <\/a>da <a href=\"https:\/\/www.nexus.fsb.com.br\/\" target=\"_blank\" rel=\"noopener\">Nexus \u2013 Pesquisa e Intelig\u00eancia de Dados<\/a>. O estudo revela maior ades\u00e3o entre jovens da gera\u00e7\u00e3o Z e pessoas com maior renda e escolaridade.<\/p>\n<p>Considerando os jovens da gera\u00e7\u00e3o Z, que compreende a faixa et\u00e1ria de<strong> 18 a 30 anos, 40% j\u00e1 recorreram \u00e0 IA para aprender sobre assuntos pol\u00edticos, \u00a0econ\u00f4micos ou cient\u00edficos considerados mais complexos.\u00a0<\/strong><\/p>\n<p><strong>J\u00e1 entre os <em>baby boomers,<\/em> nascidos entre 1946 e 1964, o cen\u00e1rio \u00e9 oposto \u2013 com apenas 13% relatando esse tipo de uso.\u00a0<\/strong><\/p>\n<h2>Renda e escolaridade<\/h2>\n<p><strong>A pesquisa tamb\u00e9m identificou que aspectos sobre renda e escolaridade dos brasileiros performam de forma diferente no uso de IA.<\/strong><\/p>\n<p>Entre pessoas com ensino superior completo, <strong>39% usam IA para compreender temas complexos. O \u00edndice recua para 32% entre aqueles que t\u00eam ensino m\u00e9dio e para 20% entre os que possuem apenas ensino fundamental.\u00a0<\/strong><\/p>\n<p>O padr\u00e3o se repete na segmenta\u00e7\u00e3o por renda \u2013 co<strong>m 39% daqueles que ganham mais de cinco sal\u00e1rios m\u00ednimos citando uso de IA para esse fim, contra 22% entre quem recebe at\u00e9 um sal\u00e1rio m\u00ednimo.\u00a0<\/strong><\/p>\n<h2>Sa\u00fade, bem-estar e produtividade<\/h2>\n<p>A tecnologia tamb\u00e9m foi mencionada como suporte \u00a0para decis\u00f5es relacionadas \u00e0 sa\u00fade e ao bem-estar. A pesquisa da Nexus revela que 29% dos brasileiros se sentiriam confort\u00e1veis em usar IA para esses fins.<\/p>\n<p>Considerando os indiv\u00edduos com renda de at\u00e9 um sal\u00e1rio m\u00ednimo, a aplica\u00e7\u00e3o da IA em sa\u00fade e bem-estar \u00e9 apontada por 34%.<\/p>\n<p><strong>Entre pessoas com ensino superior e renda acima de cinco sal\u00e1rios m\u00ednimos, o uso voltado a trabalho e produtividade \u00e9 mais comum, registrado por 35%.<\/strong><\/p>\n<h2>Metodologia<\/h2>\n<p><strong>A Nexus entrevistou 2.012 cidad\u00e3os com idade a partir de 18 anos, nas 27 Unidades da Federa\u00e7\u00e3o, entre os dias 26 de agosto e 1\u00ba de setembro de 2025, de forma presencial.\u00a0<\/strong><\/p>\n<p>A margem de erro da amostra \u00e9 de dois pontos percentuais, com n\u00edvel de confian\u00e7a de 95%.\u00a0<\/p>\n<p>\t\t\t\t\t\t\t\t\t\t<img decoding=\"async\" src=\"https:\/\/brasil61.com\/api\/v1\/serve_pixel\/22254\/87159\" alt=\"Pixel Brasil 61\" class=\"b61_pixel\" width=\"0\" height=\"0\"><\/p>\n<div class=\"br61_backlink\">\n<p>\n\t\t\t\tFonte: <a href=\"https:\/\/brasil61.com\/inteligencia-artificial-3-em-cada-10-brasileiros-ja-usaram-ferramentas-para-entender-temas-complexos-bras2615613\" title=\"Artigo Original: Intelig\u00eancia Artificial: 3 em cada 10 brasileiros j\u00e1 usaram ferramentas para entender temas complexos\" target=\"_blank\" rel=\"noopener\">Brasil 61<\/a>\n\t\t\t<\/p>\n<\/p><\/div>\n<input type=\"hidden\" id=\"baseurl\" value=\"https:\/\/noticiasregionais.com.br\"><input type=\"hidden\" id=\"audio_nonce\" value=\"5c13e0637f\">","protected":false},"excerpt":{"rendered":"<p>Pesquisa da Nexus aponta que uso \u00e9 mais frequente entre jovens da gera\u00e7\u00e3o Z e pessoas com maior renda e escolaridade<\/p>\n","protected":false},"author":1,"featured_media":12337,"comment_status":"","ping_status":"open","sticky":false,"template":"","format":"standard","meta":{"sfsi_plus_gutenberg_text_before_share":"","sfsi_plus_gutenberg_show_text_before_share":"","sfsi_plus_gutenberg_icon_type":"","sfsi_plus_gutenberg_icon_alignemt":"","sfsi_plus_gutenburg_max_per_row":"","footnotes":""},"categories":[8],"tags":[],"class_list":["post-12336","post","type-post","status-publish","format-standard","has-post-thumbnail","hentry","category-brasil"],"_links":{"self":[{"href":"https:\/\/noticiasregionais.com.br\/index.php?rest_route=\/wp\/v2\/posts\/12336","targetHints":{"allow":["GET"]}}],"collection":[{"href":"https:\/\/noticiasregionais.com.br\/index.php?rest_route=\/wp\/v2\/posts"}],"about":[{"href":"https:\/\/noticiasregionais.com.br\/index.php?rest_route=\/wp\/v2\/types\/post"}],"author":[{"embeddable":true,"href":"https:\/\/noticiasregionais.com.br\/index.php?rest_route=\/wp\/v2\/users\/1"}],"replies":[{"embeddable":true,"href":"https:\/\/noticiasregionais.com.br\/index.php?rest_route=%2Fwp%2Fv2%2Fcomments&post=12336"}],"version-history":[{"count":0,"href":"https:\/\/noticiasregionais.com.br\/index.php?rest_route=\/wp\/v2\/posts\/12336\/revisions"}],"wp:featuredmedia":[{"embeddable":true,"href":"https:\/\/noticiasregionais.com.br\/index.php?rest_route=\/wp\/v2\/media\/12337"}],"wp:attachment":[{"href":"https:\/\/noticiasregionais.com.br\/index.php?rest_route=%2Fwp%2Fv2%2Fmedia&parent=12336"}],"wp:term":[{"taxonomy":"category","embeddable":true,"href":"https:\/\/noticiasregionais.com.br\/index.php?rest_route=%2Fwp%2Fv2%2Fcategories&post=12336"},{"taxonomy":"post_tag","embeddable":true,"href":"https:\/\/noticiasregionais.com.br\/index.php?rest_route=%2Fwp%2Fv2%2Ftags&post=12336"}],"curies":[{"name":"wp","href":"https:\/\/api.w.org\/{rel}","templated":true}]}}