{"id":12342,"date":"2026-01-20T04:40:00","date_gmt":"2026-01-20T07:40:00","guid":{"rendered":"https:\/\/noticiasregionais.com.br\/?p=12342"},"modified":"2026-01-20T04:40:00","modified_gmt":"2026-01-20T07:40:00","slug":"sisu-2026-tem-maior-edicao-da-historia-com-mais-de-274-mil-vagas-em-todo-o-pais","status":"publish","type":"post","link":"https:\/\/noticiasregionais.com.br\/?p=12342","title":{"rendered":"Sisu 2026 tem maior edi\u00e7\u00e3o da hist\u00f3ria com mais de 274 mil vagas em todo o pa\u00eds"},"content":{"rendered":"<p>\t\t\t\t\t\t\t\t\t\t\t<audio controls class=\"b61_audio_player\" data-noticia=\"87151\" src=\"https:\/\/brasil61.com\/rails\/active_storage\/blobs\/eyJfcmFpbHMiOnsibWVzc2FnZSI6IkJBaHBBMy9rQXc9PSIsImV4cCI6bnVsbCwicHVyIjoiYmxvYl9pZCJ9fQ==--14411f372460539ec3f826242a5e0ba73d2800c8\/BRAS2615608A\"><\/audio><\/p>\n<p>O <strong>Minist\u00e9rio da Educa\u00e7\u00e3o<\/strong> (<a href=\"https:\/\/www.gov.br\/mec\/pt-br\" target=\"_blank\" rel=\"noopener\">MEC<\/a>) realiza, desde a segunda-feira, 19 de janeiro, a maior edi\u00e7\u00e3o da hist\u00f3ria do <strong>Sistema de Sele\u00e7\u00e3o Unificada <\/strong>(<a href=\"https:\/\/acessounico.mec.gov.br\/sisu\" target=\"_blank\" rel=\"noopener\">Sisu<\/a>). Ao todo, s\u00e3o mais de 274 mil vagas em 7,3 mil cursos de gradua\u00e7\u00e3o, ofertadas por 136 institui\u00e7\u00f5es p\u00fablicas de educa\u00e7\u00e3o superior em 587 munic\u00edpios brasileiros.<\/p>\n<\/p>\n<p dir=\"ltr\">As inscri\u00e7\u00f5es s\u00e3o gratuitas e podem ser feitas at\u00e9 o dia 23 de janeiro, exclusivamente pelo Portal \u00danico de Acesso ao Ensino Superior. Podem participar candidatos que conclu\u00edram o ensino m\u00e9dio e realizaram uma das tr\u00eas \u00faltimas edi\u00e7\u00f5es do<strong> Exame Nacional do Ensino M\u00e9dio (Enem): 2023, 2024 ou 2025<\/strong>. Notas de treineiros n\u00e3o ser\u00e3o consideradas.<\/p>\n<p dir=\"ltr\">Entre as vagas dispon\u00edveis, mais de <strong>73 mil<\/strong> s\u00e3o destinadas a<strong> cursos presenciais de licenciatura<\/strong>. Os estudantes que optarem por essas forma\u00e7\u00f5es poder\u00e3o se inscrever no programa P\u00e9-de-Meia Licenciaturas, iniciativa do <a href=\"https:\/\/www.gov.br\/mec\/pt-br\" target=\"_blank\" rel=\"noopener\">MEC <\/a>que oferece incentivo financeiro mensal de R$ 1.050. Desse total, R$ 700 podem ser sacados imediatamente, e R$ 350 s\u00e3o depositados em uma poupan\u00e7a, dispon\u00edvel ao estudante que ingressar como professor da rede p\u00fablica at\u00e9 cinco anos ap\u00f3s a conclus\u00e3o do curso. Para participar do programa, \u00e9 necess\u00e1rio ter m\u00e9dia igual ou superior a 650 pontos no Enem, ser aprovado pelo Sisu e efetivar a matr\u00edcula em curso presencial de licenciatura.<\/p>\n<p dir=\"ltr\">Nesta edi\u00e7\u00e3o, o Sisu ter\u00e1 apenas uma etapa de inscri\u00e7\u00e3o, v\u00e1lida para todas as vagas do ano letivo de 2026. O <strong>resultado <\/strong>da chamada regular ser\u00e1 divulgado no dia <strong>29 de janeiro<\/strong>. Os candidatos selecionados dever\u00e3o realizar a matr\u00edcula conforme o cronograma definido pelas institui\u00e7\u00f5es.<\/p>\n<p dir=\"ltr\">O edital do Sisu 2026 trouxe mudan\u00e7as importantes, como a <strong>utiliza\u00e7\u00e3o autom\u00e1tica da melhor m\u00e9dia entre as tr\u00eas \u00faltimas edi\u00e7\u00f5es do Enem, al\u00e9m de ajustes nas regras de a\u00e7\u00f5es afirmativas e reserva de vagas<\/strong>, com o objetivo de ampliar a transpar\u00eancia, a seguran\u00e7a jur\u00eddica e o melhor aproveitamento das vagas ofertadas.<\/p>\n<p>\t\t\t\t\t\t\t\t\t\t<img decoding=\"async\" src=\"https:\/\/brasil61.com\/api\/v1\/serve_pixel\/22254\/87151\" alt=\"Pixel Brasil 61\" class=\"b61_pixel\" width=\"0\" height=\"0\"><\/p>\n<div class=\"br61_backlink\">\n<p>\n\t\t\t\tFonte: <a href=\"https:\/\/brasil61.com\/sisu-2026-tem-maior-edicao-da-historia-com-mais-de-274-mil-vagas-em-todo-o-pais-bras2615608\" title=\"Artigo Original: Sisu 2026 tem maior edi\u00e7\u00e3o da hist\u00f3ria com mais de 274 mil vagas em todo o pa\u00eds\" target=\"_blank\" rel=\"noopener\">Brasil 61<\/a>\n\t\t\t<\/p>\n<\/p><\/div>\n<input type=\"hidden\" id=\"baseurl\" value=\"https:\/\/noticiasregionais.com.br\"><input type=\"hidden\" id=\"audio_nonce\" value=\"533fbb67b1\">","protected":false},"excerpt":{"rendered":"<p>As inscri\u00e7\u00f5es come\u00e7am em 19 de janeiro e seguem at\u00e9 dia 23, com vagas em 136 institui\u00e7\u00f5es p\u00fablicas de ensino superior<\/p>\n","protected":false},"author":1,"featured_media":12343,"comment_status":"","ping_status":"open","sticky":false,"template":"","format":"standard","meta":{"sfsi_plus_gutenberg_text_before_share":"","sfsi_plus_gutenberg_show_text_before_share":"","sfsi_plus_gutenberg_icon_type":"","sfsi_plus_gutenberg_icon_alignemt":"","sfsi_plus_gutenburg_max_per_row":"","footnotes":""},"categories":[8],"tags":[],"class_list":["post-12342","post","type-post","status-publish","format-standard","has-post-thumbnail","hentry","category-brasil"],"_links":{"self":[{"href":"https:\/\/noticiasregionais.com.br\/index.php?rest_route=\/wp\/v2\/posts\/12342","targetHints":{"allow":["GET"]}}],"collection":[{"href":"https:\/\/noticiasregionais.com.br\/index.php?rest_route=\/wp\/v2\/posts"}],"about":[{"href":"https:\/\/noticiasregionais.com.br\/index.php?rest_route=\/wp\/v2\/types\/post"}],"author":[{"embeddable":true,"href":"https:\/\/noticiasregionais.com.br\/index.php?rest_route=\/wp\/v2\/users\/1"}],"replies":[{"embeddable":true,"href":"https:\/\/noticiasregionais.com.br\/index.php?rest_route=%2Fwp%2Fv2%2Fcomments&post=12342"}],"version-history":[{"count":0,"href":"https:\/\/noticiasregionais.com.br\/index.php?rest_route=\/wp\/v2\/posts\/12342\/revisions"}],"wp:featuredmedia":[{"embeddable":true,"href":"https:\/\/noticiasregionais.com.br\/index.php?rest_route=\/wp\/v2\/media\/12343"}],"wp:attachment":[{"href":"https:\/\/noticiasregionais.com.br\/index.php?rest_route=%2Fwp%2Fv2%2Fmedia&parent=12342"}],"wp:term":[{"taxonomy":"category","embeddable":true,"href":"https:\/\/noticiasregionais.com.br\/index.php?rest_route=%2Fwp%2Fv2%2Fcategories&post=12342"},{"taxonomy":"post_tag","embeddable":true,"href":"https:\/\/noticiasregionais.com.br\/index.php?rest_route=%2Fwp%2Fv2%2Ftags&post=12342"}],"curies":[{"name":"wp","href":"https:\/\/api.w.org\/{rel}","templated":true}]}}