{"id":12346,"date":"2026-01-20T04:50:00","date_gmt":"2026-01-20T07:50:00","guid":{"rendered":"https:\/\/noticiasregionais.com.br\/?p=12346"},"modified":"2026-01-20T04:50:00","modified_gmt":"2026-01-20T07:50:00","slug":"brasil-antenado-familias-do-maranhao-podem-solicitar-instalacao-gratuita-de-kit-parabolica","status":"publish","type":"post","link":"https:\/\/noticiasregionais.com.br\/?p=12346","title":{"rendered":"Brasil Antenado: fam\u00edlias do Maranh\u00e3o podem solicitar instala\u00e7\u00e3o gratuita de kit parab\u00f3lica"},"content":{"rendered":"<p>\t\t\t\t\t\t\t\t\t\t\t<audio controls class=\"b61_audio_player\" data-noticia=\"87164\" src=\"https:\/\/brasil61.com\/rails\/active_storage\/blobs\/eyJfcmFpbHMiOnsibWVzc2FnZSI6IkJBaHBBNFRrQXc9PSIsImV4cCI6bnVsbCwicHVyIjoiYmxvYl9pZCJ9fQ==--f51ee6d6d6c2199b7f3a4c26fd5ad95e56c35bcb\/MCOM260239A\"><\/audio><\/p>\n<p><strong>As fam\u00edlias do Maranh\u00e3o, inscritas no Cad\u00danico<\/strong>, moradoras de regi\u00f5es onde o sinal da TV aberta \u00e9 insuficiente ou inexistente, <strong>podem agendar a instala\u00e7\u00e3o gratuita do kit da nova parab\u00f3lica digital at\u00e9 o dia 13 de mar\u00e7o de 2026<\/strong>. Todo o processo \u00e9 gratuito, incluindo fornecimento dos aparelhos. O \u00fanico pr\u00e9-requisito \u00e9 ter uma televis\u00e3o, que pode ser dos modelos mais antigos.<\/p>\n<p><strong>O agendamento pode ser feito no site <a href=\"http:\/\/brasilantenado.org.br\/\" target=\"_blank\" rel=\"noopener\">brasilantenado.org.br<\/a> ou pelo telefone 0800 729 2404<\/strong> (tamb\u00e9m dispon\u00edvel via WhatsApp).<\/p>\n<p>A a\u00e7\u00e3o de amplia\u00e7\u00e3o do alcance da televis\u00e3o aberta e gratuita no pa\u00eds integra o programa <a href=\"http:\/\/brasilantenado.org.br\/\" target=\"_blank\" rel=\"noopener\">Brasil Antenado<\/a>, iniciativa do <a href=\"https:\/\/www.gov.br\/mcom\/pt-br\" target=\"_blank\" rel=\"noopener\">Minist\u00e9rio das Comunica\u00e7\u00f5es (MCom)<\/a> e da Anatel, executada pela Entidade Administradora da Faixa (EAF). Desde o in\u00edcio do programa, 220 mil fam\u00edlias de baixa renda j\u00e1 foram beneficiadas. E, <strong>at\u00e9 junho de 2026, a previs\u00e3o \u00e9 chegar a 671 mil fam\u00edlias<\/strong>, de 323 munic\u00edpios, em 16 estados.\u00a0<\/p>\n<p>Wilson Wellisch, secret\u00e1rio de Radiodifus\u00e3o do MCom, explica que o programa est\u00e1 inserido numa s\u00e9rie de processos para a digitaliza\u00e7\u00e3o da televis\u00e3o brasileira iniciados em 2006, quando a transi\u00e7\u00e3o da TV Anal\u00f3gica para a TV Digital virou lei.\u00a0<\/p>\n<p>\u201cO processo foi muito bem sucedido. No come\u00e7o, a digitaliza\u00e7\u00e3o chegou \u00e0s cidades maiores: capitais e cidades litor\u00e2neas. A gente teve mais de 66% da popula\u00e7\u00e3o brasileira atingida, com programas, inclusive de pol\u00edticas p\u00fablicas, incentivando essa digitaliza\u00e7\u00e3o. Depois, a gente teve outra etapa, que foi levar a TV Digital para aqueles lugares onde n\u00e3o havia nenhum sinal digital, s\u00f3 sinais anal\u00f3gicos\u201d, disse o secret\u00e1rio.\u00a0<\/p>\n<p>Wellisch afirma que o Brasil Antenado foi inserido do Novo PAC para levar a TV Digital aos munic\u00edpios com baixo \u00edndice de digitaliza\u00e7\u00e3o. E que todo o processo nacional deve ser conclu\u00eddo no prazo.\u00a0<\/p>\n<p><strong>Lista de munic\u00edpios\u00a0<\/strong><\/p>\n<p>No Maranh\u00e3o, 46 munic\u00edpios est\u00e3o aptos a solicitar os kits. S\u00e3o eles:\u00a0<\/p>\n<p>\u25cf\u00a0\u00a0 \u00a0Afonso Cunha<br \/>\n\u25cf\u00a0\u00a0 \u00a0Apicum-A\u00e7u<br \/>\n\u25cf\u00a0\u00a0 \u00a0Arame<br \/>\n\u25cf\u00a0\u00a0 \u00a0Bacuri<br \/>\n\u25cf\u00a0\u00a0 \u00a0Benedito Leite<br \/>\n\u25cf\u00a0\u00a0 \u00a0Cantanhede<br \/>\n\u25cf\u00a0\u00a0 \u00a0Centro Novo do Maranh\u00e3o<br \/>\n\u25cf\u00a0\u00a0 \u00a0Chapadinha<br \/>\n\u25cf\u00a0\u00a0 \u00a0Feira Nova do Maranh\u00e3o<br \/>\n\u25cf\u00a0\u00a0 \u00a0Fernando Falc\u00e3o<br \/>\n\u25cf\u00a0\u00a0 \u00a0Formosa da Serra Negra<br \/>\n\u25cf\u00a0\u00a0 \u00a0Fortaleza dos Nogueiras<br \/>\n\u25cf\u00a0\u00a0 \u00a0Fortuna<br \/>\n\u25cf\u00a0\u00a0 \u00a0Itaipava do Graja\u00fa<br \/>\n\u25cf\u00a0\u00a0 \u00a0Jatob\u00e1<br \/>\n\u25cf\u00a0\u00a0 \u00a0Jenipapo dos Vieiras<br \/>\n\u25cf\u00a0\u00a0 \u00a0Lagoa do Mato<br \/>\n\u25cf\u00a0\u00a0 \u00a0Lajeado Novo<br \/>\n\u25cf\u00a0\u00a0 \u00a0Loreto<br \/>\n\u25cf\u00a0\u00a0 \u00a0Maraj\u00e1 do Sena<br \/>\n\u25cf\u00a0\u00a0 \u00a0Mirador<br \/>\n\u25cf\u00a0\u00a0 \u00a0Nova Colinas<br \/>\n\u25cf\u00a0\u00a0 \u00a0Nova Iorque<br \/>\n\u25cf\u00a0\u00a0 \u00a0Paraibano<br \/>\n\u25cf\u00a0\u00a0 \u00a0Parnarama<br \/>\n\u25cf\u00a0\u00a0 \u00a0Pastos Bons<br \/>\n\u25cf\u00a0\u00a0 \u00a0Paulino Neves<br \/>\n\u25cf\u00a0\u00a0 \u00a0Pedro do Ros\u00e1rio<br \/>\n\u25cf\u00a0\u00a0 \u00a0Pirapemas<br \/>\n\u25cf\u00a0\u00a0 \u00a0Porto Rico do Maranh\u00e3o<br \/>\n\u25cf\u00a0\u00a0 \u00a0Riach\u00e3o<br \/>\n\u25cf\u00a0\u00a0 \u00a0Samba\u00edba<br \/>\n\u25cf\u00a0\u00a0 \u00a0Santa Filomena do Maranh\u00e3o<br \/>\n\u25cf\u00a0\u00a0 \u00a0Santana do Maranh\u00e3o<br \/>\n\u25cf\u00a0\u00a0 \u00a0Santo Amaro do Maranh\u00e3o<br \/>\n\u25cf\u00a0\u00a0 \u00a0S\u00e3o Domingos do Azeit\u00e3o<br \/>\n\u25cf\u00a0\u00a0 \u00a0S\u00e3o F\u00e9lix de Balsas<br \/>\n\u25cf\u00a0\u00a0 \u00a0S\u00e3o Pedro dos Crentes<br \/>\n\u25cf\u00a0\u00a0 \u00a0S\u00e3o Raimundo das Mangabeiras<br \/>\n\u25cf\u00a0\u00a0 \u00a0S\u00e3o Raimundo do Doca Bezerra<br \/>\n\u25cf\u00a0\u00a0 \u00a0S\u00e3o Roberto<br \/>\n\u25cf\u00a0\u00a0 \u00a0Serrano do Maranh\u00e3o<br \/>\n\u25cf\u00a0\u00a0 \u00a0S\u00edtio Novo<br \/>\n\u25cf\u00a0\u00a0 \u00a0Sucupira do Norte<br \/>\n\u25cf\u00a0\u00a0 \u00a0Tasso Fragoso<br \/>\n\u25cf\u00a0\u00a0 \u00a0Turia\u00e7u<\/p>\n<p><strong>Repercuss\u00e3o no estado<\/strong><\/p>\n<p>\u201cPara n\u00f3s, que somos da ro\u00e7a e temos pouca condi\u00e7\u00e3o, receber uma antena ajuda muito. \u00c9 uma alegria grande para toda a fam\u00edlia\u201d, comemorou a lavradora Natalina Maria de Sousa Santos, que recebeu a nova parab\u00f3lica digital em casa.\u00a0<\/p>\n<p>Moradora do munic\u00edpio de Loreto, a lavradora conta que a mudan\u00e7a impactou diretamente a rotina da fam\u00edlia. \u201cQuando fiquei sabendo atrav\u00e9s do pessoal da prefeitura e tamb\u00e9m do mo\u00e7o que passou aqui na comunidade avisando, fui atr\u00e1s pra saber direitinho. Eu gosto muito de assistir ao jornal, \u00e0s missas e \u00e0s novelas da noite. Aqui em casa, quando todo mundo t\u00e1 junto, a gente gosta mesmo \u00e9 de assistir \u00e0 novela e aqueles programas mais antigos. A gente senta, conversa e assiste a tudo junto.\u201d<\/p>\n<p>Natalina disse, ainda, que est\u00e1 muito feliz. \u201cMudou muita coisa. Agora, a imagem t\u00e1 limpinha, o som bom, n\u00e3o fica mais chiando, nem &#8216;cortando&#8217;. E tudo de gra\u00e7a!\u201d. E acrescentou: \u201cAntes da nova antena chegar era dif\u00edcil, quando chovia n\u00e3o dava para ver nada. Melhorou demais. Eu s\u00f3 tenho a agradecer\u201d.<\/p>\n<p><strong>Brasil Antenado<\/strong><\/p>\n<p>Viabilizado a partir da portaria MCom n\u00ba\u202f17.337, de 7 de abril de 2025, o programa tem por objetivos assegurar o acesso \u00e0 informa\u00e7\u00e3o como direito fundamental, principalmente em regi\u00f5es com sinal insuficiente, e promover transforma\u00e7\u00e3o estrutural no acesso \u00e0 televis\u00e3o aberta e gratuita.\u00a0<\/p>\n<p>O atendimento nos territ\u00f3rios foi dividido por fases:\u00a0<\/p>\n<p>Fase A (14\/07\u201313\/12\/25): 77 munic\u00edpios, em 6 estados (MA, PI, PA, CE, RN e PE) mais de 220 mil fam\u00edlias aptas. \u2013 Conclu\u00edda\u00a0<br \/>\nFase B (13\/10\/2025 &#8211; 13\/03\/2026): 138 munic\u00edpios, em 5 estados (TO, PA, RR, PI, MA) &#8211; mais de 229 mil fam\u00edlias aptas.<br \/>\nFase C (12\/01\/2026 &#8211; 13\/06\/2026): 108 cidades, em 8 estados (ES, MG, GO, BA, MT, MS, RO, RS), sendo mais de 222 mil fam\u00edlias aptas.<\/p>\n<p><strong>Sobre a EAF<\/strong><\/p>\n<p>A Entidade Administradora da Faixa (EAF) \u00e9 uma institui\u00e7\u00e3o sem fins lucrativos criada por determina\u00e7\u00e3o da Anatel e vinculada ao Minist\u00e9rio das Comunica\u00e7\u00f5es. Entre suas atribui\u00e7\u00f5es est\u00e3o a limpeza da faixa de 3.5 GHz, essencial para a opera\u00e7\u00e3o do 5G no pa\u00eds; a execu\u00e7\u00e3o dos programas Siga Antenado e Brasil Antenado; a implanta\u00e7\u00e3o das infovias na Regi\u00e3o Amaz\u00f4nica, para expandir a infraestrutura de telecomunica\u00e7\u00f5es no Norte do Brasil; e o desenvolvimento das redes privativas de comunica\u00e7\u00e3o para o Governo do Brasil.<\/p>\n<p>\t\t\t\t\t\t\t\t\t\t<img decoding=\"async\" src=\"https:\/\/brasil61.com\/api\/v1\/serve_pixel\/22254\/87164\" alt=\"Pixel Brasil 61\" class=\"b61_pixel\" width=\"0\" height=\"0\"><\/p>\n<div class=\"br61_backlink\">\n<p>\n\t\t\t\tFonte: <a href=\"https:\/\/brasil61.com\/brasil-antenado-familias-do-maranhao-podem-solicitar-instalacao-gratuita-de-kit-parabolica-mcom260239\" title=\"Artigo Original: Brasil Antenado: fam\u00edlias do Maranh\u00e3o podem solicitar instala\u00e7\u00e3o gratuita de kit parab\u00f3lica\" target=\"_blank\" rel=\"noopener\">Brasil 61<\/a>\n\t\t\t<\/p>\n<\/p><\/div>\n<input type=\"hidden\" id=\"baseurl\" value=\"https:\/\/noticiasregionais.com.br\"><input type=\"hidden\" id=\"audio_nonce\" value=\"533fbb67b1\">","protected":false},"excerpt":{"rendered":"<p>Agendamentos v\u00e3o at\u00e9 o dia 13 de mar\u00e7o. J\u00e1 foram beneficiadas 220 mil fam\u00edlias de baixa renda<\/p>\n","protected":false},"author":1,"featured_media":12347,"comment_status":"","ping_status":"open","sticky":false,"template":"","format":"standard","meta":{"sfsi_plus_gutenberg_text_before_share":"","sfsi_plus_gutenberg_show_text_before_share":"","sfsi_plus_gutenberg_icon_type":"","sfsi_plus_gutenberg_icon_alignemt":"","sfsi_plus_gutenburg_max_per_row":"","footnotes":""},"categories":[8],"tags":[],"class_list":["post-12346","post","type-post","status-publish","format-standard","has-post-thumbnail","hentry","category-brasil"],"_links":{"self":[{"href":"https:\/\/noticiasregionais.com.br\/index.php?rest_route=\/wp\/v2\/posts\/12346","targetHints":{"allow":["GET"]}}],"collection":[{"href":"https:\/\/noticiasregionais.com.br\/index.php?rest_route=\/wp\/v2\/posts"}],"about":[{"href":"https:\/\/noticiasregionais.com.br\/index.php?rest_route=\/wp\/v2\/types\/post"}],"author":[{"embeddable":true,"href":"https:\/\/noticiasregionais.com.br\/index.php?rest_route=\/wp\/v2\/users\/1"}],"replies":[{"embeddable":true,"href":"https:\/\/noticiasregionais.com.br\/index.php?rest_route=%2Fwp%2Fv2%2Fcomments&post=12346"}],"version-history":[{"count":0,"href":"https:\/\/noticiasregionais.com.br\/index.php?rest_route=\/wp\/v2\/posts\/12346\/revisions"}],"wp:featuredmedia":[{"embeddable":true,"href":"https:\/\/noticiasregionais.com.br\/index.php?rest_route=\/wp\/v2\/media\/12347"}],"wp:attachment":[{"href":"https:\/\/noticiasregionais.com.br\/index.php?rest_route=%2Fwp%2Fv2%2Fmedia&parent=12346"}],"wp:term":[{"taxonomy":"category","embeddable":true,"href":"https:\/\/noticiasregionais.com.br\/index.php?rest_route=%2Fwp%2Fv2%2Fcategories&post=12346"},{"taxonomy":"post_tag","embeddable":true,"href":"https:\/\/noticiasregionais.com.br\/index.php?rest_route=%2Fwp%2Fv2%2Ftags&post=12346"}],"curies":[{"name":"wp","href":"https:\/\/api.w.org\/{rel}","templated":true}]}}